{"id":192087,"date":"2014-10-08T00:06:42","date_gmt":"2014-10-08T05:06:42","guid":{"rendered":"http:\/\/www.diarioimagen.net\/?p=192087"},"modified":"2014-10-08T04:20:48","modified_gmt":"2014-10-08T09:20:48","slug":"quien-manda-en-guerrero","status":"publish","type":"post","link":"https:\/\/www.diarioimagen.net\/?p=192087","title":{"rendered":"\u00bfQui\u00e9n manda en Guerrero?"},"content":{"rendered":"<h2>\u00cdndice pol\u00edtico<\/h2>\n<h5>Francisco Rodr\u00edguez<\/h5>\n<p>&nbsp;<\/p>\n<p>Se llama Miguel Ben\u00edtez Palacios. Lo conocen como \u201cEl Oso\u201d. Es el encargado de la plaza de Iguala. Tambi\u00e9n de sus alrededores: Tlacotepec, Apaxtla, Taxco, Buenavista de Cu\u00e9llar, Teloloapan, Huitzuco\u2026 Su segundo es su hermano V\u00edctor Hugo, a quien apodan \u201cEl Tai\u201d.<\/p>\n<p>\u00c9l manda: Tiene a sueldo a todas las polic\u00edas, incluidas las federales. Dicen que su n\u00f3mina semanal, para este efecto, asciende a los 3 millones de pesos. Tiene \u201caceitados\u201d y a sus \u00f3rdenes a \u201clas fuerzas de la ley y el orden\u201d. No se r\u00eda.<\/p>\n<p>\u00c9l manda: Tambi\u00e9n tiene a las \u00f3rdenes a los alcaldes de la zona. Y, por supuesto, al dizque gobernador \u00c1ngel \u201cEl Gordo\u201d Aguirre. As\u00ed le llaman, \u00bfqu\u00e9 quiere usted?<\/p>\n<p>\u201cEl Oso\u201d tiene como fuerza a un peque\u00f1o ej\u00e9rcito, bien pertrechado, de aproximadamente 90 sicarios.<\/p>\n<p>Su fachada es un servicio de lavado de autos en Iguala. Y desde ah\u00ed ha ordenado que sepulten, en cuatro diferentes fosas \u2014dos de ellas en Acapulco\u2014 a sus enemigos, detractores y, mucho se temen las autoridades, a los muchachos desaparecidos que estudiaban en la Normal de Ayotzinapa.<\/p>\n<p>Lo anterior es sabido, desde hace meses, por las autoridades federales, pero\u2026 Yo le seguir\u00e9 informando.<\/p>\n<p style=\"text-align: center;\"><strong>EL M\u00d3VIL, \u00bfLOS AUTOBUSES?<\/strong><\/p>\n<p>El colega Rams\u00e9s Ancira apunta en cinco l\u00edneas cu\u00e1l pudo haber sido el m\u00f3vil del ataque criminal en contra de los j\u00f3venes de la Normal y de un equipo de futbol: los autobuses.<\/p>\n<p>\u201cEsto es una hip\u00f3tesis \u2014se\u00f1ala Ancira en un correo electr\u00f3nico\u2014, pero podr\u00eda ser una l\u00ednea de investigaci\u00f3n \u00bfQu\u00e9 tal si en alguno de los camiones secuestrados por los normalistas hab\u00eda un cargamento de droga escondido y ellos no lo sab\u00edan? Eso podr\u00eda explicar la sa\u00f1a de los polic\u00edas para sacarlos de la comandancia, llevarlos a un sitio y acribillarles y enterrarlos. \u00bfD\u00f3nde est\u00e1n los camiones? Seguir la ruta del dinero es un principio polic\u00edaco\u201d.<\/p>\n<p>Y s\u00ed. \u00bfC\u00f3mo sacan \u201cEl Oso\u201d, sus \u201cGuerreros Unidos\u201d \u2014facci\u00f3n de \u201cLos Rojos\u201d y de lo que queda del c\u00e1rtel de los Beltr\u00e1n Leyva, que tambi\u00e9n operan en Morelos, con el benepl\u00e1cito del gobierno de otro \u201cChucho\u201d, Graco Ram\u00edrez Garrido Abreu\u2014 lo que en el argot llaman \u201cla chiva\u201d \u2014hero\u00edna\u2014 y que tiene como destino Chicago, Illinois?<\/p>\n<p>L\u00ednea de investigaci\u00f3n dice Rams\u00e9s. Concuerdo.<\/p>\n<p style=\"text-align: center;\"><strong>AGUIRRE SE BURLA DE TODOS<\/strong><\/p>\n<p>Lo interesante, en todo caso, es que los actos de lesa humanidad y de horror internacional en que est\u00e1n implicadas las autoridades civiles, militares y polic\u00edacas del estado de Guerrero, pueden confirmar aquel refr\u00e1n a\u00f1ejo que \u201cno hay cosas malas que por bien no vengan\u201d.<\/p>\n<p>Ya hay autoridades federales, ejecutivas, legislativas y judiciales\u200e que tratan de \u201cescurrir el bulto\u201d, diciendo que el caso es dif\u00edcil porque \u201cEl Gordo\u201d Aguirre es un experto en lavar manchas y masacres, \u00a1haya participado o no en ellas!<\/p>\n<p>Y recuerdan los asesinatos del vado de Aguas Blancas, en 1995, cuando por ordenar una matanza de campesinos inermes, fue destituido Rub\u00e9n \u201cEl Ch\u00f3mpiras\u201d Figueroa&#8230; y \u201cEl Gordo\u201d Aguirre, entonces, entr\u00f3 a lavar la masacre y a hacer reinar la impunidad\u200e, no obstante aquella su tierna edad.<\/p>\n<p>Ahora, que la responsabilidad es total, \u00bfse le permitir\u00e1 a este infeliz engatusar \u2014y de este modo, complicitar\u2014 a todos los \u00f3rganos de inteligencia y de seguridad del Estado en el nivel federal?<\/p>\n<p>S\u00ed es as\u00ed, ser\u00eda suficiente como para bajar la cortina, e \u00a1irse pa\u2019 M\u00e9rida, bosch!<\/p>\n<p style=\"text-align: center;\"><strong>Y NEGOCIA SU SALIDA: EL JUNIOR A ACAPULCO<\/strong><\/p>\n<p>Lo peor es que, con el desvergonzado objetivo de \u201cvictimizarse\u201d, el nefasto \u201cGordo\u201d Aguirre, adopt\u00f3 una actitud del \u201cmachito\u201d (que no ha sido durante la incubaci\u00f3n de las varias masacres guerrerenses) y ofrece su renuncia, a cambio de que se esclarezca la matanza de estudiantes en Iguala.<\/p>\n<p>Ya no cabe ni alcanza para compensar la tragedia de las familias y el luto del pa\u00eds. Es una actitud de confort, negociable para que el hijo sea candidato a la alcald\u00eda de Acapulco. \u00a1Qu\u00e9 cachaza!<\/p>\n<p>Cabe el ajuste de cuentas de la justicia y del presupuesto salido de nuestros bolsillos. Cabe el enjuiciamiento p\u00fablico y el castigo ejemplar y merecido por complicitarse con la peor ralea del pa\u00eds (\u00a1y esto es decir!).<\/p>\n<p>Cabe la renuncia exigida por el Congreso y el escarnio internacional, ahora s\u00ed, en favor de los derechos humanos elementales.<\/p>\n<p>Cabe el voto de castigo contra los candidatos y partidos saltimbanquis y oportunistas.<\/p>\n<p>Cabe el alto a los redentores y padres de la patria que apadrinan a estos engendros pol\u00edticos, depredadores y monstruosos.<\/p>\n<p>Cabe el decomiso de lo malhabido, no la c\u00f3moda renuncia negociada.<\/p>\n<p><strong><em>\u00cdndice Flam\u00edgero:<\/em><\/strong> Los lectores guerrerenses del \u00cdndice Pol\u00edtico coinciden: \u00c1ngel Aguirre Rivera es falso compadre de Enrique Pe\u00f1a Nieto, aunque \u00e9l se encargue de propalarlo desde que se trep\u00f3 a la candidatura de \u201clas izquierdas\u201d para hacer pinole a su primo el pri\u00edsta Manuel A\u00f1orve. Uno de ellos \u2014cuyo nombre me reservo para evitarle las consabidas represalias\u2014, me se\u00f1ala a prop\u00f3sito de la urgente necesidad de que EPN env\u00ede a esos caminos del sur a un comisionado \u2014con todo y lo ilegal que tal resulta\u2014 al estilo Michoac\u00e1n, que \u201cpodr\u00eda ser el mexiquense cuasi guerrerense, Luis Enrique Miranda Nava (su padre, Miranda Cardoso es de Tepecoacuilco, tipo Eduardo L\u00f3pez Betancourt, you know?)\u201d. El mismo amigo lector apunta \u201cen cuanto a su otro augurio, sobre un dirigente\u00a0 CDE del PRI (que podr\u00eda ser la carta que los tricolores presenten como su candidato a la gubernatura), sus iniciales son Cuauht\u00e9moc Salgado Romero. Es un joven originario de Ciudad Altamirano, municipio de Pungarabato, colindante con Edomex, por eso \u00e9l se fue a Toluca a estudiar y ah\u00ed conoci\u00f3 a Emilio Chuayffet, de quien fue secretario particular y lo hizo diputado federal por Tierra Caliente y ahora dirigente pri\u00edsta estatal. Muchacho que casi tiene la candidatura en la bolsa para la gubernatura y, si la logra, su triunfo es seguro, pues, las izquierdas tropicales est\u00e1n divididas y de sus 600 mil votos hist\u00f3ricos, el 17% ser\u00e1 para AMLO, el 7% para Dante y el resto para el PRD, por lo que a \u00e9ste no le alcanza para que el ocelote R\u00edos Piter supere los 400 mil votos duros del PRI. + + + El mismo amigo lector qued\u00f3 de platicarnos, m\u00e1s adelante, sobre un encuentro entre el finado Jos\u00e9 Francisco Ruiz Massieu y Georges Soros, para ambos hacer bisnes con la basura y el agua. Quedamos pendientes.<\/p>\n<p><em><a href=\"http:\/\/www.indicepolitico.com\/\" target=\"_blank\">www.indicepolitico.com<\/a><br \/>\n<\/em><em><a href=\"mailto:pacorodriguez@journalist.com\" target=\"_blank\">pacorodriguez@journalist.com<\/a><\/em><\/p>\n","protected":false},"excerpt":{"rendered":"<p><span style=\"color: #005497;\"><strong>Francisco Rodr\u00edguez<\/strong><\/span><\/p>\n","protected":false},"author":3,"featured_media":0,"comment_status":"open","ping_status":"open","sticky":false,"template":"","format":"standard","meta":{"_monsterinsights_skip_tracking":false,"_monsterinsights_sitenote_active":false,"_monsterinsights_sitenote_note":"","_monsterinsights_sitenote_category":0,"footnotes":""},"categories":[549],"tags":[43689,3244,550,43674],"class_list":["post-192087","post","type-post","status-publish","format-standard","hentry","category-francisco-rodriguez","tag-francisco-rodriguez","tag-guerrero","tag-indice-politico","tag-opinion"],"_links":{"self":[{"href":"https:\/\/www.diarioimagen.net\/index.php?rest_route=\/wp\/v2\/posts\/192087","targetHints":{"allow":["GET"]}}],"collection":[{"href":"https:\/\/www.diarioimagen.net\/index.php?rest_route=\/wp\/v2\/posts"}],"about":[{"href":"https:\/\/www.diarioimagen.net\/index.php?rest_route=\/wp\/v2\/types\/post"}],"author":[{"embeddable":true,"href":"https:\/\/www.diarioimagen.net\/index.php?rest_route=\/wp\/v2\/users\/3"}],"replies":[{"embeddable":true,"href":"https:\/\/www.diarioimagen.net\/index.php?rest_route=%2Fwp%2Fv2%2Fcomments&post=192087"}],"version-history":[{"count":0,"href":"https:\/\/www.diarioimagen.net\/index.php?rest_route=\/wp\/v2\/posts\/192087\/revisions"}],"wp:attachment":[{"href":"https:\/\/www.diarioimagen.net\/index.php?rest_route=%2Fwp%2Fv2%2Fmedia&parent=192087"}],"wp:term":[{"taxonomy":"category","embeddable":true,"href":"https:\/\/www.diarioimagen.net\/index.php?rest_route=%2Fwp%2Fv2%2Fcategories&post=192087"},{"taxonomy":"post_tag","embeddable":true,"href":"https:\/\/www.diarioimagen.net\/index.php?rest_route=%2Fwp%2Fv2%2Ftags&post=192087"}],"curies":[{"name":"wp","href":"https:\/\/api.w.org\/{rel}","templated":true}]}}