{"id":192180,"date":"2014-10-08T12:44:53","date_gmt":"2014-10-08T17:44:53","guid":{"rendered":"http:\/\/www.diarioimagen.net\/?p=192180"},"modified":"2014-10-09T04:27:31","modified_gmt":"2014-10-09T09:27:31","slug":"no-se-llevaron-mas-normalistas-porque-ya-no-cabiamos-en-las-patrullas","status":"publish","type":"post","link":"https:\/\/www.diarioimagen.net\/?p=192180","title":{"rendered":"No se llevaron m\u00e1s normalistas \u201cporque ya no cab\u00edamos en las patrullas\u201d"},"content":{"rendered":"<ul>\n<li><em><strong>Un estudiante de la Normal de Ayotzinapa narra a Adela Micha los detalles de la agresi\u00f3n. Niega que haya habido provocaci\u00f3n a polic\u00edas de Iguala<\/strong><\/em><\/li>\n<\/ul>\n<div id=\"attachment_192181\" style=\"width: 250px\" class=\"wp-caption alignleft\"><img loading=\"lazy\" decoding=\"async\" aria-describedby=\"caption-attachment-192181\" class=\"size-medium wp-image-192181\" src=\"http:\/\/www.diarioimagen.net\/wp-content\/uploads\/2014\/10\/PATRULLAS-portal-240x135.jpg\" alt=\"Para el traslado, expone, ten\u00edan a su disposici\u00f3n un microb\u00fas que ya no les sirve, por lo que decidieron retener tres autobuses de una empresa, con el consentimiento de los choferes, mencion\u00f3, a quienes se les da hospedaje, vi\u00e1ticos y alimentos. Es decir, no los obligaron.\" width=\"240\" height=\"135\" srcset=\"https:\/\/www.diarioimagen.net\/wp-content\/uploads\/2014\/10\/PATRULLAS-portal-240x135.jpg 240w, https:\/\/www.diarioimagen.net\/wp-content\/uploads\/2014\/10\/PATRULLAS-portal-420x236.jpg 420w, https:\/\/www.diarioimagen.net\/wp-content\/uploads\/2014\/10\/PATRULLAS-portal-235x132.jpg 235w, https:\/\/www.diarioimagen.net\/wp-content\/uploads\/2014\/10\/PATRULLAS-portal-202x114.jpg 202w, https:\/\/www.diarioimagen.net\/wp-content\/uploads\/2014\/10\/PATRULLAS-portal-350x196.jpg 350w, https:\/\/www.diarioimagen.net\/wp-content\/uploads\/2014\/10\/PATRULLAS-portal-220x123.jpg 220w, https:\/\/www.diarioimagen.net\/wp-content\/uploads\/2014\/10\/PATRULLAS-portal-237x132.jpg 237w, https:\/\/www.diarioimagen.net\/wp-content\/uploads\/2014\/10\/PATRULLAS-portal.jpg 480w\" sizes=\"auto, (max-width: 240px) 100vw, 240px\" \/><p id=\"caption-attachment-192181\" class=\"wp-caption-text\">Para el traslado, expone, ten\u00edan a su disposici\u00f3n un microb\u00fas que ya no les sirve, por lo que decidieron retener tres autobuses de una empresa, con el consentimiento de los choferes, mencion\u00f3, a quienes se les da hospedaje, vi\u00e1ticos y alimentos. Es decir, no los obligaron.<\/p><\/div>\n<p>Marcos es un estudiante de la Escuela Normal Rural \u201cIsidro Burgos\u201d de Ayotzinapa. \u00c9l y otros j\u00f3venes alumnos vivieron el infierno de la matanza y secuestro de muchos de sus compa\u00f1eros aquel fat\u00eddico 26 de septiembre en Iguala, Guerrero.<\/p>\n<p>En una amplia entrevista telef\u00f3nica el estudiante niega que haya habido provocaci\u00f3n a los polic\u00edas ese d\u00eda, que los estudiantes tengan alg\u00fan tipo de relaci\u00f3n con armas o grupos de la delincuencia organizada y asegura con contundencia que sus compa\u00f1eros desaparecidos iban todos vivos y conscientes.<\/p>\n<p>Con un l\u00facido detalle, el muchacho de 20 a\u00f1os y estudiante de tercer grado de la Normal delinea paso a paso las horas aciagas que vivi\u00f3 junto con sus compa\u00f1eros entre la noche del viernes 26 de septiembre y la madrugada del s\u00e1bado 27.<\/p>\n<p>\u201cYa no nos subieron a las patrullas porque ya no cab\u00edamos\u201d, explica, a pregunta expresa de la conductora.<\/p>\n<p>\u00c9l estuvo all\u00ed, vivi\u00f3 en su propia carne la barbarie injustificada, sin motivo aparente seg\u00fan su propia apreciaci\u00f3n.<\/p>\n<p>Explic\u00f3 que \u00e9l y otros 60 \u00f3 70 de sus compa\u00f1eros se trasladaron a Iguala para conseguir apoyos econ\u00f3micos entre la poblaci\u00f3n, de cara a los preparativos para conmemorar el 2 de octubre, una actividad que a\u00f1o con a\u00f1o los lleva a desplazarse a distintas localidades de Guerrero para botear. Y esta vez toc\u00f3 Iguala.<\/p>\n","protected":false},"excerpt":{"rendered":"<p>Marcos es un estudiante de la Escuela Normal Rural \u201cIsidro Burgos\u201d de Ayotzinapa. \u00c9l y otros j\u00f3venes alumnos vivieron el infierno de la matanza y secuestro de muchos de sus compa\u00f1eros aquel fat\u00eddico 26 de septiembre en Iguala, Guerrero.<\/p>\n","protected":false},"author":5,"featured_media":192181,"comment_status":"open","ping_status":"open","sticky":false,"template":"","format":"standard","meta":{"_monsterinsights_skip_tracking":false,"_monsterinsights_sitenote_active":false,"_monsterinsights_sitenote_note":"","_monsterinsights_sitenote_category":0,"footnotes":""},"categories":[17,3],"tags":[3244,11674],"class_list":["post-192180","post","type-post","status-publish","format-standard","has-post-thumbnail","hentry","category-especiales","category-nacional","tag-guerrero","tag-iguala"],"_links":{"self":[{"href":"https:\/\/www.diarioimagen.net\/index.php?rest_route=\/wp\/v2\/posts\/192180","targetHints":{"allow":["GET"]}}],"collection":[{"href":"https:\/\/www.diarioimagen.net\/index.php?rest_route=\/wp\/v2\/posts"}],"about":[{"href":"https:\/\/www.diarioimagen.net\/index.php?rest_route=\/wp\/v2\/types\/post"}],"author":[{"embeddable":true,"href":"https:\/\/www.diarioimagen.net\/index.php?rest_route=\/wp\/v2\/users\/5"}],"replies":[{"embeddable":true,"href":"https:\/\/www.diarioimagen.net\/index.php?rest_route=%2Fwp%2Fv2%2Fcomments&post=192180"}],"version-history":[{"count":0,"href":"https:\/\/www.diarioimagen.net\/index.php?rest_route=\/wp\/v2\/posts\/192180\/revisions"}],"wp:featuredmedia":[{"embeddable":true,"href":"https:\/\/www.diarioimagen.net\/index.php?rest_route=\/wp\/v2\/media\/192181"}],"wp:attachment":[{"href":"https:\/\/www.diarioimagen.net\/index.php?rest_route=%2Fwp%2Fv2%2Fmedia&parent=192180"}],"wp:term":[{"taxonomy":"category","embeddable":true,"href":"https:\/\/www.diarioimagen.net\/index.php?rest_route=%2Fwp%2Fv2%2Fcategories&post=192180"},{"taxonomy":"post_tag","embeddable":true,"href":"https:\/\/www.diarioimagen.net\/index.php?rest_route=%2Fwp%2Fv2%2Ftags&post=192180"}],"curies":[{"name":"wp","href":"https:\/\/api.w.org\/{rel}","templated":true}]}}