{"id":192215,"date":"2014-10-09T00:06:47","date_gmt":"2014-10-09T05:06:47","guid":{"rendered":"http:\/\/www.diarioimagen.net\/?p=192215"},"modified":"2014-10-10T04:48:23","modified_gmt":"2014-10-10T09:48:23","slug":"estado-de-mexico-primera-entidad-libre-de-paludismo","status":"publish","type":"post","link":"https:\/\/www.diarioimagen.net\/?p=192215","title":{"rendered":"Estado de M\u00e9xico, primera entidad libre de paludismo"},"content":{"rendered":"<ul>\n<li><strong><em>Al inaugurar el Centro de Salud de Los Reyes, el gobernador dijo que en la Semana Nacional de Vacunaci\u00f3n se aplicar\u00e1n 1.4 millones de dosis <\/em><\/strong><\/li>\n<\/ul>\n<div id=\"attachment_192275\" style=\"width: 250px\" class=\"wp-caption alignleft\"><a href=\"http:\/\/www.diarioimagen.net\/wp-content\/uploads\/2014\/10\/eruviel-2460.jpg\"><img loading=\"lazy\" decoding=\"async\" aria-describedby=\"caption-attachment-192275\" class=\"size-medium wp-image-192275\" src=\"http:\/\/www.diarioimagen.net\/wp-content\/uploads\/2014\/10\/eruviel-2460-240x135.jpg\" alt=\"Al inaugurar el Centro de Salud Los Reyes de este municipio, que beneficiar\u00e1 a 10 mil habitantes, principalmente de las comunidades de San Francisco Chej\u00e9, La Providencia y Tiacaque, el gobernador del Estado de M\u00e9xico, Eruviel \u00c1vila Villegas, inform\u00f3 que esta entidad recibir\u00e1 en noviembre la certificaci\u00f3n como la primera entidad libre de paludismo, por parte de la Secretar\u00eda de Salud federal.\" width=\"240\" height=\"135\" srcset=\"https:\/\/www.diarioimagen.net\/wp-content\/uploads\/2014\/10\/eruviel-2460-240x135.jpg 240w, https:\/\/www.diarioimagen.net\/wp-content\/uploads\/2014\/10\/eruviel-2460-420x236.jpg 420w, https:\/\/www.diarioimagen.net\/wp-content\/uploads\/2014\/10\/eruviel-2460-235x132.jpg 235w, https:\/\/www.diarioimagen.net\/wp-content\/uploads\/2014\/10\/eruviel-2460-202x114.jpg 202w, https:\/\/www.diarioimagen.net\/wp-content\/uploads\/2014\/10\/eruviel-2460-350x196.jpg 350w, https:\/\/www.diarioimagen.net\/wp-content\/uploads\/2014\/10\/eruviel-2460-220x123.jpg 220w, https:\/\/www.diarioimagen.net\/wp-content\/uploads\/2014\/10\/eruviel-2460-237x132.jpg 237w, https:\/\/www.diarioimagen.net\/wp-content\/uploads\/2014\/10\/eruviel-2460.jpg 480w\" sizes=\"auto, (max-width: 240px) 100vw, 240px\" \/><\/a><p id=\"caption-attachment-192275\" class=\"wp-caption-text\">Al inaugurar el Centro de Salud Los Reyes de este municipio, que beneficiar\u00e1 a 10 mil habitantes, principalmente de las comunidades de San Francisco Chej\u00e9, La Providencia y Tiacaque, el gobernador del Estado de M\u00e9xico, Eruviel \u00c1vila Villegas, inform\u00f3 que esta entidad recibir\u00e1 en noviembre la certificaci\u00f3n como la primera entidad libre de paludismo, por parte de la Secretar\u00eda de Salud federal.<\/p><\/div>\n<p><strong>Jocotitl\u00e1n, Estado de M\u00e9xico<\/strong>.- El gobernador del Estado de M\u00e9xico inform\u00f3 que esta entidad recibir\u00e1 en noviembre la certificaci\u00f3n por parte de la Secretar\u00eda de Salud federal, como la primera entidad a nivel nacional libre de paludismo, enfermedad causada por un par\u00e1sito que se transmite por la picadura de un mosco y que se multiplica en el h\u00edgado e infecta los gl\u00f3bulos rojos.<\/p>\n<p>\u201cEs un logro muy importante, son certificaciones muy estrictas que se llevan a cabo y que es producto del trabajo, yo siempre he sido un creyente, reitero, de que trabajando en equipo se pueden lograr much\u00edsimas cosas. Como pueden ver, el sistema de salud de nuestro estado es un sistema fuerte, s\u00f3lido, falta por hacer, desde luego, hay que seguir trabajando y vamos a seguir invirtiendo en materia de salud, con el apoyo de nuestro presidente de la Rep\u00fablica\u201d.<\/p>\n<p>Al inaugurar el Centro de Salud Los Reyes en este municipio, el gobernador se\u00f1al\u00f3 que \u00e9ste no es el \u00fanico logro que ha tenido la entidad en el control de enfermedades ya que tampoco ha presentado casos de poliomielitis paral\u00edtica desde hace 25 a\u00f1os; t\u00e9tanos neonatal desde hace 13, as\u00ed como sarampi\u00f3n y t\u00e9tanos general desde hace siete, por lo que continuar\u00e1n las acciones de prevenci\u00f3n, cuidado y vacunaci\u00f3n, para tener mexiquenses m\u00e1s sanos.<\/p>\n<p>Indic\u00f3 que para continuar avanzando en el control de enfermedades, durante la Tercera Semana Nacional de Salud se aplicar\u00e1n 1.4 millones de vacunas y otorgar\u00e1n 7.8 millones de sobres de vitaminas, suero oral y desparasitantes.<\/p>\n<p>Al entregar dos ambulancias a los municipios de Acambay y El Oro, resalt\u00f3 que el Estado de M\u00e9xico ha brindado m\u00e1s de 68 millones de consultas externas, especializadas y de urgencia, 160 millones de medicamentos, 70 millones de estudios de laboratorio y de gabinete, 13 millones de dosis de vacunas aplicadas a la poblaci\u00f3n infantil, 12 millones de revisiones para detectar enfermedades cr\u00f3nico-degenerativas, 5 millones de tratamientos odontol\u00f3gicos, entre otros.<\/p>\n<p>En este acto, el gobernador otorg\u00f3 tarjetas La Efectiva y apoyos enmarcados en las Acciones para la Mujer, como Mujeres que Logran en Grande, que ya registra m\u00e1s de 100 mil beneficiarias; y Mujeres en la Construcci\u00f3n, con el que se han capacitado a 9 mil f\u00e9minas.<\/p>\n<p>El nuevo Centro de Salud, construido con una inversi\u00f3n de 12.3 millones de pesos, cuenta con tres consultorios de medicina general y preventiva, otro odontol\u00f3gico, rayos X, farmacia, \u00e1reas de sonometr\u00eda, vacunaci\u00f3n y detecci\u00f3n de c\u00e1ncer cervicouterino y sal\u00f3n de usos m\u00faltiples, en beneficio de 10 mil habitantes de este municipio, principalmente de las comunidades de San Francisco Chej\u00e9, La Providencia y Tiacaque.<\/p>\n","protected":false},"excerpt":{"rendered":"<p> El gobernador del Estado de M\u00e9xico inform\u00f3 que esta entidad recibir\u00e1 en noviembre la certificaci\u00f3n por parte de la Secretar\u00eda de Salud federal, como la primera entidad a nivel nacional libre de paludismo, enfermedad causada por un par\u00e1sito que se transmite por la picadura de un mosco y que se multiplica en el h\u00edgado e infecta los gl\u00f3bulos rojos.<\/p>\n","protected":false},"author":3,"featured_media":192275,"comment_status":"open","ping_status":"open","sticky":false,"template":"","format":"standard","meta":{"_monsterinsights_skip_tracking":false,"_monsterinsights_sitenote_active":false,"_monsterinsights_sitenote_note":"","_monsterinsights_sitenote_category":0,"footnotes":""},"categories":[5],"tags":[5828,43675,4973],"class_list":["post-192215","post","type-post","status-publish","format-standard","has-post-thumbnail","hentry","category-estado-de-mexico","tag-eruviel-avila-villegas","tag-estado-de-mexico","tag-jocotitlan"],"_links":{"self":[{"href":"https:\/\/www.diarioimagen.net\/index.php?rest_route=\/wp\/v2\/posts\/192215","targetHints":{"allow":["GET"]}}],"collection":[{"href":"https:\/\/www.diarioimagen.net\/index.php?rest_route=\/wp\/v2\/posts"}],"about":[{"href":"https:\/\/www.diarioimagen.net\/index.php?rest_route=\/wp\/v2\/types\/post"}],"author":[{"embeddable":true,"href":"https:\/\/www.diarioimagen.net\/index.php?rest_route=\/wp\/v2\/users\/3"}],"replies":[{"embeddable":true,"href":"https:\/\/www.diarioimagen.net\/index.php?rest_route=%2Fwp%2Fv2%2Fcomments&post=192215"}],"version-history":[{"count":0,"href":"https:\/\/www.diarioimagen.net\/index.php?rest_route=\/wp\/v2\/posts\/192215\/revisions"}],"wp:featuredmedia":[{"embeddable":true,"href":"https:\/\/www.diarioimagen.net\/index.php?rest_route=\/wp\/v2\/media\/192275"}],"wp:attachment":[{"href":"https:\/\/www.diarioimagen.net\/index.php?rest_route=%2Fwp%2Fv2%2Fmedia&parent=192215"}],"wp:term":[{"taxonomy":"category","embeddable":true,"href":"https:\/\/www.diarioimagen.net\/index.php?rest_route=%2Fwp%2Fv2%2Fcategories&post=192215"},{"taxonomy":"post_tag","embeddable":true,"href":"https:\/\/www.diarioimagen.net\/index.php?rest_route=%2Fwp%2Fv2%2Ftags&post=192215"}],"curies":[{"name":"wp","href":"https:\/\/api.w.org\/{rel}","templated":true}]}}