{"id":192224,"date":"2014-10-09T00:05:02","date_gmt":"2014-10-09T05:05:02","guid":{"rendered":"http:\/\/www.diarioimagen.net\/?p=192224"},"modified":"2014-10-10T04:48:20","modified_gmt":"2014-10-10T09:48:20","slug":"pena-nieto-urge-a-armonizar-esfuerzos-por-la-seguridad","status":"publish","type":"post","link":"https:\/\/www.diarioimagen.net\/?p=192224","title":{"rendered":"Pe\u00f1a Nieto urge a armonizar esfuerzos por la seguridad"},"content":{"rendered":"<ul>\n<li><strong><em>Al inaugurar el Macrocentro Cultural y Deportivo \u201cSan Bernab\u00e9\u201d refrend\u00f3 la voluntad del gobierno federal para concretar resultados<\/em><\/strong><\/li>\n<\/ul>\n<div id=\"attachment_192280\" style=\"width: 250px\" class=\"wp-caption alignleft\"><a href=\"http:\/\/www.diarioimagen.net\/wp-content\/uploads\/2014\/10\/epn-2460.jpg\"><img loading=\"lazy\" decoding=\"async\" aria-describedby=\"caption-attachment-192280\" class=\"size-medium wp-image-192280\" src=\"http:\/\/www.diarioimagen.net\/wp-content\/uploads\/2014\/10\/epn-2460-240x159.jpg\" alt=\"El presidente Enrique Pe\u00f1a Nieto convivi\u00f3 con j\u00f3venes deportistas que entrenan en el nuevo Macrocentro Cultural y Deportivo \u201cSan Bernab\u00e9\u201d. El primer mandatario del pa\u00eds lo inaugur\u00f3 oficialmente ayer.\" width=\"240\" height=\"159\" srcset=\"https:\/\/www.diarioimagen.net\/wp-content\/uploads\/2014\/10\/epn-2460-240x159.jpg 240w, https:\/\/www.diarioimagen.net\/wp-content\/uploads\/2014\/10\/epn-2460-420x279.jpg 420w, https:\/\/www.diarioimagen.net\/wp-content\/uploads\/2014\/10\/epn-2460.jpg 700w\" sizes=\"auto, (max-width: 240px) 100vw, 240px\" \/><\/a><p id=\"caption-attachment-192280\" class=\"wp-caption-text\">El presidente Enrique Pe\u00f1a Nieto convivi\u00f3 con j\u00f3venes deportistas que entrenan en el nuevo Macrocentro Cultural y Deportivo \u201cSan Bernab\u00e9\u201d. El primer mandatario del pa\u00eds lo inaugur\u00f3 oficialmente ayer.<\/p><\/div>\n<p><strong>Monterrey, Nuevo Le\u00f3n<\/strong>.- El presidente Enrique Pe\u00f1a Nieto refrend\u00f3 la voluntad del gobierno de la Rep\u00fablica de sumarse y armonizar los esfuerzos de los estados en materia de seguridad m\u00e1s all\u00e1 del origen partidario de los gobernantes locales.<\/p>\n<p>Durante su discurso por la inauguraci\u00f3n del Macrocentro Cultural y Deportivo \u201cSan Bernab\u00e9\u201d, en Monterrey, se\u00f1al\u00f3 que Nuevo Le\u00f3n es un ejemplo de que los problemas adversos y las crisis se pueden superar cuando hay voluntad y coordinaci\u00f3n entre los niveles de gobierno.<\/p>\n<p>El mandatario federal record\u00f3 que en esta entidad se cre\u00f3 una nueva polic\u00eda a partir de la voluntad de crear un \u00f3rgano confiable, una polic\u00eda que brindara seguridad y confianza a la poblaci\u00f3n.<\/p>\n<p>Agreg\u00f3 que con ella hoy tienen una fuerza de m\u00e1s de cuatro mil elementos que est\u00e1n debidamente capacitados y equipados, que trabajan por la seguridad de los neoleoneses.<\/p>\n<p>Pe\u00f1a Nieto refrend\u00f3 la voluntad del gobierno de trabajar, de los esfuerzos locales de sumarse para concretar proyectos como ocurre en Nuevo Le\u00f3n, y dese\u00f3 que en todo el pa\u00eds sea igual, para que este esfuerzo y voluntad del gbierno de la Rep\u00fablica se vea reflejado en resultados y mejor calidad de vida para los mexicanos.<\/p>\n<p>En su discurso, refrend\u00f3 que su administraci\u00f3n seguir\u00e1 trabajando \u201ccon voluntad f\u00e9rrea, decidida y cabal, porque m\u00e1s all\u00e1 de tener o perseguir fines pol\u00edticos, estamos en el objetivo de armonizar los esfuerzos con las autoridades locales m\u00e1s all\u00e1 de un origen partidario de cada nivel\u201d.<\/p>\n<p>Insisti\u00f3 en que lo importante es unir los esfuerzos, comprometernos realmente y alcanzar los objetivos que la poblaci\u00f3n espera de sus gobiernos.<\/p>\n<p>Lo m\u00e1s importante es que haya coordinaci\u00f3n efectiva entre los gobiernos de la Rep\u00fablica y los estatales, como aqu\u00ed en Nuevo Le\u00f3n est\u00e1 acreditado en distintos \u00e1mbitos.<\/p>\n<p>Resalt\u00f3 que el Macrocentro, que es un espacio rescatado de un basurero para apoyar un proyecto social, es parte de una pol\u00edtica de prevenci\u00f3n y es un esfuerzo compartido que va m\u00e1s all\u00e1 del compromiso ret\u00f3rico, es real, efectivo, y se siente en distintos \u00e1mbitos.<\/p>\n<p>En esta coordinaci\u00f3n se trabaja para que nuestras sociedades tengan calidad de vida y se logren los objetivos del gobierno, un mayor crecimiento econ\u00f3mico, y al mismo tiempo impulsar una pol\u00edtica social que permita que los sectores menos favorecidos, con rezago social, se puedan reincorporar a la actividad productiva.<\/p>\n<p>Por otra parte, destac\u00f3 que con el gobierno del estado se trabaja en varios proyectos de infraestructura, como la construcci\u00f3n de la L\u00ednea 3 del Metro y el Proyecto Monterrey 6, que garantizar\u00e1 el abasto de agua potable en la zona metropolitana los pr\u00f3ximos 50 a\u00f1os.<\/p>\n<p>Por \u00faltimo, entreg\u00f3 apoyos de Prospera y realiz\u00f3 un recorrido por el Macrocentro Cultural y Deportivo \u201cSan Bernab\u00e9\u201d que beneficiar\u00e1 a m\u00e1s de 100 mil habitantes de esa zona, una de las m\u00e1s pobres.<\/p>\n<p style=\"text-align: center;\"><strong>Para cambiar vidas, cualquier inversi\u00f3n es prioritaria: Sedatu<\/strong><\/p>\n<p>A su vez, el secretario de Desarrollo Agrario, Territorial y Urbano (Sedatu), Jorge Carlos Ram\u00edrez Mar\u00edn, expuso que para realizar el centro de desarrollo comunitario inaugurado, hubo que vencer muchos obst\u00e1culos administrativos pues implicaba recursos que nunca se hab\u00edan utilizado en una sola obra, sin embargo, \u201csi se trata de cambiar vidas, cualquier inversi\u00f3n es prioritaria\u201d, se\u00f1al\u00f3.<\/p>\n<p>Extern\u00f3 que la instrucci\u00f3n del Presidente de la Rep\u00fablica fue muy clara en este caso: \u201cla normatividad administrativa es para que los ciudadanos tengan la certeza, la seguridad de que sus recursos se est\u00e1n invirtiendo bien y en lo que deben invertirse. De ninguna manera son el pretexto para decirles que no cuando algo hace falta\u201d.<\/p>\n<p>Convertir un basurero en \u201c6 mil 425 metros cuadrados de construcci\u00f3n, 6.2 hect\u00e1reas con ludoteca, biblioteca, canchas deportivas, teatro al aire libre, andadores y una zona de bosque para la recreaci\u00f3n, eso, a partir de hoy, es de todos ustedes y \u00e9sa es una inversi\u00f3n que vale la pena\u201d, dijo, a las m\u00e1s de 7 mil personas presentes.<\/p>\n<p>Refiri\u00f3 que la inversi\u00f3n del centro, del cual se inaugur\u00f3 ayer su primera etapa, llegar\u00e1 a 86 millones de pesos, lo cual se suma a 169 millones en 16 Centros de Desarrollo Comunitario que se construyen en Nuevo Le\u00f3n, m\u00e1s, 75 millones de pesos en el rescate de otros espacios p\u00fablicos. \u201cLa familia forma, pero el espacio p\u00fablico conforma, cohesiona y crea las nuevas sociedades\u201d, manifest\u00f3.<\/p>\n<p style=\"text-align: center;\"><strong>En 22 meses se hizo m\u00e1s que en ocho a\u00f1os: Sedesol<\/strong><\/p>\n<p>Por su parte, la secretaria de Desarrollo Social, Rosario Robles Berlanga, se\u00f1al\u00f3 que en Monterrey trabajan en conjunto la Secretar\u00eda de Desarrollo Urbano, fundamentalmente con el Programa H\u00e1bitat y Rescate de Espacios P\u00fablicos; la Secretar\u00eda de Gobernaci\u00f3n, a trav\u00e9s del Programa de la Prevenci\u00f3n de la Violencia y el Delito; y la Secretar\u00eda de Desarrollo Social, a trav\u00e9s de la Cruzada Nacional Contra el Hambre, \u201cporque somos un solo equipo: el equipo del presidente Enrique Pe\u00f1a, el equipo del gobierno de la Rep\u00fablica\u201d, expres\u00f3.<\/p>\n<p>Al hacer un recuento de los programas sociales en Nuevo Le\u00f3n, asegur\u00f3 que los compromisos presidenciales se est\u00e1n cumpliendo, y detall\u00f3 como ejemplo que al inicio de la administraci\u00f3n federal hab\u00eda 50 mil adultos mayores incorporados a ese programa, ahora hay 177 mil.<\/p>\n","protected":false},"excerpt":{"rendered":"<p>El presidente Enrique Pe\u00f1a Nieto refrend\u00f3 la voluntad del gobierno de la Rep\u00fablica de sumarse y armonizar los esfuerzos de los estados en materia de seguridad m\u00e1s all\u00e1 del origen partidario de los gobernantes locales.<\/p>\n","protected":false},"author":3,"featured_media":192280,"comment_status":"open","ping_status":"open","sticky":false,"template":"","format":"standard","meta":{"_monsterinsights_skip_tracking":false,"_monsterinsights_sitenote_active":false,"_monsterinsights_sitenote_note":"","_monsterinsights_sitenote_category":0,"footnotes":""},"categories":[17,3],"tags":[18,2015,45],"class_list":["post-192224","post","type-post","status-publish","format-standard","has-post-thumbnail","hentry","category-especiales","category-nacional","tag-enrique-pena-nieto","tag-monterrey","tag-nuevo-leon"],"_links":{"self":[{"href":"https:\/\/www.diarioimagen.net\/index.php?rest_route=\/wp\/v2\/posts\/192224","targetHints":{"allow":["GET"]}}],"collection":[{"href":"https:\/\/www.diarioimagen.net\/index.php?rest_route=\/wp\/v2\/posts"}],"about":[{"href":"https:\/\/www.diarioimagen.net\/index.php?rest_route=\/wp\/v2\/types\/post"}],"author":[{"embeddable":true,"href":"https:\/\/www.diarioimagen.net\/index.php?rest_route=\/wp\/v2\/users\/3"}],"replies":[{"embeddable":true,"href":"https:\/\/www.diarioimagen.net\/index.php?rest_route=%2Fwp%2Fv2%2Fcomments&post=192224"}],"version-history":[{"count":0,"href":"https:\/\/www.diarioimagen.net\/index.php?rest_route=\/wp\/v2\/posts\/192224\/revisions"}],"wp:featuredmedia":[{"embeddable":true,"href":"https:\/\/www.diarioimagen.net\/index.php?rest_route=\/wp\/v2\/media\/192280"}],"wp:attachment":[{"href":"https:\/\/www.diarioimagen.net\/index.php?rest_route=%2Fwp%2Fv2%2Fmedia&parent=192224"}],"wp:term":[{"taxonomy":"category","embeddable":true,"href":"https:\/\/www.diarioimagen.net\/index.php?rest_route=%2Fwp%2Fv2%2Fcategories&post=192224"},{"taxonomy":"post_tag","embeddable":true,"href":"https:\/\/www.diarioimagen.net\/index.php?rest_route=%2Fwp%2Fv2%2Ftags&post=192224"}],"curies":[{"name":"wp","href":"https:\/\/api.w.org\/{rel}","templated":true}]}}