{"id":192356,"date":"2014-10-10T00:02:47","date_gmt":"2014-10-10T05:02:47","guid":{"rendered":"http:\/\/www.diarioimagen.net\/?p=192356"},"modified":"2014-10-13T04:09:45","modified_gmt":"2014-10-13T09:09:45","slug":"ya-son-84-personas-con-riesgo-de-ebola-en-madrid","status":"publish","type":"post","link":"https:\/\/www.diarioimagen.net\/?p=192356","title":{"rendered":"Ya son 84 personas con riesgo de \u00e9bola en Madrid"},"content":{"rendered":"<ul>\n<li><strong><em>La enfermera Teresa Romero, en situaci\u00f3n \u201cmuy cr\u00edtica\u201d, pero estable; recibe suero experimental<\/em><\/strong><\/li>\n<\/ul>\n<div id=\"attachment_192357\" style=\"width: 250px\" class=\"wp-caption alignleft\"><img loading=\"lazy\" decoding=\"async\" aria-describedby=\"caption-attachment-192357\" class=\"wp-image-192357 size-medium\" src=\"http:\/\/www.diarioimagen.net\/wp-content\/uploads\/2014\/10\/ebola-portal2-240x135.jpg\" alt=\"En el Hospital Carlos III se encuentra el esposo de Romero y otros m\u00e9dicos que tuvieron contacto con ella, como su m\u00e9dico de cabecera. \" width=\"240\" height=\"135\" srcset=\"https:\/\/www.diarioimagen.net\/wp-content\/uploads\/2014\/10\/ebola-portal2-240x135.jpg 240w, https:\/\/www.diarioimagen.net\/wp-content\/uploads\/2014\/10\/ebola-portal2-420x236.jpg 420w, https:\/\/www.diarioimagen.net\/wp-content\/uploads\/2014\/10\/ebola-portal2-235x132.jpg 235w, https:\/\/www.diarioimagen.net\/wp-content\/uploads\/2014\/10\/ebola-portal2-202x114.jpg 202w, https:\/\/www.diarioimagen.net\/wp-content\/uploads\/2014\/10\/ebola-portal2-350x196.jpg 350w, https:\/\/www.diarioimagen.net\/wp-content\/uploads\/2014\/10\/ebola-portal2-220x123.jpg 220w, https:\/\/www.diarioimagen.net\/wp-content\/uploads\/2014\/10\/ebola-portal2-237x132.jpg 237w, https:\/\/www.diarioimagen.net\/wp-content\/uploads\/2014\/10\/ebola-portal2.jpg 480w\" sizes=\"auto, (max-width: 240px) 100vw, 240px\" \/><p id=\"caption-attachment-192357\" class=\"wp-caption-text\">La enfermera espa\u00f1ola Teresa Romero recibe suero experimental, luego de ser contagiada con \u00e9bola. Tiene posibilidades de neutralizar el contagio.<\/p><\/div>\n<p>El consejero de Sanidad de la Comunidad de Madrid, Javier Rodr\u00edguez, inform\u00f3 que unas 84 personas se encuentran en observaci\u00f3n en esta ciudad por su posible contagio de \u00e9bola. Precis\u00f3 que seis est\u00e1n en el Hospital Carlos III y que s\u00f3lo uno ha resultado positivo.<\/p>\n<p>La persona contagiada, la auxiliar de enfermera Teresa Romero, se encuentra en una situaci\u00f3n \u201cmuy cr\u00edtica\u201d, aunque estable, recibe un suero experimental y la carga de virus no aumenta, por lo que tiene m\u00e1s posibilidades de neutralizar el contagio. Romero contrajo el virus del \u00e9bola cuando atend\u00eda al religioso Manuel Garc\u00eda Viejo, que muri\u00f3 de dicha enfermedad el 25 de septiembre tras ser repatriado desde Sierra Leona.<\/p>\n<p>En el Hospital Carlos III se encuentra el esposo de Romero y otros m\u00e9dicos que tuvieron contacto con ella, como su m\u00e9dico de cabecera. Dos de ellos se presentaron voluntariamente para someterse a pruebas m\u00e9dicas.<\/p>\n<p>Entre las personas en observaci\u00f3n figuran varios compa\u00f1eros m\u00e9dicos y de enfermer\u00eda de Romero, los enfermeros que la trasladaron de su casa al hospital y personas con las que ella tuvo contacto.<\/p>\n<p>Rodr\u00edguez reconoci\u00f3 que ha habido errores en la aplicaci\u00f3n de los protocolos de protecci\u00f3n para el personal m\u00e9dico, lo que forma parte del contagio de Romero, ya que ella misma ha reconocido que se pudo tocar la cara al momento de quitarse el traje especial para atender a los enfermos.<\/p>\n<p>Critic\u00f3 que la auxiliar de enfermera no haya informado a su m\u00e9dico de cabecera que hab\u00eda tenido contacto con enfermos de \u00e9bola, los religiosos Miguel Pajares y Manuel Garc\u00eda, pues as\u00ed se habr\u00eda acelerado su traslado al hospital para hacerle pruebas.<\/p>\n<p>En tanto, el ministro espa\u00f1ol de Defensa, Pedro Moren\u00e9s, defendi\u00f3 la decisi\u00f3n del gobierno espa\u00f1ol de repatriar en agosto a Pajares desde Liberia, y en septiembre a Garc\u00eda Viejo desde Sierra Leona, para ser atendidos en Espa\u00f1a.<\/p>\n","protected":false},"excerpt":{"rendered":"<p>El consejero de Sanidad de la Comunidad de Madrid, Javier Rodr\u00edguez, inform\u00f3 que unas 84 personas se encuentran en observaci\u00f3n en esta ciudad por su posible contagio de \u00e9bola. Precis\u00f3 que seis est\u00e1n en el Hospital Carlos III y que s\u00f3lo uno ha resultado positivo.<\/p>\n","protected":false},"author":5,"featured_media":192357,"comment_status":"open","ping_status":"open","sticky":false,"template":"","format":"standard","meta":{"_monsterinsights_skip_tracking":false,"_monsterinsights_sitenote_active":false,"_monsterinsights_sitenote_note":"","_monsterinsights_sitenote_category":0,"footnotes":""},"categories":[9],"tags":[31612,850,43679,17392],"class_list":["post-192356","post","type-post","status-publish","format-standard","has-post-thumbnail","hentry","category-mundo","tag-ebola","tag-espana","tag-mundo","tag-riesgo"],"_links":{"self":[{"href":"https:\/\/www.diarioimagen.net\/index.php?rest_route=\/wp\/v2\/posts\/192356","targetHints":{"allow":["GET"]}}],"collection":[{"href":"https:\/\/www.diarioimagen.net\/index.php?rest_route=\/wp\/v2\/posts"}],"about":[{"href":"https:\/\/www.diarioimagen.net\/index.php?rest_route=\/wp\/v2\/types\/post"}],"author":[{"embeddable":true,"href":"https:\/\/www.diarioimagen.net\/index.php?rest_route=\/wp\/v2\/users\/5"}],"replies":[{"embeddable":true,"href":"https:\/\/www.diarioimagen.net\/index.php?rest_route=%2Fwp%2Fv2%2Fcomments&post=192356"}],"version-history":[{"count":0,"href":"https:\/\/www.diarioimagen.net\/index.php?rest_route=\/wp\/v2\/posts\/192356\/revisions"}],"wp:featuredmedia":[{"embeddable":true,"href":"https:\/\/www.diarioimagen.net\/index.php?rest_route=\/wp\/v2\/media\/192357"}],"wp:attachment":[{"href":"https:\/\/www.diarioimagen.net\/index.php?rest_route=%2Fwp%2Fv2%2Fmedia&parent=192356"}],"wp:term":[{"taxonomy":"category","embeddable":true,"href":"https:\/\/www.diarioimagen.net\/index.php?rest_route=%2Fwp%2Fv2%2Fcategories&post=192356"},{"taxonomy":"post_tag","embeddable":true,"href":"https:\/\/www.diarioimagen.net\/index.php?rest_route=%2Fwp%2Fv2%2Ftags&post=192356"}],"curies":[{"name":"wp","href":"https:\/\/api.w.org\/{rel}","templated":true}]}}