{"id":192616,"date":"2014-10-13T00:05:59","date_gmt":"2014-10-13T05:05:59","guid":{"rendered":"http:\/\/www.diarioimagen.net\/?p=192616"},"modified":"2014-10-15T04:13:16","modified_gmt":"2014-10-15T09:13:16","slug":"preocupa-a-union-europea-actos-de-barbarie-en-mexico","status":"publish","type":"post","link":"https:\/\/www.diarioimagen.net\/?p=192616","title":{"rendered":"Preocupa a Uni\u00f3n Europea actos de barbarie en M\u00e9xico"},"content":{"rendered":"<ul>\n<li><strong><em>Exigen en mitin dimisi\u00f3n del gobernador Aguirre; \u00e9ste pide a ciudadanos buscar a normalistas<\/em><\/strong><\/li>\n<\/ul>\n<div id=\"attachment_192671\" style=\"width: 250px\" class=\"wp-caption alignleft\"><a href=\"http:\/\/www.diarioimagen.net\/wp-content\/uploads\/2014\/10\/angel-aguirre-2462.jpg\"><img loading=\"lazy\" decoding=\"async\" aria-describedby=\"caption-attachment-192671\" class=\"size-medium wp-image-192671\" src=\"http:\/\/www.diarioimagen.net\/wp-content\/uploads\/2014\/10\/angel-aguirre-2462-240x135.jpg\" alt=\"El gobernador de Guerrero, \u00c1ngel Aguirre Rivero, sigue sumando cr\u00edticas en su contra y restando respaldos a su funci\u00f3n.\" width=\"240\" height=\"135\" srcset=\"https:\/\/www.diarioimagen.net\/wp-content\/uploads\/2014\/10\/angel-aguirre-2462-240x135.jpg 240w, https:\/\/www.diarioimagen.net\/wp-content\/uploads\/2014\/10\/angel-aguirre-2462-420x236.jpg 420w, https:\/\/www.diarioimagen.net\/wp-content\/uploads\/2014\/10\/angel-aguirre-2462-235x132.jpg 235w, https:\/\/www.diarioimagen.net\/wp-content\/uploads\/2014\/10\/angel-aguirre-2462-202x114.jpg 202w, https:\/\/www.diarioimagen.net\/wp-content\/uploads\/2014\/10\/angel-aguirre-2462-350x196.jpg 350w, https:\/\/www.diarioimagen.net\/wp-content\/uploads\/2014\/10\/angel-aguirre-2462-220x123.jpg 220w, https:\/\/www.diarioimagen.net\/wp-content\/uploads\/2014\/10\/angel-aguirre-2462-237x132.jpg 237w, https:\/\/www.diarioimagen.net\/wp-content\/uploads\/2014\/10\/angel-aguirre-2462.jpg 480w\" sizes=\"auto, (max-width: 240px) 100vw, 240px\" \/><\/a><p id=\"caption-attachment-192671\" class=\"wp-caption-text\">El gobernador de Guerrero, \u00c1ngel Aguirre Rivero, sigue sumando cr\u00edticas en su contra y restando respaldos a su funci\u00f3n.<\/p><\/div>\n<p>La delegaci\u00f3n de la Uni\u00f3n Europea y los embajadores en M\u00e9xico de los Estados Miembros de la Uni\u00f3n Europea externaron su preocupaci\u00f3n por \u201cactos de barbarie en M\u00e9xico\u201d, al referirse a los hechos de Tlatlaya e Iguala, en los que hubo ejecuci\u00f3n extrajudicial, asesinato y desaparici\u00f3n de decenas de estudiantes.<\/p>\n<p>En un pronunciamiento, la Uni\u00f3n Europea dio la bienvenida a las declaraciones de diversos funcionarios del gobierno federal, en particular el Presidente de la Rep\u00fablica, quien asegur\u00f3 que \u201cante estos actos inhumanos no cabr\u00e1 el m\u00e1s m\u00ednimo resquicio para la impunidad\u201d.<\/p>\n<p>Se consider\u00f3 como un hecho positivo la creaci\u00f3n de las Comisiones de seguimiento tanto en la C\u00e1mara de Diputados como en la de Senadores para el tema de Iguala. Los representantes de Europa tomaron \u201cbuena nota\u201d de las detenciones que se han realizado hasta el momento en relaci\u00f3n a los hechos de Iguala.<\/p>\n<p>Confiaron en que las autoridades mexicanas lleven a cabo una investigaci\u00f3n exhaustiva en torno a esos actos y que los responsables sean castigados con todo el peso de la ley. Y expresaron sus condolencias a los familiares y allegados de las v\u00edctimas en ambos casos.<\/p>\n<p>En Guerrero, empresarios y comerciantes marcharon por las calles de Chilpancingo, en cuyo Z\u00f3calo realizaron un mitin para exigi\u00f3 la renuncia del gobernador \u00c1ngel Heladio Aguirre Rivero y la presentaci\u00f3n con vida de los 43 estudiantes de Ayotzinapa.<\/p>\n<p>El ex l\u00edder de la C\u00e1mara Nacional de Comercio (Canaco), Pioquinto Dami\u00e1n Huato, dijo que el gobernador \u00c1ngel Aguirre no s\u00f3lo debe renunciar al cargo por los hechos de violencia registrados en Iguala el 26 de septiembre, sino que debe de ir a la c\u00e1rcel.<\/p>\n<p>En la protesta participaron estudiantes de la Universidad Aut\u00f3noma de Guerrero (UAG) y un contingente de la Uni\u00f3n de Pueblos y Organizaciones del Estado de Guerrero (UPOEG) de la comunidad de El Ocotito, del municipio de Chilpancingo.<\/p>\n<p>Por su parte, el gobernador pidi\u00f3 a los ciudadanos sumarse a la b\u00fasqueda de los 43 estudiantes. \u201cEl mejor apoyo que me pueden dar en este momento es que todos los guerrerenses nos sumemos a la tarea de localizar a nuestros j\u00f3venes que se encuentran desaparecidos\u201d.<\/p>\n","protected":false},"excerpt":{"rendered":"<p>La delegaci\u00f3n de la Uni\u00f3n Europea y los embajadores en M\u00e9xico de los Estados Miembros de la Uni\u00f3n Europea externaron su preocupaci\u00f3n por \u201cactos de barbarie en M\u00e9xico\u201d, al referirse a los hechos de Tlatlaya e Iguala, en los que hubo ejecuci\u00f3n extrajudicial, asesinato y desaparici\u00f3n de decenas de estudiantes.<\/p>\n","protected":false},"author":3,"featured_media":192671,"comment_status":"open","ping_status":"open","sticky":false,"template":"","format":"standard","meta":{"_monsterinsights_skip_tracking":false,"_monsterinsights_sitenote_active":false,"_monsterinsights_sitenote_note":"","_monsterinsights_sitenote_category":0,"footnotes":""},"categories":[3],"tags":[36291,44,20469,1554],"class_list":["post-192616","post","type-post","status-publish","format-standard","has-post-thumbnail","hentry","category-nacional","tag-barbarie","tag-mexico","tag-tlatlaya","tag-union-europea"],"_links":{"self":[{"href":"https:\/\/www.diarioimagen.net\/index.php?rest_route=\/wp\/v2\/posts\/192616","targetHints":{"allow":["GET"]}}],"collection":[{"href":"https:\/\/www.diarioimagen.net\/index.php?rest_route=\/wp\/v2\/posts"}],"about":[{"href":"https:\/\/www.diarioimagen.net\/index.php?rest_route=\/wp\/v2\/types\/post"}],"author":[{"embeddable":true,"href":"https:\/\/www.diarioimagen.net\/index.php?rest_route=\/wp\/v2\/users\/3"}],"replies":[{"embeddable":true,"href":"https:\/\/www.diarioimagen.net\/index.php?rest_route=%2Fwp%2Fv2%2Fcomments&post=192616"}],"version-history":[{"count":0,"href":"https:\/\/www.diarioimagen.net\/index.php?rest_route=\/wp\/v2\/posts\/192616\/revisions"}],"wp:featuredmedia":[{"embeddable":true,"href":"https:\/\/www.diarioimagen.net\/index.php?rest_route=\/wp\/v2\/media\/192671"}],"wp:attachment":[{"href":"https:\/\/www.diarioimagen.net\/index.php?rest_route=%2Fwp%2Fv2%2Fmedia&parent=192616"}],"wp:term":[{"taxonomy":"category","embeddable":true,"href":"https:\/\/www.diarioimagen.net\/index.php?rest_route=%2Fwp%2Fv2%2Fcategories&post=192616"},{"taxonomy":"post_tag","embeddable":true,"href":"https:\/\/www.diarioimagen.net\/index.php?rest_route=%2Fwp%2Fv2%2Ftags&post=192616"}],"curies":[{"name":"wp","href":"https:\/\/api.w.org\/{rel}","templated":true}]}}