{"id":192631,"date":"2014-10-13T00:04:18","date_gmt":"2014-10-13T05:04:18","guid":{"rendered":"http:\/\/www.diarioimagen.net\/?p=192631"},"modified":"2014-10-15T04:13:13","modified_gmt":"2014-10-15T09:13:13","slug":"lluvias-en-todo-el-pais-por-4-fenomenos-meteorologicos","status":"publish","type":"post","link":"https:\/\/www.diarioimagen.net\/?p=192631","title":{"rendered":"Lluvias en todo el pa\u00eds por 4 fen\u00f3menos meteorol\u00f3gicos"},"content":{"rendered":"<ul>\n<li><strong><em>Se forma tormenta tropical Gonzalo en el Atl\u00e1ntico, pero no representa peligro para M\u00e9xico<\/em><\/strong><\/li>\n<\/ul>\n<h6><strong>Yolanda Montalvo<\/strong><\/h6>\n<p>&nbsp;<\/p>\n<p>&nbsp;<\/p>\n<div id=\"attachment_192674\" style=\"width: 250px\" class=\"wp-caption alignleft\"><a href=\"http:\/\/www.diarioimagen.net\/wp-content\/uploads\/2014\/10\/lluvias-2462.jpg\"><img loading=\"lazy\" decoding=\"async\" aria-describedby=\"caption-attachment-192674\" class=\"size-medium wp-image-192674\" src=\"http:\/\/www.diarioimagen.net\/wp-content\/uploads\/2014\/10\/lluvias-2462-240x159.jpg\" alt=\"Nuevamente se juntaron cuatro fen\u00f3menos meteorol\u00f3gicos en nuestro pa\u00eds, para \u201cba\u00f1ar\u201d toda la geograf\u00eda nacional.\" width=\"240\" height=\"159\" srcset=\"https:\/\/www.diarioimagen.net\/wp-content\/uploads\/2014\/10\/lluvias-2462-240x159.jpg 240w, https:\/\/www.diarioimagen.net\/wp-content\/uploads\/2014\/10\/lluvias-2462-420x278.jpg 420w, https:\/\/www.diarioimagen.net\/wp-content\/uploads\/2014\/10\/lluvias-2462.jpg 700w\" sizes=\"auto, (max-width: 240px) 100vw, 240px\" \/><\/a><p id=\"caption-attachment-192674\" class=\"wp-caption-text\">Nuevamente se juntaron cuatro fen\u00f3menos meteorol\u00f3gicos en nuestro pa\u00eds, para \u201cba\u00f1ar\u201d toda la geograf\u00eda nacional.<\/p><\/div>\n<p>La presencia de un canal de baja presi\u00f3n, as\u00ed como el ingreso de humedad de ambos oc\u00e9anos y el frente fr\u00edo n\u00famero seis, ocasionan lluvia generalizada en el pa\u00eds, inform\u00f3 la Comisi\u00f3n Nacional del Agua (Conagua).<\/p>\n<p>El organismo detall\u00f3 que la onda tropical n\u00famero 36 se ha disipado dejando un canal de baja presi\u00f3n que se extiende en el oriente de Yucat\u00e1n, lo que ocasiona lluvias muy fuertes en Tabasco.<\/p>\n<p>Este mismo sistema propicia precipitaciones pluviales fuertes acompa\u00f1adas de tormentas el\u00e9ctricas en sitios de Veracruz, Yucat\u00e1n y Campeche, as\u00ed como lluvias menores a 25 mil\u00edmetros en Quintana Roo.<\/p>\n<p>En tanto, un canal de baja presi\u00f3n al sur del Golfo de Tehuantepec provoca nubosidad dispersa que, de acuerdo con las previsiones, genera lluvias muy fuertes en Chiapas, y fuertes en Oaxaca.<\/p>\n<p>Otro canal de baja presi\u00f3n asociado con el ingreso de humedad de los oc\u00e9anos Pac\u00edfico y Atl\u00e1ntico causa precipitaciones fuertes acompa\u00f1adas de tormentas el\u00e9ctricas en zonas de Jalisco, Michoac\u00e1n y Estado de M\u00e9xico.<\/p>\n<p>Adem\u00e1s este canal genera lluvias menores en localidades de Sinaloa, Nayarit, Durango, Zacatecas, Aguascalientes, San Luis Potos\u00ed, Colima, Guerrero, Guanajuato, Quer\u00e9taro, Hidalgo, Tlaxcala, Puebla, Morelos y el Distrito Federal.<\/p>\n<p>Asimismo, el sistema frontal n\u00famero seis se extendi\u00f3 sobre el noreste del pa\u00eds y comenz\u00f3 a disiparse al final del d\u00eda, aunque favoreci\u00f3 lluvias en los estados de Chihuahua, Coahuila, Nuevo Le\u00f3n y Tamaulipas.<\/p>\n<p>La Conagua report\u00f3 que su masa de aire fr\u00edo gener\u00f3 un ligero descenso de las temperaturas en el norte y noreste del territorio.<\/p>\n<p>En tanto, el Servicio Meteorol\u00f3gico Nacional (SMN) inform\u00f3 que en el oc\u00e9ano Atl\u00e1ntico se form\u00f3 la tormenta tropical <em>Gonzalo<\/em>, que por su ubicaci\u00f3n no representa riesgo para tierras mexicanas.<\/p>\n<p>El organismo de la Secretar\u00eda de Medio Ambiente y Recursos Naturales detall\u00f3 que dicho sistema se ubica al oriente de las Antillas menores, con desplazamiento hacia el oeste.<\/p>\n","protected":false},"excerpt":{"rendered":"<p>La presencia de un canal de baja presi\u00f3n, as\u00ed como el ingreso de humedad de ambos oc\u00e9anos y el frente fr\u00edo n\u00famero seis, ocasionan lluvia generalizada en el pa\u00eds, inform\u00f3 la Comisi\u00f3n Nacional del Agua (Conagua).<\/p>\n","protected":false},"author":3,"featured_media":192674,"comment_status":"open","ping_status":"open","sticky":false,"template":"","format":"standard","meta":{"_monsterinsights_skip_tracking":false,"_monsterinsights_sitenote_active":false,"_monsterinsights_sitenote_note":"","_monsterinsights_sitenote_category":0,"footnotes":""},"categories":[3],"tags":[381,531,1849,43673],"class_list":["post-192631","post","type-post","status-publish","format-standard","has-post-thumbnail","hentry","category-nacional","tag-comision-nacional-del-agua","tag-conagua","tag-lluvias","tag-nacional"],"_links":{"self":[{"href":"https:\/\/www.diarioimagen.net\/index.php?rest_route=\/wp\/v2\/posts\/192631","targetHints":{"allow":["GET"]}}],"collection":[{"href":"https:\/\/www.diarioimagen.net\/index.php?rest_route=\/wp\/v2\/posts"}],"about":[{"href":"https:\/\/www.diarioimagen.net\/index.php?rest_route=\/wp\/v2\/types\/post"}],"author":[{"embeddable":true,"href":"https:\/\/www.diarioimagen.net\/index.php?rest_route=\/wp\/v2\/users\/3"}],"replies":[{"embeddable":true,"href":"https:\/\/www.diarioimagen.net\/index.php?rest_route=%2Fwp%2Fv2%2Fcomments&post=192631"}],"version-history":[{"count":0,"href":"https:\/\/www.diarioimagen.net\/index.php?rest_route=\/wp\/v2\/posts\/192631\/revisions"}],"wp:featuredmedia":[{"embeddable":true,"href":"https:\/\/www.diarioimagen.net\/index.php?rest_route=\/wp\/v2\/media\/192674"}],"wp:attachment":[{"href":"https:\/\/www.diarioimagen.net\/index.php?rest_route=%2Fwp%2Fv2%2Fmedia&parent=192631"}],"wp:term":[{"taxonomy":"category","embeddable":true,"href":"https:\/\/www.diarioimagen.net\/index.php?rest_route=%2Fwp%2Fv2%2Fcategories&post=192631"},{"taxonomy":"post_tag","embeddable":true,"href":"https:\/\/www.diarioimagen.net\/index.php?rest_route=%2Fwp%2Fv2%2Ftags&post=192631"}],"curies":[{"name":"wp","href":"https:\/\/api.w.org\/{rel}","templated":true}]}}