{"id":193080,"date":"2014-10-16T00:03:25","date_gmt":"2014-10-16T05:03:25","guid":{"rendered":"http:\/\/www.diarioimagen.net\/?p=193080"},"modified":"2014-10-17T04:59:31","modified_gmt":"2014-10-17T09:59:31","slug":"el-tsjdf-da-pasos-seguros-hacia-la-oralidad-elias-azar","status":"publish","type":"post","link":"https:\/\/www.diarioimagen.net\/?p=193080","title":{"rendered":"El TSJDF da pasos seguros hacia la oralidad: El\u00edas Azar"},"content":{"rendered":"<ul>\n<li><strong><em>Se\u00f1ala que se llegar\u00e1 hasta donde sea necesario para lograr una justicia accesible, expedita, r\u00e1pida, eficaz y confiable<\/em><\/strong><\/li>\n<\/ul>\n<div id=\"attachment_193138\" style=\"width: 250px\" class=\"wp-caption alignleft\"><a href=\"http:\/\/www.diarioimagen.net\/wp-content\/uploads\/2014\/10\/edgar-elias-azar-2465.jpg\"><img loading=\"lazy\" decoding=\"async\" aria-describedby=\"caption-attachment-193138\" class=\"size-medium wp-image-193138\" src=\"http:\/\/www.diarioimagen.net\/wp-content\/uploads\/2014\/10\/edgar-elias-azar-2465-240x161.jpg\" alt=\"El magistrado presidente del TSJDF y el jefe del gobierno del Distrito Federal, Miguel \u00c1ngel Mancera, inauguraron el nuevo edificio que albergar\u00e1 las salas penales, el cual es parte del proyecto denominado Ciudad Judicial.\" width=\"240\" height=\"161\" srcset=\"https:\/\/www.diarioimagen.net\/wp-content\/uploads\/2014\/10\/edgar-elias-azar-2465-240x161.jpg 240w, https:\/\/www.diarioimagen.net\/wp-content\/uploads\/2014\/10\/edgar-elias-azar-2465-420x282.jpg 420w, https:\/\/www.diarioimagen.net\/wp-content\/uploads\/2014\/10\/edgar-elias-azar-2465.jpg 700w\" sizes=\"auto, (max-width: 240px) 100vw, 240px\" \/><\/a><p id=\"caption-attachment-193138\" class=\"wp-caption-text\">El magistrado presidente del TSJDF y el jefe del gobierno del Distrito Federal, Miguel \u00c1ngel Mancera, inauguraron el nuevo edificio que albergar\u00e1 las salas penales, el cual es parte del proyecto denominado Ciudad Judicial.<\/p><\/div>\n<p>El Poder Judicial capitalino camina con pasos seguros a la implementaci\u00f3n de la oralidad, afirm\u00f3 el presidente del Tribunal Superior de Justicia del Distrito Federal (TSJDF), magistrado Edgar El\u00edas Azar, en una jornada en la que se inaugur\u00f3 el nuevo edificio que albergar\u00e1 las salas penales, como parte del proyecto denominado Ciudad Judicial, y en la que se conmemor\u00f3 el 50 aniversario del edificio Juan \u00c1lvarez.<\/p>\n<p>En sesi\u00f3n solemne del pleno de magistrados, puntualiz\u00f3 que el Poder Judicial local llegar\u00e1 hasta donde sea necesario para lograr una justicia accesible, expedita, r\u00e1pida, eficaz y confiable, y anunci\u00f3 esfuerzos para lograr la reunificaci\u00f3n paulatina de la funci\u00f3n jurisdiccional, con una Ciudad Judicial que sirva a todos.<\/p>\n<p>Con la presencia del jefe de gobierno del Distrito Federal, Miguel \u00c1ngel Mancera Espinosa, y del presidente de la Comisi\u00f3n de Gobierno de la Asamblea Legislativa, Manuel Granados Covarrubias, El\u00edas Azar expres\u00f3, adem\u00e1s, que los poderes judiciales del pa\u00eds, y particularmente el capitalino, lamentan y repudian todo acto que intente vulnerar la vida nacional.<\/p>\n<p>\u201cSimult\u00e1neamente, con el pulso firme de las instituciones, como ya se ha visto, atendemos los problemas todos los tribunales y resolvemos el conflicto, y jam\u00e1s pensamos, por ning\u00fan momento, en arrear las velas de la justicia\u201d, dijo el tambi\u00e9n presidente de la Comisi\u00f3n Nacional de Tribunales Superiores de Justicia de los Estados Unidos Mexicanos.<\/p>\n<p>Record\u00f3 que la justicia en el pa\u00eds entero conoce de sus deberes para con la sociedad y a\u00f1adi\u00f3 que la funci\u00f3n jurisdiccional sabr\u00e1 cumplir con oportunidad y certeza, con seriedad y reciedumbre, y sin titubeos ni sigilos que provengan del temor.<\/p>\n<p>El magistrado rememor\u00f3 la inauguraci\u00f3n del entonces Palacio de Justicia, hoy edificio Juan \u00c1lvarez del TSJDF; desde hace alg\u00fan tiempo, precis\u00f3, result\u00f3 insuficiente, al crecer las funciones y responsabilidades, pero sigue como siempre ha estado: erguido y brindando servicios a todos.<\/p>\n<p>Se refiri\u00f3 a la di\u00e1spora sufrida por la funci\u00f3n judicial con eventos como el terremoto de 1985, con lo que se inici\u00f3 un peregrinaje por diversos inmuebles de la ciudad, no siempre con \u00e9xito y sin la funcionalidad adecuada.<\/p>\n<p>\u201cY hoy estamos todos para inaugurar solemnemente las nuevas instalaciones de nuestras salas penales, en este magn\u00edfico y funcional edificio que les dar\u00e1 debido albergue, donde se ventilar\u00e1 la justicia en segunda instancia de manera oral y tradicional, y que pronto, el primero de noviembre, entrar\u00e1 plenamente en funciones\u201d, precis\u00f3 previ\u00f3 a la develaci\u00f3n de la placa de la nueva infraestructura, que se ubica justo enfrente del edificio Juan \u00c1lvarez.<\/p>\n<p>Por su parte, el jefe de gobierno Mancera Espinosa, refrend\u00f3 la voluntad pol\u00edtica de su administraci\u00f3n para sumar esfuerzos a favor del fortalecimiento de la tarea diaria del Poder Judicial local.<\/p>\n<p>Luego de la sesi\u00f3n solemne, el magistrado El\u00edas Azar, acompa\u00f1ado por el jefe de gobierno y el presidente de la Asamblea Legislativa, recorrieron una muestra de documentos hist\u00f3ricos del archivo que resguarda el Poder Judicial; posteriormente, develaron dos placas conmemorativas con motivo del 50 aniversario del edificio Juan \u00c1lvarez, y m\u00e1s tarde develaron la placa del edificio que alojar\u00e1 las salas penales del TSJDF, cuyo funcionamiento iniciar\u00e1 en noviembre pr\u00f3ximo.<\/p>\n","protected":false},"excerpt":{"rendered":"<p>El Poder Judicial capitalino camina con pasos seguros a la implementaci\u00f3n de la oralidad, afirm\u00f3 el presidente del Tribunal Superior de Justicia del Distrito Federal (TSJDF), magistrado Edgar El\u00edas Azar, en una jornada en la que se inaugur\u00f3 el nuevo edificio que albergar\u00e1 las salas penales, como parte del proyecto denominado Ciudad Judicial, y en la que se conmemor\u00f3 el 50 aniversario del edificio Juan \u00c1lvarez.<\/p>\n","protected":false},"author":3,"featured_media":193138,"comment_status":"open","ping_status":"open","sticky":false,"template":"","format":"standard","meta":{"_monsterinsights_skip_tracking":false,"_monsterinsights_sitenote_active":false,"_monsterinsights_sitenote_note":"","_monsterinsights_sitenote_category":0,"footnotes":""},"categories":[6],"tags":[204,1925,30618,2942],"class_list":["post-193080","post","type-post","status-publish","format-standard","has-post-thumbnail","hentry","category-cd-de-mexico","tag-ciudad-de-mexico","tag-edgar-elias-azar","tag-oralidad","tag-tribunal-superior-de-justicia-del-distrito-federal"],"_links":{"self":[{"href":"https:\/\/www.diarioimagen.net\/index.php?rest_route=\/wp\/v2\/posts\/193080","targetHints":{"allow":["GET"]}}],"collection":[{"href":"https:\/\/www.diarioimagen.net\/index.php?rest_route=\/wp\/v2\/posts"}],"about":[{"href":"https:\/\/www.diarioimagen.net\/index.php?rest_route=\/wp\/v2\/types\/post"}],"author":[{"embeddable":true,"href":"https:\/\/www.diarioimagen.net\/index.php?rest_route=\/wp\/v2\/users\/3"}],"replies":[{"embeddable":true,"href":"https:\/\/www.diarioimagen.net\/index.php?rest_route=%2Fwp%2Fv2%2Fcomments&post=193080"}],"version-history":[{"count":0,"href":"https:\/\/www.diarioimagen.net\/index.php?rest_route=\/wp\/v2\/posts\/193080\/revisions"}],"wp:featuredmedia":[{"embeddable":true,"href":"https:\/\/www.diarioimagen.net\/index.php?rest_route=\/wp\/v2\/media\/193138"}],"wp:attachment":[{"href":"https:\/\/www.diarioimagen.net\/index.php?rest_route=%2Fwp%2Fv2%2Fmedia&parent=193080"}],"wp:term":[{"taxonomy":"category","embeddable":true,"href":"https:\/\/www.diarioimagen.net\/index.php?rest_route=%2Fwp%2Fv2%2Fcategories&post=193080"},{"taxonomy":"post_tag","embeddable":true,"href":"https:\/\/www.diarioimagen.net\/index.php?rest_route=%2Fwp%2Fv2%2Ftags&post=193080"}],"curies":[{"name":"wp","href":"https:\/\/api.w.org\/{rel}","templated":true}]}}