{"id":193377,"date":"2014-10-20T00:05:17","date_gmt":"2014-10-20T05:05:17","guid":{"rendered":"http:\/\/www.diarioimagen.net\/?p=193377"},"modified":"2014-10-21T04:34:35","modified_gmt":"2014-10-21T09:34:35","slug":"ejercito-desarma-a-policia-de-tres-municipios-de-guerrero","status":"publish","type":"post","link":"https:\/\/www.diarioimagen.net\/?p=193377","title":{"rendered":"Ej\u00e9rcito desarma a polic\u00edas de tres municipios de Guerrero"},"content":{"rendered":"<ul>\n<li><strong><em>Diputados y senadores se volver\u00e1n a reunir esta semana con Osorio Chong y Murillo Karam<\/em><\/strong><\/li>\n<\/ul>\n<div id=\"attachment_193378\" style=\"width: 250px\" class=\"wp-caption alignleft\"><img loading=\"lazy\" decoding=\"async\" aria-describedby=\"caption-attachment-193378\" class=\"wp-image-193378 size-medium\" src=\"http:\/\/www.diarioimagen.net\/wp-content\/uploads\/2014\/10\/ejercito-portal-240x135.jpg\" alt=\"Adem\u00e1s de retirarle las armas a los polic\u00edas, las fuerzas federales se llevaron los equipos de radiocomunicaci\u00f3n para ser analizados por la divisi\u00f3n de inteligencia de la Polic\u00eda Federal.\" width=\"240\" height=\"135\" srcset=\"https:\/\/www.diarioimagen.net\/wp-content\/uploads\/2014\/10\/ejercito-portal-240x135.jpg 240w, https:\/\/www.diarioimagen.net\/wp-content\/uploads\/2014\/10\/ejercito-portal-420x236.jpg 420w, https:\/\/www.diarioimagen.net\/wp-content\/uploads\/2014\/10\/ejercito-portal-235x132.jpg 235w, https:\/\/www.diarioimagen.net\/wp-content\/uploads\/2014\/10\/ejercito-portal-202x114.jpg 202w, https:\/\/www.diarioimagen.net\/wp-content\/uploads\/2014\/10\/ejercito-portal-350x196.jpg 350w, https:\/\/www.diarioimagen.net\/wp-content\/uploads\/2014\/10\/ejercito-portal-220x123.jpg 220w, https:\/\/www.diarioimagen.net\/wp-content\/uploads\/2014\/10\/ejercito-portal-237x132.jpg 237w, https:\/\/www.diarioimagen.net\/wp-content\/uploads\/2014\/10\/ejercito-portal.jpg 480w\" sizes=\"auto, (max-width: 240px) 100vw, 240px\" \/><p id=\"caption-attachment-193378\" class=\"wp-caption-text\">Miembros de la Polic\u00eda Federal y el Ej\u00e9rcito peinan todas las regiones del estado de Guerrero en la b\u00fasqueda de los 43 normalistas desaparecidos, mientras la Marina realiza patrullajes.<\/p><\/div>\n<p>La Polic\u00eda Federal y el Ej\u00e9rcito mexicano desplegaron un operativo de b\u00fasqueda de los 43 normalistas de Iguala en la Tierra Caliente y norte del estado de Guerrero, donde adem\u00e1s desarmaron a las polic\u00edas municipales en Arcelia, Buenavista de Cu\u00e9llar y Taxco.<\/p>\n<p>La Federaci\u00f3n ha asumido el control de la seguridad en esos municipios, junto con el de Cocula, donde opera la organizaci\u00f3n criminal Guerreros Unidos.<\/p>\n<p>Adem\u00e1s de retirarle las armas a los polic\u00edas, las fuerzas federales se llevaron los equipos de radiocomunicaci\u00f3n para ser analizados por la divisi\u00f3n de inteligencia de la Polic\u00eda Federal.<\/p>\n<p>Mientras, la Marina y la Gendarmer\u00eda realizan tareas de patrullaje.<\/p>\n<p>En tanto, la Comisi\u00f3n Bicameral de Seguridad Nacional cit\u00f3 al secretario de la Defensa Nacional, al general Salvador Cienfuegos, para que informe lo que el Ej\u00e9rcito sabe del caso de los normalistas de Ayotzinapa y la situaci\u00f3n de violencia en Tierra Caliente, a ra\u00edz del hallazgo de fosas en diferentes partes de Guerrero.<\/p>\n<p>El senador perredista Alejandro Encinas, presidente de la Comisi\u00f3n Bicameral dijo que la reuni\u00f3n con el general secretario tendr\u00e1 car\u00e1cter privado y conf\u00edan en que ah\u00ed el titular del Ej\u00e9rcito mexicano aporte datos de inteligencia. \u201cAh\u00ed se estableci\u00f3 el 27 batall\u00f3n de infanter\u00eda desde los primeros a\u00f1os del combate al narcotr\u00e1fico y a la guerrilla, hay que recordar que muchos de los fen\u00f3menos de la guerra sucia se dieron por el enfrentamiento de la zona naval de Acapulco\u201d.<\/p>\n<p>Asimismo, diputados y senadores se volver\u00e1n a reunir esta semana con el secretario de Gobernaci\u00f3n, Miguel \u00c1ngel Osorio Chong, y el procurador general de la Rep\u00fablica, Jes\u00fas Murillo Karam.<\/p>\n<p>En la ciudad de M\u00e9xico, en la misa presidida en la Catedral Metropolitana por el cardenal Norberto Rivera, se pidi\u00f3 por el cese de la violencia y la hostilidad en contra de la sociedad civil en Guerrero y porque aparezcan los estudiantes desa\u00adparecidos.<\/p>\n","protected":false},"excerpt":{"rendered":"<p>La Polic\u00eda Federal y el Ej\u00e9rcito mexicano desplegaron un operativo de b\u00fasqueda de los 43 normalistas de Iguala en la Tierra Caliente y norte del estado de Guerrero, donde adem\u00e1s desarmaron a las polic\u00edas municipales en Arcelia, Buenavista de Cu\u00e9llar y Taxco.<\/p>\n","protected":false},"author":5,"featured_media":193378,"comment_status":"open","ping_status":"open","sticky":false,"template":"","format":"standard","meta":{"_monsterinsights_skip_tracking":false,"_monsterinsights_sitenote_active":false,"_monsterinsights_sitenote_note":"","_monsterinsights_sitenote_category":0,"footnotes":""},"categories":[3],"tags":[3573,3244,11674,25414,43673,1350],"class_list":["post-193377","post","type-post","status-publish","format-standard","has-post-thumbnail","hentry","category-nacional","tag-ejercito-mexicano","tag-guerrero","tag-iguala","tag-municipios","tag-nacional","tag-policia-federal"],"_links":{"self":[{"href":"https:\/\/www.diarioimagen.net\/index.php?rest_route=\/wp\/v2\/posts\/193377","targetHints":{"allow":["GET"]}}],"collection":[{"href":"https:\/\/www.diarioimagen.net\/index.php?rest_route=\/wp\/v2\/posts"}],"about":[{"href":"https:\/\/www.diarioimagen.net\/index.php?rest_route=\/wp\/v2\/types\/post"}],"author":[{"embeddable":true,"href":"https:\/\/www.diarioimagen.net\/index.php?rest_route=\/wp\/v2\/users\/5"}],"replies":[{"embeddable":true,"href":"https:\/\/www.diarioimagen.net\/index.php?rest_route=%2Fwp%2Fv2%2Fcomments&post=193377"}],"version-history":[{"count":0,"href":"https:\/\/www.diarioimagen.net\/index.php?rest_route=\/wp\/v2\/posts\/193377\/revisions"}],"wp:featuredmedia":[{"embeddable":true,"href":"https:\/\/www.diarioimagen.net\/index.php?rest_route=\/wp\/v2\/media\/193378"}],"wp:attachment":[{"href":"https:\/\/www.diarioimagen.net\/index.php?rest_route=%2Fwp%2Fv2%2Fmedia&parent=193377"}],"wp:term":[{"taxonomy":"category","embeddable":true,"href":"https:\/\/www.diarioimagen.net\/index.php?rest_route=%2Fwp%2Fv2%2Fcategories&post=193377"},{"taxonomy":"post_tag","embeddable":true,"href":"https:\/\/www.diarioimagen.net\/index.php?rest_route=%2Fwp%2Fv2%2Ftags&post=193377"}],"curies":[{"name":"wp","href":"https:\/\/api.w.org\/{rel}","templated":true}]}}