{"id":193464,"date":"2014-10-20T00:07:32","date_gmt":"2014-10-20T05:07:32","guid":{"rendered":"http:\/\/www.diarioimagen.net\/?p=193464"},"modified":"2014-10-20T04:22:16","modified_gmt":"2014-10-20T09:22:16","slug":"el-polemico-ombudsman","status":"publish","type":"post","link":"https:\/\/www.diarioimagen.net\/?p=193464","title":{"rendered":"El pol\u00e9mico ombudsman"},"content":{"rendered":"<h2>De frente y de perfil<\/h2>\n<h5>Ram\u00f3n Zurita Sahag\u00fan<\/h5>\n<p>&nbsp;<\/p>\n<p>En unos d\u00edas (15 de noviembre) termina la gesti\u00f3n de Ra\u00fal Plascencia Villanueva como presidente de la Comisi\u00f3n Nacional de Derechos Humanos y aunque tiene derecho a la reelecci\u00f3n, se duda mucho la consiga.<\/p>\n<p>Su gesti\u00f3n ha sido una de las m\u00e1s pol\u00e9micas de esta oficina creada en la administraci\u00f3n sexenal de Carlos Salinas de Gortari. Comienza y termina en medio de severos cuestionamientos, con frentes abiertos por todos lados y ahora se\u00f1alado por el exceso de lujo en un futuro cambio de domicilio.<\/p>\n<p>Plascencia Villanueva lleg\u00f3 a la CNDH despu\u00e9s de ocupar el cargo de segundo y primer visitador general de la Comisi\u00f3n Nacional de los Derechos Humanos y, desde noviembre de 2009 fue designado por el Senado de la Rep\u00fablica para ser el presidente de la Comisi\u00f3n Nacional de Derechos Humanos.<\/p>\n<p>En los cinco a\u00f1os de su gesti\u00f3n los se\u00f1alamientos han sido muchos sobre un irregular ejercicio al frente del organismo, en que se le ha ligado amistosamente con una serie de personajes cuestionados.<\/p>\n<p>Sus principales cr\u00edticos provienen del Partido Acci\u00f3n Nacional, al considerar pobre su defensa de los derechos humanos. Otros lo catalogan como un personaje c\u00f3modo para el poder, mientras que algunos organismos no gubernamentales han expresado las grav\u00edsimas omisiones de la CNDH frente a innumerables violaciones de los derechos humanos en M\u00e9xico y la utilizaci\u00f3n de la instituci\u00f3n a modo para fines distintos a la defensa de los derechos humanos.<\/p>\n<p>Han establecido que entre las violaciones a los derechos humanos frente a las que la CNDH ha sido omisa, se encuentran \u201clas m\u00e1s de 70 mil personas asesinadas entre el 1 de diciembre de 2006 y el 1 de diciembre de 2012; los miles de migrantes calificados como secuestrados, pero que tambi\u00e9n fueron y son desaparecidos, extorsionados, reclutados para trata, el crimen organizado, asesinados, y las 1.6 millones de v\u00edctimas de desplazamiento forzado a consecuencia de la violencia del crimen organizado\u201d.<\/p>\n<p>Asimismo, se\u00f1alan que la CNDH no ha actuado ante \u201clos cientos de miles de personas detenidas por el gobierno federal, se\u00f1aladas como delincuentes sin haber comprobado su culpabilidad o inocencia, entre 2006 y 2012 y las m\u00e1s de 25 mil personas desaparecidas en ese mismo lapso\u201d.<\/p>\n<p>Ra\u00fal Plascencia Villanueva es conocido por ser proclive al halago y al reconocimiento p\u00fablico, sin importar la procedencia de los mismos.<\/p>\n<p>Los presidentes que antecedieron a Plascencia Villanueva en la gesti\u00f3n de la CNDH no enfrentaron tantos cuestionamientos p\u00fablicos como s\u00ed se ha hecho con \u00e9l. Si acaso Jos\u00e9 Luis Soberanes, en alg\u00fan momento, resinti\u00f3 el paso por esa oficina.<\/p>\n<p>Jorge Carpizo, Jorge Madrazo Cu\u00e9llar, Mireille Roccatti, pasaron con mayor tranquilidad por la CNDH, aunque la \u00faltima tuvo algunos momentos de apuro.<\/p>\n<p>En el caso de Ra\u00fal Plascencia con todo y sus severos cr\u00edticos, se manten\u00eda (\u00bfmantiene?) como un firme prospecto para la reelecci\u00f3n, aunque en\u00a0 las semanas recientes las impugnaciones en su contra ha crecido.<\/p>\n<p>Pero la lista de aspirantes es sumamente extensa y en ella se mencionan una serie de nombres interesantes.<\/p>\n<p>Hay varios que se destacan sobre sus competidores como son: Luis de la Barreda Sol\u00f3rzano, ex titular de la Comisi\u00f3n de Derechos Humanos del Distrito Federal; Carlos P\u00e9rez V\u00e1zquez, coordinador de Derechos Humanos y asesor\u00eda de la presidencia de la Suprema Corte de Justicia de la Naci\u00f3n.<\/p>\n<p>Dos mujeres mantienen aspiraciones: Karmen Thereza Silva Fajardo, investigadora del Instituto Nacional de Ciencias Penales, y Susana Thal\u00eda Pedroza, ex titular de la secretar\u00eda t\u00e9cnica del Consejo Consultivo y de la Segunda Visitadur\u00eda General de la CNDH.<\/p>\n<p>Otros m\u00e1s son: Ricardo Bucio M\u00fajica, presidente del Consejo Nacional para Prevenir la Discriminaci\u00f3n y el actual secretario ejecutivo de la Comisi\u00f3n Interamericana de Derechos Humanos (CIDH), Emilio \u00c1lvarez Icaza, quien es el m\u00e1s longevo de los aspirante a presidir este organismo.<\/p>\n<p>Tambi\u00e9n Mauricio Farah Gebara, secretario general de la C\u00e1mara de Diputados y ex quinto visitador de la CNDH.\u2028\u2028 Ser\u00e1 en los pr\u00f3ximos d\u00edas cuando el Senado de la Rep\u00fablica entre a la din\u00e1mica de revisar los nombres que sean propuestos para conformar su terna, de la que saldr\u00e1 el nuevo presidente de la CNDH.<\/p>\n<p>Para eso, deber\u00e1n cubrir los siguientes requisitos: Ser ciudadano mexicano por nacimiento y estar en pleno goce y ejercicio de sus derechos civiles y pol\u00edticos.<\/p>\n<p>-Tener cumplidos 35 a\u00f1os el d\u00eda de su elecci\u00f3n. &#8211; Contar con experiencia en materia de derechos humanos o actividades afines reconocidas por las leyes mexicanas y los instrumentos jur\u00eddicos internacionales.<\/p>\n<p>&#8211; No desempe\u00f1ar, ni haber desempe\u00f1ado cargo de direcci\u00f3n nacional o estatal en alg\u00fan partido pol\u00edtico en el a\u00f1o anterior a su designaci\u00f3n.<\/p>\n<p>&#8211; No desempe\u00f1ar ni haber desempe\u00f1ado cargo de secretario o subsecretario de Estado, procurador general de la Rep\u00fablica, gobernador o procurador general de Justicia de alguna entidad federativa o jefe de gobierno del Distrito Federal, en el a\u00f1o anterior a su elecci\u00f3n.<\/p>\n<p>&#8211; Gozar de buena reputaci\u00f3n y no haber sido condenado por delito intencional que amerite pena de m\u00e1s de un a\u00f1o de prisi\u00f3n. Aunque si se tratara de robo, fraude, falsificaci\u00f3n, abuso de confianza u otro que lastime seriamente la buena fama en el concepto p\u00fablico, lo inhabilitar\u00e1 para el cargo, cualquiera que haya sido la pena. -Tener preferentemente t\u00edtulo de licenciado en derecho. La elecci\u00f3n del nuevo ombudsman nacional tiene cuatro etapas:<\/p>\n<p>1.- Convocatoria p\u00fablica.<\/p>\n<p>2.- Registro de aspirantes<\/p>\n<p>3.- Comparecencias de candidatas y candidatos en comisiones. (Del 27 al 31 de octubre).<\/p>\n<p>4.- Elaboraci\u00f3n y publicaci\u00f3n del dictamen correspondiente. (Antes del 13 de noviembre).<\/p>\n<p><em><a href=\"mailto:ramonzurita44@hotmail.com\" target=\"_blank\">ramonzurita44@hotmail.com<\/a><\/em><br \/>\n<a href=\"mailto:%20zurita_sahagun@hotmail.com\" target=\"_blank\"><em>zurita_sahagun@hotmail.com<\/em><\/a><\/p>\n","protected":false},"excerpt":{"rendered":"<p><span style=\"color: #005497;\"><strong>Ram\u00f3n Zurita Sahag\u00fan<\/strong><\/span><\/p>\n","protected":false},"author":3,"featured_media":0,"comment_status":"open","ping_status":"open","sticky":false,"template":"","format":"standard","meta":{"_monsterinsights_skip_tracking":false,"_monsterinsights_sitenote_active":false,"_monsterinsights_sitenote_note":"","_monsterinsights_sitenote_category":0,"footnotes":""},"categories":[234],"tags":[304,43674,43687],"class_list":["post-193464","post","type-post","status-publish","format-standard","hentry","category-ramon-zurita-sahagun","tag-de-frente-y-de-perfil","tag-opinion","tag-ramon-zurita-sahagun"],"_links":{"self":[{"href":"https:\/\/www.diarioimagen.net\/index.php?rest_route=\/wp\/v2\/posts\/193464","targetHints":{"allow":["GET"]}}],"collection":[{"href":"https:\/\/www.diarioimagen.net\/index.php?rest_route=\/wp\/v2\/posts"}],"about":[{"href":"https:\/\/www.diarioimagen.net\/index.php?rest_route=\/wp\/v2\/types\/post"}],"author":[{"embeddable":true,"href":"https:\/\/www.diarioimagen.net\/index.php?rest_route=\/wp\/v2\/users\/3"}],"replies":[{"embeddable":true,"href":"https:\/\/www.diarioimagen.net\/index.php?rest_route=%2Fwp%2Fv2%2Fcomments&post=193464"}],"version-history":[{"count":0,"href":"https:\/\/www.diarioimagen.net\/index.php?rest_route=\/wp\/v2\/posts\/193464\/revisions"}],"wp:attachment":[{"href":"https:\/\/www.diarioimagen.net\/index.php?rest_route=%2Fwp%2Fv2%2Fmedia&parent=193464"}],"wp:term":[{"taxonomy":"category","embeddable":true,"href":"https:\/\/www.diarioimagen.net\/index.php?rest_route=%2Fwp%2Fv2%2Fcategories&post=193464"},{"taxonomy":"post_tag","embeddable":true,"href":"https:\/\/www.diarioimagen.net\/index.php?rest_route=%2Fwp%2Fv2%2Ftags&post=193464"}],"curies":[{"name":"wp","href":"https:\/\/api.w.org\/{rel}","templated":true}]}}