{"id":193474,"date":"2014-10-20T00:05:46","date_gmt":"2014-10-20T05:05:46","guid":{"rendered":"http:\/\/www.diarioimagen.net\/?p=193474"},"modified":"2014-10-20T04:22:24","modified_gmt":"2014-10-20T09:22:24","slug":"foto-capital","status":"publish","type":"post","link":"https:\/\/www.diarioimagen.net\/?p=193474","title":{"rendered":"Foto Capital"},"content":{"rendered":"<h2>Detr\u00e1s del Poder<\/h2>\n<h5>Jos\u00e9 Antonio L\u00f3pez Sosa<\/h5>\n<p>&nbsp;<\/p>\n<p>Como una iniciativa para rescatar las im\u00e1genes cotidianas de la ciudad de M\u00e9xico, el gobierno local, la empresa GlobalCom y diversos patrocinadores convocaron a este concurso durante este mes.<\/p>\n<p>Foto Capital es un concurso de fotograf\u00eda digital dirigido a los habitantes y visitantes de la ciudad de M\u00e9xico, quienes en su visita o en su rutina diaria han capturado en una imagen fija los lugares y momentos que hacen \u00fanica a esta gran ciudad capital.<\/p>\n<p>El concurso de fotograf\u00eda busca estimular la participaci\u00f3n creativa y art\u00edstica al tomar como foco de inspiraci\u00f3n la ciudad de M\u00e9xico.<\/p>\n<p>Los concursantes deben registrarse para poder participar, y as\u00ed podr\u00e1n subir sus fotograf\u00edas que deben ser fotos de la ciudad de M\u00e9xico dentro de las categor\u00edas: art\u00edstica, arquitectura, capital verde, cultura y gastronom\u00eda.<\/p>\n<p>Los ganadores ser\u00e1n elegidos en un proceso de votaci\u00f3n democr\u00e1tico y de participaci\u00f3n p\u00fablica. Las personas podr\u00e1n votar del 11 al 23 de noviembre de 2014. S\u00f3lo se podr\u00e1 votar una vez al d\u00eda por fotograf\u00eda.<\/p>\n<p>La votaci\u00f3n generar\u00e1 50 fotograf\u00edas finalistas para cada categor\u00eda. Despu\u00e9s un jurado calificador seleccionar\u00e1 las fotos ganadoras de cada categor\u00eda teniendo en cuenta los criterios de \u201ccontenido, calidad y originalidad\u201d.<\/p>\n<p>Los ganadores del concurso recibir\u00e1n premio en efectivo, junto con una experiencia de viaje en la ciudad de M\u00e9xico con valor de 25 mil pesos.<\/p>\n<p>El concurso Foto Capital es posible gracias al apoyo del Fondo Mixto de Promoci\u00f3n Tur\u00edstica del Distrito Federal, Global Com Group, Aerom\u00e9xico, E! Entertainment Television y W Mexico City.<\/p>\n<p>Esta iniciativa es una buena herramienta para fortalecer la identidad de quienes nacimos y vivimos en la Ciudad de M\u00e9xico, asimismo para mostrar a los visitantes del pa\u00eds y extranjeros el valor que tiene nuestra ciudad m\u00e1s all\u00e1 de su condici\u00f3n de capital, como una urbe donde la gente vive, sue\u00f1a, disfruta y ve la vida pasar.<\/p>\n<p>Hasta el 10 de noviembre la gente puede subir sus fotograf\u00edas a trav\u00e9s del sitio <a href=\"http:\/\/www.concursofotocapital.com\" target=\"_blank\">www.concursofotocapital.com<\/a><\/p>\n<p><em><a href=\"mailto:lopez.sosa@mexico.com\" target=\"_blank\">lopez.sosa@mexico.com<\/a><\/em><br \/>\n<em><a href=\"http:\/\/twitter.com\/#%21\/joseantonio1977\" target=\"_blank\">@joseantonio1977<br \/>\n<\/a><a href=\"http:\/\/www.formulaconfidencial.com.mx\/\" target=\"_blank\">www.formulaconfidencial.com.mx<\/a><\/em><\/p>\n","protected":false},"excerpt":{"rendered":"<p><span style=\"color: #005497;\"><strong>Jos\u00e9 Antonio L\u00f3pez Sosa<\/strong><\/span><\/p>\n","protected":false},"author":3,"featured_media":0,"comment_status":"open","ping_status":"open","sticky":false,"template":"","format":"standard","meta":{"_monsterinsights_skip_tracking":false,"_monsterinsights_sitenote_active":false,"_monsterinsights_sitenote_note":"","_monsterinsights_sitenote_category":0,"footnotes":""},"categories":[637],"tags":[638,43690,43674],"class_list":["post-193474","post","type-post","status-publish","format-standard","hentry","category-jose-antonio-lopez-sosa","tag-detras-del-poder","tag-jose-antonio-lopez-sosa","tag-opinion"],"_links":{"self":[{"href":"https:\/\/www.diarioimagen.net\/index.php?rest_route=\/wp\/v2\/posts\/193474","targetHints":{"allow":["GET"]}}],"collection":[{"href":"https:\/\/www.diarioimagen.net\/index.php?rest_route=\/wp\/v2\/posts"}],"about":[{"href":"https:\/\/www.diarioimagen.net\/index.php?rest_route=\/wp\/v2\/types\/post"}],"author":[{"embeddable":true,"href":"https:\/\/www.diarioimagen.net\/index.php?rest_route=\/wp\/v2\/users\/3"}],"replies":[{"embeddable":true,"href":"https:\/\/www.diarioimagen.net\/index.php?rest_route=%2Fwp%2Fv2%2Fcomments&post=193474"}],"version-history":[{"count":0,"href":"https:\/\/www.diarioimagen.net\/index.php?rest_route=\/wp\/v2\/posts\/193474\/revisions"}],"wp:attachment":[{"href":"https:\/\/www.diarioimagen.net\/index.php?rest_route=%2Fwp%2Fv2%2Fmedia&parent=193474"}],"wp:term":[{"taxonomy":"category","embeddable":true,"href":"https:\/\/www.diarioimagen.net\/index.php?rest_route=%2Fwp%2Fv2%2Fcategories&post=193474"},{"taxonomy":"post_tag","embeddable":true,"href":"https:\/\/www.diarioimagen.net\/index.php?rest_route=%2Fwp%2Fv2%2Ftags&post=193474"}],"curies":[{"name":"wp","href":"https:\/\/api.w.org\/{rel}","templated":true}]}}