{"id":193610,"date":"2014-10-21T00:03:15","date_gmt":"2014-10-21T05:03:15","guid":{"rendered":"http:\/\/www.diarioimagen.net\/?p=193610"},"modified":"2014-10-22T04:40:41","modified_gmt":"2014-10-22T09:40:41","slug":"elias-azar-encabeza-inicio-de-semana-de-vacunacion","status":"publish","type":"post","link":"https:\/\/www.diarioimagen.net\/?p=193610","title":{"rendered":"El\u00edas Azar encabeza inicio de Semana de Vacunaci\u00f3n"},"content":{"rendered":"<ul>\n<li><strong><em>Prevendr\u00e1n la influenza estacional<\/em><\/strong><\/li>\n<\/ul>\n<div id=\"attachment_193664\" style=\"width: 250px\" class=\"wp-caption alignleft\"><a href=\"http:\/\/www.diarioimagen.net\/wp-content\/uploads\/2014\/10\/edgar-elias-azar-2468.jpg\"><img loading=\"lazy\" decoding=\"async\" aria-describedby=\"caption-attachment-193664\" class=\"size-medium wp-image-193664\" src=\"http:\/\/www.diarioimagen.net\/wp-content\/uploads\/2014\/10\/edgar-elias-azar-2468-240x160.jpg\" alt=\"Edgar El\u00edas Azar, magistrado presidente del TSJDF, fue el primero en aplicarse la vacuna contra la influenza estacional.\" width=\"240\" height=\"160\" srcset=\"https:\/\/www.diarioimagen.net\/wp-content\/uploads\/2014\/10\/edgar-elias-azar-2468-240x160.jpg 240w, https:\/\/www.diarioimagen.net\/wp-content\/uploads\/2014\/10\/edgar-elias-azar-2468-420x280.jpg 420w, https:\/\/www.diarioimagen.net\/wp-content\/uploads\/2014\/10\/edgar-elias-azar-2468.jpg 1200w\" sizes=\"auto, (max-width: 240px) 100vw, 240px\" \/><\/a><p id=\"caption-attachment-193664\" class=\"wp-caption-text\">Edgar El\u00edas Azar, magistrado presidente del TSJDF, fue el primero en aplicarse la vacuna contra la influenza estacional.<\/p><\/div>\n<p>El presidente del Tribunal Superior de Justicia del Distrito Federal, Edgar El\u00edas Azar, encabez\u00f3 el inicio de la campa\u00f1a 2014 de vacunaci\u00f3n contra la influenza en el \u00f3rgano judicial, mediante la cual se instalar\u00e1n puestos de aplicaci\u00f3n en la totalidad de sus sedes de manera calendarizada.<\/p>\n<p>El\u00edas Azar agradeci\u00f3 a las autoridades del gobierno del Distrito Federal la dotaci\u00f3n de m\u00e1s de 2 mil dosis, y convoc\u00f3 a empleados del TSJDF y al p\u00fablico usuario de los servicios de la justicia a aplicarse la vacuna.<\/p>\n<p>\u00abSe busca que vacunar a todo el personal, pero regularmente acuden cerca del 80 por ciento. De cualquier manera, hay vacunas para todos y con esto se espera optimizar el trabajo y as\u00ed no haya pretexto para faltar a laborar\u00bb, explic\u00f3 el magistrado.<\/p>\n<p>Las vacunas estar\u00e1n en todas las sedes del TSJDF y se espera que gradualmente todos los empleados de la dependencia acudan a vacunarse, desde el personal de limpieza hasta el total de los magistrados, puntualiz\u00f3 el presidente del Tribunal Superior de Justicia del Distrito Federal.<\/p>\n","protected":false},"excerpt":{"rendered":"<p>El presidente del Tribunal Superior de Justicia del Distrito Federal, Edgar El\u00edas Azar, encabez\u00f3 el inicio de la campa\u00f1a 2014 de vacunaci\u00f3n contra la influenza en el \u00f3rgano judicial, mediante la cual se instalar\u00e1n puestos de aplicaci\u00f3n en la totalidad de sus sedes de manera calendarizada.<\/p>\n","protected":false},"author":3,"featured_media":193664,"comment_status":"open","ping_status":"open","sticky":false,"template":"","format":"standard","meta":{"_monsterinsights_skip_tracking":false,"_monsterinsights_sitenote_active":false,"_monsterinsights_sitenote_note":"","_monsterinsights_sitenote_category":0,"footnotes":""},"categories":[6],"tags":[1925],"class_list":["post-193610","post","type-post","status-publish","format-standard","has-post-thumbnail","hentry","category-cd-de-mexico","tag-edgar-elias-azar"],"_links":{"self":[{"href":"https:\/\/www.diarioimagen.net\/index.php?rest_route=\/wp\/v2\/posts\/193610","targetHints":{"allow":["GET"]}}],"collection":[{"href":"https:\/\/www.diarioimagen.net\/index.php?rest_route=\/wp\/v2\/posts"}],"about":[{"href":"https:\/\/www.diarioimagen.net\/index.php?rest_route=\/wp\/v2\/types\/post"}],"author":[{"embeddable":true,"href":"https:\/\/www.diarioimagen.net\/index.php?rest_route=\/wp\/v2\/users\/3"}],"replies":[{"embeddable":true,"href":"https:\/\/www.diarioimagen.net\/index.php?rest_route=%2Fwp%2Fv2%2Fcomments&post=193610"}],"version-history":[{"count":0,"href":"https:\/\/www.diarioimagen.net\/index.php?rest_route=\/wp\/v2\/posts\/193610\/revisions"}],"wp:featuredmedia":[{"embeddable":true,"href":"https:\/\/www.diarioimagen.net\/index.php?rest_route=\/wp\/v2\/media\/193664"}],"wp:attachment":[{"href":"https:\/\/www.diarioimagen.net\/index.php?rest_route=%2Fwp%2Fv2%2Fmedia&parent=193610"}],"wp:term":[{"taxonomy":"category","embeddable":true,"href":"https:\/\/www.diarioimagen.net\/index.php?rest_route=%2Fwp%2Fv2%2Fcategories&post=193610"},{"taxonomy":"post_tag","embeddable":true,"href":"https:\/\/www.diarioimagen.net\/index.php?rest_route=%2Fwp%2Fv2%2Ftags&post=193610"}],"curies":[{"name":"wp","href":"https:\/\/api.w.org\/{rel}","templated":true}]}}