{"id":193815,"date":"2014-10-22T00:03:04","date_gmt":"2014-10-22T05:03:04","guid":{"rendered":"http:\/\/www.diarioimagen.net\/?p=193815"},"modified":"2014-10-22T04:38:41","modified_gmt":"2014-10-22T09:38:41","slug":"pistorius-condenado-a-cinco-anos-de-carcel","status":"publish","type":"post","link":"https:\/\/www.diarioimagen.net\/?p=193815","title":{"rendered":"Pistorius, condenado a cinco a\u00f1os de c\u00e1rcel"},"content":{"rendered":"<ul>\n<li><strong><em>Homicidio culposo contra su novia<\/em><\/strong><\/li>\n<\/ul>\n<div id=\"attachment_193865\" style=\"width: 250px\" class=\"wp-caption alignleft\"><a href=\"http:\/\/www.diarioimagen.net\/wp-content\/uploads\/2014\/10\/PISTORIUS-2469.jpg\"><img loading=\"lazy\" decoding=\"async\" aria-describedby=\"caption-attachment-193865\" class=\"size-medium wp-image-193865\" src=\"http:\/\/www.diarioimagen.net\/wp-content\/uploads\/2014\/10\/PISTORIUS-2469-240x133.jpg\" alt=\"Oscar Pistorius, atleta paral\u00edmpico, fue condenado a pasar cinco a\u00f1os en la c\u00e1rcel por el asesinato de su novia.\" width=\"240\" height=\"133\" srcset=\"https:\/\/www.diarioimagen.net\/wp-content\/uploads\/2014\/10\/PISTORIUS-2469-240x133.jpg 240w, https:\/\/www.diarioimagen.net\/wp-content\/uploads\/2014\/10\/PISTORIUS-2469-420x233.jpg 420w, https:\/\/www.diarioimagen.net\/wp-content\/uploads\/2014\/10\/PISTORIUS-2469-350x196.jpg 350w, https:\/\/www.diarioimagen.net\/wp-content\/uploads\/2014\/10\/PISTORIUS-2469-220x123.jpg 220w, https:\/\/www.diarioimagen.net\/wp-content\/uploads\/2014\/10\/PISTORIUS-2469-237x132.jpg 237w, https:\/\/www.diarioimagen.net\/wp-content\/uploads\/2014\/10\/PISTORIUS-2469.jpg 700w\" sizes=\"auto, (max-width: 240px) 100vw, 240px\" \/><\/a><p id=\"caption-attachment-193865\" class=\"wp-caption-text\">Oscar Pistorius, atleta paral\u00edmpico, fue condenado a pasar cinco a\u00f1os en la c\u00e1rcel por el asesinato de su novia.<\/p><\/div>\n<p><strong>Pretoria, Sud\u00e1frica<\/strong>.- El atleta paral\u00edmpico sud\u00e1fricano, Oscar Pistorius, fue condenado ayer a cinco a\u00f1os de prisi\u00f3n por el homicidio culposo de su novia, la modelo Reeva Steenkamp, cometido el 14 de febrero de 2013.<\/p>\n<p>La sentencia fue pronunciada por la jueza Thokozile Masipa, la segunda mujer de raza negra en ser nombrada en ese cargo en Sud\u00e1frica, quien consider\u00f3 la pena \u201cjusta\u201d, tanto para la sociedad, como para el ya condenado atleta su\u00addafricano.<\/p>\n<p>\u201cUna sentencia sin custodia enviar\u00eda un mensaje err\u00f3neo a la sociedad, pero una sentencia larga no ser\u00eda apropiada\u201d , dijo Masipa.<\/p>\n<p>Adem\u00e1s de la condena de cinco a\u00f1os, la jueza le impuso otra de tres a\u00f1os con suspensi\u00f3n de c\u00e1rcel por posesi\u00f3n de armas de fuego.<\/p>\n<p>La Fiscal\u00eda hab\u00eda solicitado una pena de al menos 10 a\u00f1os de prisi\u00f3n, mientras que la defensa pidi\u00f3 tres a\u00f1os de arresto domiciliario y la realizaci\u00f3n de trabajos sociales, al argumentar que las c\u00e1rceles en Sud\u00e1frica no est\u00e1n preparadas para albergar presos discapacitados.<\/p>\n<p>Pistorius, quien permaneci\u00f3 con gesto serio y triste cuando escuch\u00f3 la sentencia en la sala del Tribunal de Pretoria, ya ha ingresado en la c\u00e1rcel Kgosi Mampuru, en esa ciudad, a la que fue trasladado en un furg\u00f3n policial.<\/p>\n","protected":false},"excerpt":{"rendered":"<p>El atleta paral\u00edmpico sud\u00e1fricano, Oscar Pistorius, fue condenado ayer a cinco a\u00f1os de prisi\u00f3n por el homicidio culposo de su novia, la modelo Reeva Steenkamp, cometido el 14 de febrero de 2013.<\/p>\n","protected":false},"author":3,"featured_media":193865,"comment_status":"open","ping_status":"open","sticky":false,"template":"","format":"standard","meta":{"_monsterinsights_skip_tracking":false,"_monsterinsights_sitenote_active":false,"_monsterinsights_sitenote_note":"","_monsterinsights_sitenote_category":0,"footnotes":""},"categories":[10],"tags":[13206,43680,24505,8645,3332],"class_list":["post-193815","post","type-post","status-publish","format-standard","has-post-thumbnail","hentry","category-deportes","tag-carcel","tag-deportes","tag-oscar-pistorius","tag-pretoria","tag-sudafrica"],"_links":{"self":[{"href":"https:\/\/www.diarioimagen.net\/index.php?rest_route=\/wp\/v2\/posts\/193815","targetHints":{"allow":["GET"]}}],"collection":[{"href":"https:\/\/www.diarioimagen.net\/index.php?rest_route=\/wp\/v2\/posts"}],"about":[{"href":"https:\/\/www.diarioimagen.net\/index.php?rest_route=\/wp\/v2\/types\/post"}],"author":[{"embeddable":true,"href":"https:\/\/www.diarioimagen.net\/index.php?rest_route=\/wp\/v2\/users\/3"}],"replies":[{"embeddable":true,"href":"https:\/\/www.diarioimagen.net\/index.php?rest_route=%2Fwp%2Fv2%2Fcomments&post=193815"}],"version-history":[{"count":0,"href":"https:\/\/www.diarioimagen.net\/index.php?rest_route=\/wp\/v2\/posts\/193815\/revisions"}],"wp:featuredmedia":[{"embeddable":true,"href":"https:\/\/www.diarioimagen.net\/index.php?rest_route=\/wp\/v2\/media\/193865"}],"wp:attachment":[{"href":"https:\/\/www.diarioimagen.net\/index.php?rest_route=%2Fwp%2Fv2%2Fmedia&parent=193815"}],"wp:term":[{"taxonomy":"category","embeddable":true,"href":"https:\/\/www.diarioimagen.net\/index.php?rest_route=%2Fwp%2Fv2%2Fcategories&post=193815"},{"taxonomy":"post_tag","embeddable":true,"href":"https:\/\/www.diarioimagen.net\/index.php?rest_route=%2Fwp%2Fv2%2Ftags&post=193815"}],"curies":[{"name":"wp","href":"https:\/\/api.w.org\/{rel}","templated":true}]}}