{"id":193928,"date":"2014-10-23T00:03:59","date_gmt":"2014-10-23T05:03:59","guid":{"rendered":"http:\/\/www.diarioimagen.net\/?p=193928"},"modified":"2014-10-23T05:27:28","modified_gmt":"2014-10-23T10:27:28","slug":"guanajuato-el-terrorifico-destino-cultural-de-mexico","status":"publish","type":"post","link":"https:\/\/www.diarioimagen.net\/?p=193928","title":{"rendered":"Guanajuato: el terror\u00edfico destino cultural de M\u00e9xico"},"content":{"rendered":"<h2>Detr\u00e1s del Poder<\/h2>\n<h5>Jos\u00e9 Antonio L\u00f3pez Sosa<\/h5>\n<p>&nbsp;<\/p>\n<p>El Festival Internacional Cervantino es uno de los m\u00e1s importantes, no s\u00f3lo en M\u00e9xico, sino en el mundo entero cuando hablamos de arte, m\u00fasica, literatura y cultura en general. A lo largo de los a\u00f1os ha reunido expresiones diversas que nutren anualmente las plazas, teatros y callejones de Guanajuato, una de las ciudades m\u00e1s coloniales de nuestro pa\u00eds.<\/p>\n<p>Lamentablemente la intensa promoci\u00f3n tur\u00edstica que pretende ubicar a Guanajuato como el destino cultural de M\u00e9xico, se resquebraja cuando los distintos \u00e1mbitos de gobierno no trabajan con el mismo fin o hacia la misma direcci\u00f3n.<\/p>\n<p>Es inadmisible lo que sucedi\u00f3 con Ricardo de Jes\u00fas Esparza Villegas, de 23 a\u00f1os de edad, estudiante de mecatr\u00f3nica de la Universidad de Guadalajara quien asisti\u00f3 al festival acompa\u00f1ado de otros j\u00f3venes y fue detenido por polic\u00edas \u2014de acuerdo a las versiones de sus compa\u00f1eros, la tarde del 18 de octubre\u2014, para aparecer la ma\u00f1ana del 19 de octubre muerto en Pe\u00f1a Grande n\u00famero 28.<\/p>\n<p>Luego de la tragedia como suele suceder, nadie sabe, nadie supo y la propia polic\u00eda municipal en voz de Samuel Ugalde asegura no tener informaci\u00f3n de la detenci\u00f3n. Todo parece indicar, de acuerdo a la descripci\u00f3n que hicieron sus compa\u00f1eros, que quienes lo detuvieron fueron elementos de la Fuerza de Seguridad P\u00fablica del estado de Guanajuato.<\/p>\n<p>\u00bfQu\u00e9 dice el titular de Seguridad P\u00fablica estatal?, \u00bfqu\u00e9 dice el gobernador de Guanajuato al respecto?, a\u00fan no hay siquiera un comunicado oficial por parte del gobierno.<\/p>\n<p>No es posible que luego de detener a una persona, en este caso a un joven de 23 a\u00f1os, aparezca muerto al d\u00eda siguiente, supuestamente porque se cay\u00f3 de una azotea al tratar de robar una casa, \u00bfluego de ser detenido?, \u00bfbajo la custodia de polic\u00edas estatales?<\/p>\n<p>Guanajuato se suma a las entidades federativas donde la impunidad es cosa del diario y donde no hay las m\u00ednimas garant\u00edas para un visitante.<\/p>\n<p>Ese joven Ricardo de Jes\u00fas Esparza Villegas pudo ser cualquier ciudadano. Incluso en el caso que Esparza Villegas hubiese sido detenido cometiendo alg\u00fan delito, no hay justificaci\u00f3n para que amaneciera muerto al d\u00eda siguiente, se trata de una clara irregularidad que ha costado la vida de un estudiante a punto de graduarse en mecatr\u00f3nica, con un futuro por delante.<\/p>\n<p>No podemos seguir en el pa\u00eds que tortura y asesina a sus j\u00f3venes, con intenci\u00f3n o imprudencialmente, no puede seguir guardando silencio el estado de Guanajuato.<\/p>\n<p>\u00bfCon qu\u00e9 cara invitan al resto de M\u00e9xico y al mundo a visitarlos con hechos como \u00e9ste?<\/p>\n<p><em><a href=\"mailto:lopez.sosa@mexico.com\" target=\"_blank\">lopez.sosa@mexico.com<\/a><\/em><br \/>\n<em><a href=\"http:\/\/twitter.com\/#%21\/joseantonio1977\" target=\"_blank\">@joseantonio1977<br \/>\n<\/a><a href=\"http:\/\/www.formulaconfidencial.com.mx\/\" target=\"_blank\">www.formulaconfidencial.com.mx<\/a><\/em><\/p>\n","protected":false},"excerpt":{"rendered":"<p><span style=\"color: #005497;\"><strong>Jos\u00e9 Antonio L\u00f3pez Sosa<\/strong><\/span><\/p>\n","protected":false},"author":3,"featured_media":0,"comment_status":"open","ping_status":"open","sticky":false,"template":"","format":"standard","meta":{"_monsterinsights_skip_tracking":false,"_monsterinsights_sitenote_active":false,"_monsterinsights_sitenote_note":"","_monsterinsights_sitenote_category":0,"footnotes":""},"categories":[637],"tags":[638,43690,43674],"class_list":["post-193928","post","type-post","status-publish","format-standard","hentry","category-jose-antonio-lopez-sosa","tag-detras-del-poder","tag-jose-antonio-lopez-sosa","tag-opinion"],"_links":{"self":[{"href":"https:\/\/www.diarioimagen.net\/index.php?rest_route=\/wp\/v2\/posts\/193928","targetHints":{"allow":["GET"]}}],"collection":[{"href":"https:\/\/www.diarioimagen.net\/index.php?rest_route=\/wp\/v2\/posts"}],"about":[{"href":"https:\/\/www.diarioimagen.net\/index.php?rest_route=\/wp\/v2\/types\/post"}],"author":[{"embeddable":true,"href":"https:\/\/www.diarioimagen.net\/index.php?rest_route=\/wp\/v2\/users\/3"}],"replies":[{"embeddable":true,"href":"https:\/\/www.diarioimagen.net\/index.php?rest_route=%2Fwp%2Fv2%2Fcomments&post=193928"}],"version-history":[{"count":0,"href":"https:\/\/www.diarioimagen.net\/index.php?rest_route=\/wp\/v2\/posts\/193928\/revisions"}],"wp:attachment":[{"href":"https:\/\/www.diarioimagen.net\/index.php?rest_route=%2Fwp%2Fv2%2Fmedia&parent=193928"}],"wp:term":[{"taxonomy":"category","embeddable":true,"href":"https:\/\/www.diarioimagen.net\/index.php?rest_route=%2Fwp%2Fv2%2Fcategories&post=193928"},{"taxonomy":"post_tag","embeddable":true,"href":"https:\/\/www.diarioimagen.net\/index.php?rest_route=%2Fwp%2Fv2%2Ftags&post=193928"}],"curies":[{"name":"wp","href":"https:\/\/api.w.org\/{rel}","templated":true}]}}