{"id":194054,"date":"2014-10-24T00:02:04","date_gmt":"2014-10-24T05:02:04","guid":{"rendered":"http:\/\/www.diarioimagen.net\/?p=194054"},"modified":"2014-10-27T05:40:39","modified_gmt":"2014-10-27T11:40:39","slug":"parlamento-europeo-condena-caso-iguala","status":"publish","type":"post","link":"https:\/\/www.diarioimagen.net\/?p=194054","title":{"rendered":"Parlamento Europeo condena caso Iguala"},"content":{"rendered":"<ul>\n<li><strong><em>Se pidi\u00f3 a los Estados miembros reforzar su apoyo a M\u00e9xico en defensa de los derechos humanos<\/em><\/strong><\/li>\n<\/ul>\n<div id=\"attachment_194055\" style=\"width: 250px\" class=\"wp-caption alignleft\"><img loading=\"lazy\" decoding=\"async\" aria-describedby=\"caption-attachment-194055\" class=\"wp-image-194055 size-medium\" src=\"http:\/\/www.diarioimagen.net\/wp-content\/uploads\/2014\/10\/PARLAMENTO-PORTAL-240x135.jpg\" alt=\"Por su parte, la Secretar\u00eda de Relaciones Exteriores recibi\u00f3 con benepl\u00e1cito el reconocimiento del Parlamento Europeo a los esfuerzos que realiza el gobierno por resolver la desaparici\u00f3n de los estudiantes. \" width=\"240\" height=\"135\" srcset=\"https:\/\/www.diarioimagen.net\/wp-content\/uploads\/2014\/10\/PARLAMENTO-PORTAL-240x135.jpg 240w, https:\/\/www.diarioimagen.net\/wp-content\/uploads\/2014\/10\/PARLAMENTO-PORTAL-420x236.jpg 420w, https:\/\/www.diarioimagen.net\/wp-content\/uploads\/2014\/10\/PARLAMENTO-PORTAL-235x132.jpg 235w, https:\/\/www.diarioimagen.net\/wp-content\/uploads\/2014\/10\/PARLAMENTO-PORTAL-202x114.jpg 202w, https:\/\/www.diarioimagen.net\/wp-content\/uploads\/2014\/10\/PARLAMENTO-PORTAL-350x196.jpg 350w, https:\/\/www.diarioimagen.net\/wp-content\/uploads\/2014\/10\/PARLAMENTO-PORTAL-220x123.jpg 220w, https:\/\/www.diarioimagen.net\/wp-content\/uploads\/2014\/10\/PARLAMENTO-PORTAL-237x132.jpg 237w, https:\/\/www.diarioimagen.net\/wp-content\/uploads\/2014\/10\/PARLAMENTO-PORTAL.jpg 480w\" sizes=\"auto, (max-width: 240px) 100vw, 240px\" \/><p id=\"caption-attachment-194055\" class=\"wp-caption-text\">El Parlamento Europeo, integrado por miembros de distintas naciones del viejo continente, formul\u00f3 una condena por el caso Iguala, que consider\u00f3 como \u201cuna inaceptable desaparici\u00f3n forzada y criminal\u201d.<\/p><\/div>\n<p>El Parlamento Europeo conden\u00f3 de forma rotunda las \u201cinaceptables desapariciones forzosas y cr\u00edmenes en Iguala\u201d y pidi\u00f3 a las autoridades mexicanas que \u201cact\u00faen de forma r\u00e1pida, transparente e imparcial\u201d para arrestar y llevar ante la justicia a los responsables.<\/p>\n<p>Una resoluci\u00f3n adoptada ayer, reconoci\u00f3, sin embargo, las acciones que ha emprendido el gobierno de M\u00e9xico para encontrar a los 43 normalistas de\u00adsaparecidos y condenar a los culpables, con lo que se descart\u00f3 alguna sanci\u00f3n en contra del pa\u00eds. \u201cLas investigaciones deber\u00edan continuar hasta que los estudiantes est\u00e9n a salvo\u201d.<\/p>\n<p>La resoluci\u00f3n fue adoptada por 495 votos a favor, 86 en contra y 56 abstenciones. En ella se expresa la profunda preocupaci\u00f3n por la \u201caparente infiltraci\u00f3n del crimen organizado en los organismos locales policiales y administrativos\u201d.<\/p>\n<p>El Parlamento inst\u00f3 a los Estados miembros de la UE a aumentar el apoyo a M\u00e9xico para defender los derechos humanos a trav\u00e9s de programas y recursos financieros y t\u00e9cnicos apoyando las medidas que ha impulsado el presidente Enrique Pe\u00f1a Nieto.<\/p>\n<p>Por su parte, la Secretar\u00eda de Relaciones Exteriores recibi\u00f3 con benepl\u00e1cito el reconocimiento del Parlamento Europeo a los esfuerzos que realiza el gobierno por resolver la desaparici\u00f3n de los estudiantes. El embajador mexicano ante la Uni\u00f3n Europea, Juan Jos\u00e9 G\u00f3mez Camacho, dijo que es una iniciativa que \u201cnos alienta en la continua b\u00fasqueda de un r\u00e9gimen de justicia en el que la seguridad de los mexicanos se finque en el respeto de los derechos humanos\u201d.<\/p>\n","protected":false},"excerpt":{"rendered":"<p>El Parlamento Europeo conden\u00f3 de forma rotunda las \u201cinaceptables desapariciones forzosas y cr\u00edmenes en Iguala\u201d y pidi\u00f3 a las autoridades mexicanas que \u201cact\u00faen de forma r\u00e1pida, transparente e imparcial\u201d para arrestar y llevar ante la justicia a los responsables.<\/p>\n","protected":false},"author":5,"featured_media":194055,"comment_status":"open","ping_status":"open","sticky":false,"template":"","format":"standard","meta":{"_monsterinsights_skip_tracking":false,"_monsterinsights_sitenote_active":false,"_monsterinsights_sitenote_note":"","_monsterinsights_sitenote_category":0,"footnotes":""},"categories":[9],"tags":[11674,1676,43679],"class_list":["post-194054","post","type-post","status-publish","format-standard","has-post-thumbnail","hentry","category-mundo","tag-iguala","tag-matanza","tag-mundo"],"_links":{"self":[{"href":"https:\/\/www.diarioimagen.net\/index.php?rest_route=\/wp\/v2\/posts\/194054","targetHints":{"allow":["GET"]}}],"collection":[{"href":"https:\/\/www.diarioimagen.net\/index.php?rest_route=\/wp\/v2\/posts"}],"about":[{"href":"https:\/\/www.diarioimagen.net\/index.php?rest_route=\/wp\/v2\/types\/post"}],"author":[{"embeddable":true,"href":"https:\/\/www.diarioimagen.net\/index.php?rest_route=\/wp\/v2\/users\/5"}],"replies":[{"embeddable":true,"href":"https:\/\/www.diarioimagen.net\/index.php?rest_route=%2Fwp%2Fv2%2Fcomments&post=194054"}],"version-history":[{"count":0,"href":"https:\/\/www.diarioimagen.net\/index.php?rest_route=\/wp\/v2\/posts\/194054\/revisions"}],"wp:featuredmedia":[{"embeddable":true,"href":"https:\/\/www.diarioimagen.net\/index.php?rest_route=\/wp\/v2\/media\/194055"}],"wp:attachment":[{"href":"https:\/\/www.diarioimagen.net\/index.php?rest_route=%2Fwp%2Fv2%2Fmedia&parent=194054"}],"wp:term":[{"taxonomy":"category","embeddable":true,"href":"https:\/\/www.diarioimagen.net\/index.php?rest_route=%2Fwp%2Fv2%2Fcategories&post=194054"},{"taxonomy":"post_tag","embeddable":true,"href":"https:\/\/www.diarioimagen.net\/index.php?rest_route=%2Fwp%2Fv2%2Ftags&post=194054"}],"curies":[{"name":"wp","href":"https:\/\/api.w.org\/{rel}","templated":true}]}}