{"id":194978,"date":"2014-10-31T00:00:40","date_gmt":"2014-10-31T06:00:40","guid":{"rendered":"http:\/\/www.diarioimagen.net\/?p=194978"},"modified":"2014-10-31T04:29:58","modified_gmt":"2014-10-31T10:29:58","slug":"el-cancer-de-mama-no-es-una-condena-a-muerte","status":"publish","type":"post","link":"https:\/\/www.diarioimagen.net\/?p=194978","title":{"rendered":"El c\u00e1ncer de mama no es una condena a muerte"},"content":{"rendered":"<h2>C\u00e1psulas de la salud<\/h2>\n<h5>Elsa Rodr\u00edguez Osorio<\/h5>\n<p>&nbsp;<\/p>\n<ul>\n<li><strong><i>El virus del papiloma humano en los varones<\/i><\/strong><\/li>\n<li><strong><i>Catarata\u00a0 y glaucoma causan el 75% de los casos de ceguera<\/i><\/strong><\/li>\n<\/ul>\n<p>&nbsp;<\/p>\n<p><a href=\"http:\/\/www.diarioimagen.net\/wp-content\/uploads\/2013\/02\/cancer-mama-2028.jpg\"><img loading=\"lazy\" decoding=\"async\" class=\"alignleft size-medium wp-image-119849\" src=\"http:\/\/www.diarioimagen.net\/wp-content\/uploads\/2013\/02\/cancer-mama-2028-240x135.jpg\" alt=\"cancer-mama-2028\" width=\"240\" height=\"135\" \/><\/a>Hoy en d\u00eda el diagn\u00f3stico de c\u00e1ncer de mama no es una condena de muerte, es una enfermedad tratable, que se controla y en muchos casos es curable, indic\u00f3 el doctor Horacio Astudillo de la Vega,\u00a0investigador en medicina gen\u00f3mica. \u201cSe vive en la era postgen\u00f3mica, donde enfermedades complejas como el c\u00e1ncer est\u00e1n adquiriendo gran relevancia\u00a0por los beneficios que se logran, tanto en el diagn\u00f3stico temprano, como en el predictivo para los c\u00e1nceres hereditarios en el tratamiento y la supervivencia\u201d, se\u00f1al\u00f3 en el\u00a0foro\u00a0Tijuana Innovadora, realizado en esa ciudad. El especialista dijo que el \u00e9xito terap\u00e9utico s\u00f3lo se pudo alcanzar con el advenimiento de medicamentos de blanco molecular y pruebas de tamizaje molecular que le permiten predecir a los m\u00e9dicos onc\u00f3logos cu\u00e1les tumores malignos van a responder mejor con cada terapia, evitando sobretratamiento para el paciente. La tecnolog\u00eda actual permite pronosticar y predecir la respuesta de los tumores mamarios a los tratamientos de quimioterapia, as\u00ed como el riesgo de posibles reca\u00eddas hasta por diez a\u00f1os. La detecci\u00f3n temprana es la mejor estrategia terap\u00e9utica para tratar enfermedades complejas como el c\u00e1ncer, aunado a las nuevas tecnolog\u00edas de punta, lo que permite la curaci\u00f3n en un gran porcentaje de casos.<\/p>\n<p style=\"text-align: center;\"><b>*****\u00a0<\/b><\/p>\n<p>El virus del papiloma humano (VPH) causa distintos tipos de c\u00e1nceres en los varones, como el c\u00e1ncer de ano, c\u00e1ncer de pene y c\u00e1ncer de garganta. Al mismo tiempo, la infecci\u00f3n por algunos de los tipos del VPH puede ocasionar en el var\u00f3n la aparici\u00f3n de verrugas genitales. Estad\u00edsticas del a\u00f1o 2008 advierten que, cada a\u00f1o, el virus del papiloma humano es la causa de 24 mil casos de c\u00e1ncer anal, de 22 mil de garganta (orofaringe) y de 11 mil casos de c\u00e1ncer de pene. De las dos vacunas existentes que previenen la infecci\u00f3n por VHP, la tetravalente es la \u00fanica que ha sido aprobada para ser usada en varones, y que ha demostrado prevenir el c\u00e1ncer anal, as\u00ed como tambi\u00e9n las verrugas genitales. Se considera que la vacuna prevenga contra el c\u00e1ncer de orofaringe, dado que \u00e9ste en la mayor\u00eda de los casos es resultado de la infecci\u00f3n por VPH. Se recomienda que en los varones la vacuna tetravalente contra el VPH sea administrada a partir de los 11 o 12 a\u00f1os de edad y hasta los 26 a\u00f1os.<\/p>\n<p style=\"text-align: center;\"><b>\u00a0****<\/b><\/p>\n<p>En el marco del Mes Mundial de la Salud Visual, especialistas \u00a0recomiendan acudir por lo menos una vez al a\u00f1o con el optometrista, a fin de evitar discapacidades visuales prevenibles o curables. Seg\u00fan datos de la OMS, en Am\u00e9rica Latina la catarata y el glaucoma causan el 75% de los casos de ceguera, no obstante la diabetes es un factor determinante en la p\u00e9rdida de la visi\u00f3n. Otras causas: retinopat\u00eda diab\u00e9tica,\u00a0degeneraci\u00f3n macular asociada a la edad y los errores de refracci\u00f3n, enfermedades que pueden ser detectadas a tiempo a trav\u00e9s de ex\u00e1menes visuales. Sandra R\u00e1bago, especialista en optometr\u00eda y gerente de Productos de Essilor M\u00e9xico, destac\u00f3 \u00a0que las discapacidades visuales pueden afectar la calidad de vida de las personas y limitarlas en sus actividades cotidianas si no se detectan \u00a0a tiempo. Alrededor del 80% de toda la exposici\u00f3n UV ocurre antes de los 18 a\u00f1os, estos rayos tienen un efecto acumulativo y a menudo irreversible, por lo tanto, proteger los ojos desde la ni\u00f1ez, puede reducir significativamente el riesgo de problemas de la vista en la vida adulta. En el mundo hay cerca de 285 millones de personas con impedimento visual, 39 millones son ciegas y 246 millones tienen deficiencia visual severa o moderada. En M\u00e9xico, m\u00e1s de 48 millones de personas requieren alguna correcci\u00f3n visual y muchos lo ignoran. S\u00edntomas que ayuda a identificar problemas oculares: visi\u00f3n borrosa, visi\u00f3n doble, enrojecimiento de los ojos, ojos sensibles a la luz, lagrimeo excesivo, p\u00e1rpados ca\u00eddos, dolores de cabeza, acercarse \u00a0para ver la televisi\u00f3n o para leer.<\/p>\n<p><em><a href=\"mailto:elros05_2000@yahoo.com.mx\" target=\"_blank\">elros05_2000@yahoo.com.mx<\/a><\/em><\/p>\n","protected":false},"excerpt":{"rendered":"<p><span style=\"color: #005497;\"><strong>Elsa Rodr\u00edguez Osorio<\/strong><\/span><br \/>\n<br \/>\nHoy en d\u00eda el diagn\u00f3stico de c\u00e1ncer de mama no es una condena de muerte, es una enfermedad tratable, que se controla y en muchos casos es curable, indic\u00f3 el doctor Horacio Astudillo de la Vega, investigador en medicina gen\u00f3mica. <\/p>\n","protected":false},"author":1,"featured_media":0,"comment_status":"open","ping_status":"open","sticky":false,"template":"","format":"standard","meta":{"_monsterinsights_skip_tracking":false,"_monsterinsights_sitenote_active":false,"_monsterinsights_sitenote_note":"","_monsterinsights_sitenote_category":0,"footnotes":""},"categories":[877],"tags":[12894,43705,43692],"class_list":["post-194978","post","type-post","status-publish","format-standard","hentry","category-salud","tag-capsulas-de-la-salud","tag-elsa-rodriguez-osorio","tag-salud"],"_links":{"self":[{"href":"https:\/\/www.diarioimagen.net\/index.php?rest_route=\/wp\/v2\/posts\/194978","targetHints":{"allow":["GET"]}}],"collection":[{"href":"https:\/\/www.diarioimagen.net\/index.php?rest_route=\/wp\/v2\/posts"}],"about":[{"href":"https:\/\/www.diarioimagen.net\/index.php?rest_route=\/wp\/v2\/types\/post"}],"author":[{"embeddable":true,"href":"https:\/\/www.diarioimagen.net\/index.php?rest_route=\/wp\/v2\/users\/1"}],"replies":[{"embeddable":true,"href":"https:\/\/www.diarioimagen.net\/index.php?rest_route=%2Fwp%2Fv2%2Fcomments&post=194978"}],"version-history":[{"count":0,"href":"https:\/\/www.diarioimagen.net\/index.php?rest_route=\/wp\/v2\/posts\/194978\/revisions"}],"wp:attachment":[{"href":"https:\/\/www.diarioimagen.net\/index.php?rest_route=%2Fwp%2Fv2%2Fmedia&parent=194978"}],"wp:term":[{"taxonomy":"category","embeddable":true,"href":"https:\/\/www.diarioimagen.net\/index.php?rest_route=%2Fwp%2Fv2%2Fcategories&post=194978"},{"taxonomy":"post_tag","embeddable":true,"href":"https:\/\/www.diarioimagen.net\/index.php?rest_route=%2Fwp%2Fv2%2Ftags&post=194978"}],"curies":[{"name":"wp","href":"https:\/\/api.w.org\/{rel}","templated":true}]}}