{"id":195087,"date":"2014-11-03T00:04:15","date_gmt":"2014-11-03T06:04:15","guid":{"rendered":"http:\/\/www.diarioimagen.net\/?p=195087"},"modified":"2014-11-04T06:14:05","modified_gmt":"2014-11-04T12:14:05","slug":"anuncia-an-reformas-por-consulta-popular","status":"publish","type":"post","link":"https:\/\/www.diarioimagen.net\/?p=195087","title":{"rendered":"Anuncia AN reformas por consulta popular"},"content":{"rendered":"<ul>\n<li><strong><em>Y salario m\u00ednimo<\/em><\/strong><\/li>\n<\/ul>\n<div id=\"attachment_195168\" style=\"width: 250px\" class=\"wp-caption alignleft\"><a href=\"http:\/\/www.diarioimagen.net\/wp-content\/uploads\/2014\/11\/anaya-2477.jpg\"><img loading=\"lazy\" decoding=\"async\" aria-describedby=\"caption-attachment-195168\" class=\"size-medium wp-image-195168\" src=\"http:\/\/www.diarioimagen.net\/wp-content\/uploads\/2014\/11\/anaya-2477-240x135.jpg\" alt=\"El dirigente nacional del PAN, Ricardo Anaya, anunci\u00f3 que luego del fallo de la Corte, su partido presentar\u00e1 iniciativas concretas sobre salario m\u00ednimo y participaci\u00f3n ciudadana en asuntos de inter\u00e9s nacional.\" width=\"240\" height=\"135\" srcset=\"https:\/\/www.diarioimagen.net\/wp-content\/uploads\/2014\/11\/anaya-2477-240x135.jpg 240w, https:\/\/www.diarioimagen.net\/wp-content\/uploads\/2014\/11\/anaya-2477-420x236.jpg 420w, https:\/\/www.diarioimagen.net\/wp-content\/uploads\/2014\/11\/anaya-2477-235x132.jpg 235w, https:\/\/www.diarioimagen.net\/wp-content\/uploads\/2014\/11\/anaya-2477-202x114.jpg 202w, https:\/\/www.diarioimagen.net\/wp-content\/uploads\/2014\/11\/anaya-2477-350x196.jpg 350w, https:\/\/www.diarioimagen.net\/wp-content\/uploads\/2014\/11\/anaya-2477-220x123.jpg 220w, https:\/\/www.diarioimagen.net\/wp-content\/uploads\/2014\/11\/anaya-2477-237x132.jpg 237w, https:\/\/www.diarioimagen.net\/wp-content\/uploads\/2014\/11\/anaya-2477.jpg 480w\" sizes=\"auto, (max-width: 240px) 100vw, 240px\" \/><\/a><p id=\"caption-attachment-195168\" class=\"wp-caption-text\">El dirigente nacional del PAN, Ricardo Anaya, anunci\u00f3 que luego del fallo de la Corte, su partido presentar\u00e1 iniciativas concretas sobre salario m\u00ednimo y participaci\u00f3n ciudadana en asuntos de inter\u00e9s nacional.<\/p><\/div>\n<p>Luego de que la Corte rechaz\u00f3 su propuesta de consulta popular sobre salario m\u00ednimo, el dirigente del Partido Acci\u00f3n Nacional, Ricardo Anaya, anunci\u00f3 que presentar\u00e1 iniciativas en materia pol\u00edtica y laboral a fin de posibilitar dicho ejercicio democr\u00e1tico y dignificar el ingreso de los trabajadores.<\/p>\n<p>Respecto a la iniciativa sobre consulta popular, el dirigente panista explic\u00f3 que la intenci\u00f3n es defender el derecho de los ciudadanos a participar en la toma de decisiones sobre asuntos de inter\u00e9s nacional.<\/p>\n<p>En tanto, la iniciativa sobre salario m\u00ednimo, abund\u00f3, buscar\u00e1 garantizar un ingreso digno y suficiente para los trabajadores y sus familias, de modo que cubra sus necesidades y les permita una mejor calidad de vida.<\/p>\n<p>Por su parte, el coordinador de la bancada de diputados de ese partido, Jos\u00e9 Isabel Trejo, expuso que se buscar\u00e1 reformar la Ley de Consulta Popular, al considerar que la Suprema Corte de Justicia \u201cchafe\u00f3\u201d al desechar la propuesta presentada por Acci\u00f3n Nacional en materia de salarios m\u00ednimos.<\/p>\n<p>Dijo que propondr\u00e1 a sus correligionarios este cambio porque \u201chay que ser m\u00e1s claros en t\u00e9rminos de lo que se haga en el Congreso para cerrar la posibilidad de que se limiten los derechos a los ciudadanos. Los ciudadanos no pueden ni siquiera contestar una pregunta, y eso est\u00e1 muy mal para el desarrollo del pa\u00eds. Lo lamentable es que sea una corte timorata, esto no pude ser\u201d.<\/p>\n","protected":false},"excerpt":{"rendered":"<p>Luego de que la Corte rechaz\u00f3 su propuesta de consulta popular sobre salario m\u00ednimo, el dirigente del Partido Acci\u00f3n Nacional, Ricardo Anaya, anunci\u00f3 que presentar\u00e1 iniciativas en materia pol\u00edtica y laboral a fin de posibilitar dicho ejercicio democr\u00e1tico y dignificar el ingreso de los trabajadores.<\/p>\n","protected":false},"author":3,"featured_media":195168,"comment_status":"open","ping_status":"open","sticky":false,"template":"","format":"standard","meta":{"_monsterinsights_skip_tracking":false,"_monsterinsights_sitenote_active":false,"_monsterinsights_sitenote_note":"","_monsterinsights_sitenote_category":0,"footnotes":""},"categories":[3],"tags":[29432,43673,982,16104],"class_list":["post-195087","post","type-post","status-publish","format-standard","has-post-thumbnail","hentry","category-nacional","tag-consulta-popular","tag-nacional","tag-partido-accion-nacional","tag-salario-minimo"],"_links":{"self":[{"href":"https:\/\/www.diarioimagen.net\/index.php?rest_route=\/wp\/v2\/posts\/195087","targetHints":{"allow":["GET"]}}],"collection":[{"href":"https:\/\/www.diarioimagen.net\/index.php?rest_route=\/wp\/v2\/posts"}],"about":[{"href":"https:\/\/www.diarioimagen.net\/index.php?rest_route=\/wp\/v2\/types\/post"}],"author":[{"embeddable":true,"href":"https:\/\/www.diarioimagen.net\/index.php?rest_route=\/wp\/v2\/users\/3"}],"replies":[{"embeddable":true,"href":"https:\/\/www.diarioimagen.net\/index.php?rest_route=%2Fwp%2Fv2%2Fcomments&post=195087"}],"version-history":[{"count":0,"href":"https:\/\/www.diarioimagen.net\/index.php?rest_route=\/wp\/v2\/posts\/195087\/revisions"}],"wp:featuredmedia":[{"embeddable":true,"href":"https:\/\/www.diarioimagen.net\/index.php?rest_route=\/wp\/v2\/media\/195168"}],"wp:attachment":[{"href":"https:\/\/www.diarioimagen.net\/index.php?rest_route=%2Fwp%2Fv2%2Fmedia&parent=195087"}],"wp:term":[{"taxonomy":"category","embeddable":true,"href":"https:\/\/www.diarioimagen.net\/index.php?rest_route=%2Fwp%2Fv2%2Fcategories&post=195087"},{"taxonomy":"post_tag","embeddable":true,"href":"https:\/\/www.diarioimagen.net\/index.php?rest_route=%2Fwp%2Fv2%2Ftags&post=195087"}],"curies":[{"name":"wp","href":"https:\/\/api.w.org\/{rel}","templated":true}]}}