{"id":195097,"date":"2014-11-03T00:03:34","date_gmt":"2014-11-03T06:03:34","guid":{"rendered":"http:\/\/www.diarioimagen.net\/?p=195097"},"modified":"2014-11-04T06:14:02","modified_gmt":"2014-11-04T12:14:02","slug":"faltan-recursos-para-los-juicios-orales-edgar-elias-azar","status":"publish","type":"post","link":"https:\/\/www.diarioimagen.net\/?p=195097","title":{"rendered":"Faltan recursos para los juicios orales: Edgar El\u00edas Azar"},"content":{"rendered":"<ul>\n<li><strong><em>Alerta de que no hay condiciones habilitantes de infraestructura y recursos humanos para la carga de trabajo que se espera<\/em><\/strong><\/li>\n<\/ul>\n<div id=\"attachment_164589\" style=\"width: 250px\" class=\"wp-caption alignleft\"><a href=\"http:\/\/www.diarioimagen.net\/wp-content\/uploads\/2014\/02\/elias-azar-2300.jpg\"><img loading=\"lazy\" decoding=\"async\" aria-describedby=\"caption-attachment-164589\" class=\"wp-image-164589 size-medium\" src=\"http:\/\/www.diarioimagen.net\/wp-content\/uploads\/2014\/02\/elias-azar-2300-240x135.jpg\" alt=\"Edgar El\u00edas Azar, magistrado presidente del TSJDF y de la Conatrib, alert\u00f3 de la falta de recursos para llevar adelante los juicios orales.\" width=\"240\" height=\"135\" srcset=\"https:\/\/www.diarioimagen.net\/wp-content\/uploads\/2014\/02\/elias-azar-2300-240x135.jpg 240w, https:\/\/www.diarioimagen.net\/wp-content\/uploads\/2014\/02\/elias-azar-2300-420x236.jpg 420w, https:\/\/www.diarioimagen.net\/wp-content\/uploads\/2014\/02\/elias-azar-2300-235x132.jpg 235w, https:\/\/www.diarioimagen.net\/wp-content\/uploads\/2014\/02\/elias-azar-2300-202x114.jpg 202w, https:\/\/www.diarioimagen.net\/wp-content\/uploads\/2014\/02\/elias-azar-2300-350x196.jpg 350w, https:\/\/www.diarioimagen.net\/wp-content\/uploads\/2014\/02\/elias-azar-2300-220x123.jpg 220w, https:\/\/www.diarioimagen.net\/wp-content\/uploads\/2014\/02\/elias-azar-2300-237x132.jpg 237w, https:\/\/www.diarioimagen.net\/wp-content\/uploads\/2014\/02\/elias-azar-2300.jpg 480w\" sizes=\"auto, (max-width: 240px) 100vw, 240px\" \/><\/a><p id=\"caption-attachment-164589\" class=\"wp-caption-text\">Edgar El\u00edas Azar, magistrado presidente del TSJDF y de la Conatrib, alert\u00f3 de la falta de recursos para llevar adelante los juicios orales.<\/p><\/div>\n<p>Las autoridades en materia hacendaria y presupuestaria deben considerar una inversi\u00f3n permanente para que los nuevos juzgados y juzgadores que se requerir\u00e1n en el nuevo sistema de justicia penal puedan operar, advirti\u00f3 el presidente de la Comisi\u00f3n Nacional de Tribunales Superiores de los Estados Unidos Mexicanos (Conatrib), al alertar que no est\u00e1n dadas las condiciones habilitantes de infraestructura y recursos humanos frente a la carga de trabajo que se espera.<\/p>\n<p>\u201cQu\u00e9 bueno que tengamos los ojos puestos en la implementaci\u00f3n, pero no subestimemos la dificultad de operaci\u00f3n, que es lo que har\u00e1 del nuevo modelo de justicia penal una estructura sustentable y confiable para la ciudadan\u00eda\u201d, dijo ante estudiantes de derecho, a quienes urgi\u00f3 a dotarse de conocimientos de vanguardia para una incorporaci\u00f3n con \u00e9xito al \u00e1mbito laboral.<\/p>\n<p>El magistrado consider\u00f3 que las competencias profesionales en materia de oralidad son el primer requisito para que el nuevo sistema de justicia penal funcione adecuadamente, pero advirti\u00f3 que por s\u00ed solo este aspecto no es suficiente para una \u00f3ptima implementaci\u00f3n, y mucho menos una exitosa operaci\u00f3n del sistema jur\u00eddico ordenado por mandato constitucional.<\/p>\n<p>Asegur\u00f3 que los operadores judiciales despliegan toda su disposici\u00f3n y esfuerzo para cumplir con el mandato de dar a la sociedad un sistema de justicia acorde a las nuevas necesidades. \u201cNo s\u00f3lo m\u00e1s moderno y adecuado a este siglo XXI, sino tambi\u00e9n, y b\u00e1sicamente, m\u00e1s justo, abierto, expedito y mejor pertrechado para lograr sus prop\u00f3sitos: hacer justicia y abatir la impunidad\u201d, puntualiz\u00f3.<\/p>\n<p>Sin embargo, el tambi\u00e9n presidente del Tribunal Superior de Justicia del Distrito Federal, record\u00f3 que los tribunales sufren en forma permanente los embates de la autoridad presupuestal y los recortes financieros a los que obligan circunstancias coyunturales. Hace falta, advirti\u00f3, de manera apremiante, una fuerte inversi\u00f3n de recursos, de toda \u00edndole, para que se consolide la implementaci\u00f3n del nuevo sistema en las entidades federativas.<\/p>\n<p>En el marco de una de las fases regionales del Segundo Certamen Nacional Universitario Conatrib de Litigaci\u00f3n Oral, convoc\u00f3, asimismo, a la autoridades de las instituciones de educaci\u00f3n superior a sumarse a tomar las riendas del cambio y redoblar esfuerzos para adecuar y actualizar los planes de estudio de la carrera de derecho, con el prop\u00f3sito de responder al nuevo paradigma de administraci\u00f3n de justicia.<\/p>\n<p>\u201cLa incorporaci\u00f3n activa de las universidades en las transformaciones institucionales dan una perspectiva cient\u00edfica y un respaldo de autoridad que, a final, se traduce en mayor comprensi\u00f3n ciudadana y respaldo popular a los cambios\u201d.<\/p>\n","protected":false},"excerpt":{"rendered":"<p>Las autoridades en materia hacendaria y presupuestaria deben considerar una inversi\u00f3n permanente para que los nuevos juzgados y juzgadores que se requerir\u00e1n en el nuevo sistema de justicia penal puedan operar, advirti\u00f3 el presidente de la Comisi\u00f3n Nacional de Tribunales Superiores de los Estados Unidos Mexicanos (Conatrib), al alertar que no est\u00e1n dadas las condiciones habilitantes de infraestructura y recursos humanos frente a la carga de trabajo que se espera.<\/p>\n","protected":false},"author":3,"featured_media":164589,"comment_status":"open","ping_status":"open","sticky":false,"template":"","format":"standard","meta":{"_monsterinsights_skip_tracking":false,"_monsterinsights_sitenote_active":false,"_monsterinsights_sitenote_note":"","_monsterinsights_sitenote_category":0,"footnotes":""},"categories":[6],"tags":[204,1925,19417,20477],"class_list":["post-195097","post","type-post","status-publish","format-standard","has-post-thumbnail","hentry","category-cd-de-mexico","tag-ciudad-de-mexico","tag-edgar-elias-azar","tag-juicios-orales","tag-recursos"],"_links":{"self":[{"href":"https:\/\/www.diarioimagen.net\/index.php?rest_route=\/wp\/v2\/posts\/195097","targetHints":{"allow":["GET"]}}],"collection":[{"href":"https:\/\/www.diarioimagen.net\/index.php?rest_route=\/wp\/v2\/posts"}],"about":[{"href":"https:\/\/www.diarioimagen.net\/index.php?rest_route=\/wp\/v2\/types\/post"}],"author":[{"embeddable":true,"href":"https:\/\/www.diarioimagen.net\/index.php?rest_route=\/wp\/v2\/users\/3"}],"replies":[{"embeddable":true,"href":"https:\/\/www.diarioimagen.net\/index.php?rest_route=%2Fwp%2Fv2%2Fcomments&post=195097"}],"version-history":[{"count":0,"href":"https:\/\/www.diarioimagen.net\/index.php?rest_route=\/wp\/v2\/posts\/195097\/revisions"}],"wp:featuredmedia":[{"embeddable":true,"href":"https:\/\/www.diarioimagen.net\/index.php?rest_route=\/wp\/v2\/media\/164589"}],"wp:attachment":[{"href":"https:\/\/www.diarioimagen.net\/index.php?rest_route=%2Fwp%2Fv2%2Fmedia&parent=195097"}],"wp:term":[{"taxonomy":"category","embeddable":true,"href":"https:\/\/www.diarioimagen.net\/index.php?rest_route=%2Fwp%2Fv2%2Fcategories&post=195097"},{"taxonomy":"post_tag","embeddable":true,"href":"https:\/\/www.diarioimagen.net\/index.php?rest_route=%2Fwp%2Fv2%2Ftags&post=195097"}],"curies":[{"name":"wp","href":"https:\/\/api.w.org\/{rel}","templated":true}]}}