{"id":195122,"date":"2014-12-22T00:06:15","date_gmt":"2014-12-22T06:06:15","guid":{"rendered":"http:\/\/www.diarioimagen.net\/?p=195122"},"modified":"2014-12-23T02:27:00","modified_gmt":"2014-12-23T08:27:00","slug":"la-oposicion-en-mexico-una-pesima-cocinera","status":"publish","type":"post","link":"https:\/\/www.diarioimagen.net\/?p=195122","title":{"rendered":"La oposici\u00f3n en M\u00e9xico, una p\u00e9sima cocinera"},"content":{"rendered":"<h2>Tras la puerta del poder<\/h2>\n<h5>Roberto Vizca\u00edno<\/h5>\n<p>&nbsp;<\/p>\n<ul>\n<li><em><strong>El centro de la democracia en las sociedades avanzadas se encuentra en sus poderes legislativos<\/strong><\/em><\/li>\n<li><em><strong>La transici\u00f3n de un sistema presidencialista vertical, autoritario, a uno democr\u00e1tico ha sido muy r\u00e1pida<\/strong><\/em><\/li>\n<li><em><strong>La mayor\u00eda de los personajes que militaban en los partidos pol\u00edticos de 1988, son los mismos que dirigen estos institutos<\/strong><\/em><\/li>\n<\/ul>\n<div id=\"attachment_201261\" style=\"width: 250px\" class=\"wp-caption alignleft\"><a href=\"http:\/\/www.diarioimagen.net\/?attachment_id=201261\" rel=\"attachment wp-att-201261\"><img loading=\"lazy\" decoding=\"async\" aria-describedby=\"caption-attachment-201261\" class=\"size-medium wp-image-201261\" src=\"http:\/\/www.diarioimagen.net\/wp-content\/uploads\/2014\/11\/Ay-obama-RAMON-2512-240x159.jpg\" alt=\"Ay Obama... | Ram\u00f3n\" width=\"240\" height=\"159\" srcset=\"https:\/\/www.diarioimagen.net\/wp-content\/uploads\/2014\/11\/Ay-obama-RAMON-2512-240x159.jpg 240w, https:\/\/www.diarioimagen.net\/wp-content\/uploads\/2014\/11\/Ay-obama-RAMON-2512-420x278.jpg 420w, https:\/\/www.diarioimagen.net\/wp-content\/uploads\/2014\/11\/Ay-obama-RAMON-2512.jpg 1200w\" sizes=\"auto, (max-width: 240px) 100vw, 240px\" \/><\/a><p id=\"caption-attachment-201261\" class=\"wp-caption-text\">Ay Obama&#8230; | Ram\u00f3n<\/p><\/div>\n<p>El centro de la democracia en las sociedades avanzadas se encuentra en sus poderes legislativos.<\/p>\n<p>Es ah\u00ed, en las c\u00e1maras de Senadores y Diputados donde no s\u00f3lo se encuentra la representaci\u00f3n popular &#8211;es decir, los representantes de los ciudadanos&#8211;, los elementos de contenci\u00f3n y de rendici\u00f3n de cuentas de todos los poderes vigentes en cada pa\u00eds, sea monarqu\u00eda democr\u00e1tica, sistema parlamentario, o sistema republicano, o presidencialista.<\/p>\n<p>En M\u00e9xico la transici\u00f3n de un sistema presidencialista vertical, autoritario, a uno democr\u00e1tico ha sido muy r\u00e1pida.<\/p>\n<p>Si tomamos ejemplos para significar este tr\u00e1nsito, podr\u00edamos decir que en los 26 a\u00f1os transcurridos desde las controvertidas elecciones de 1988 a la fecha, el pa\u00eds pas\u00f3 de la ausencia absoluta de instituciones y reglas democr\u00e1ticas, a un poderoso y bien cimentado sistema que garantiza la participaci\u00f3n democr\u00e1tica de sus ciudadanos.<\/p>\n<p>Hoy el voto s\u00ed es efectivo en M\u00e9xico. Hoy las fallas y chapuzas dentro de este poderoso sistema son la excepci\u00f3n y no la regla. Y como dentro de todo sistema democr\u00e1tico, el mexicano sin duda es perfectible y cada vez ser\u00e1 mejor.<\/p>\n<p>Lo que no ha caminado al mismo ritmo, es la educaci\u00f3n c\u00edvica de los mexicanos para hacer efectivo este sistema. En t\u00e9rminos generales los ciudadanos de este pa\u00eds no saben para qu\u00e9 sirven ni c\u00f3mo y para qu\u00e9 operan sus instituciones.<\/p>\n<p>Lo anterior se agrava al extremo porque tampoco hemos vivido la profesionalizaci\u00f3n y el reforzamiento moral y \u00e9tico de nuestra clase pol\u00edtica.<\/p>\n<p>Ah\u00ed es d\u00f3nde se encuentra el <em>tal\u00f3n de Aquiles<\/em> de nuestra democracia.<\/p>\n<p>De ah\u00ed que casi la mayor\u00eda de los personajes que militaban en los partidos pol\u00edticos de 1988, sean los mismos que dirijan a estos institutos ahora.<\/p>\n<p>\u00bfNombres?<\/p>\n<p>Cuauht\u00e9moc C\u00e1rdenas, Porfirio Mu\u00f1oz Ledo, Pablo G\u00f3mez, Andr\u00e9s Manuel L\u00f3pez Obrador, Luis H. \u00c1lvarez, Diego Fern\u00e1ndez de Cevallos, Cecilia Romero, Dante Delgado, Alberto Anaya, Adolfo Orive, Jes\u00fas Zambrano, Jes\u00fas Ortega, Ren\u00e9 Bejarano, Dolores Padierna.<\/p>\n<p>Un dato da la medida de este problema de la falta de recambio en el sistema pol\u00edtico, especialmente en las oposiciones:<\/p>\n<p>En los \u00faltimos 26 a\u00f1os la izquierda mexicana s\u00f3lo ha tenido 2 candidatos presidenciales: Cuauht\u00e9moc C\u00e1rdenas y Andr\u00e9s Manuel L\u00f3pez Obrador.<\/p>\n<p>Y como se ve, cuando se cumplan 30 a\u00f1os en 2018, seguir\u00e1 lo mismo con AMLO a la cabeza.<\/p>\n<p>Esto se reproduce dentro de los partidos. Es sabido que en el PRD la corriente o tribu dominante, la de Nueva Izquierda &#8211;coloquialmente conocida entre ellos como \u201c<em>Los Chuchos<\/em>\u201d&#8211;, tiene control de este partido desde al menos los \u00faltimos 10 o 12 a\u00f1os. Hoy mismo Carlos Navarrete es el cuarto o quinto miembro de esta corriente que asume la presidencia del PRD. Y no hay que olvidar que en la \u00faltima asamblea se modificaron los estatutos para permitir la reelecci\u00f3n de ex presidentes, lo que supone que en el 2018 pudiera llegar de nuevo a la dirigencia nacional perredista o Jes\u00fas Ortega, o Zambrano o Guadalupe Acosta Naranjo.<\/p>\n<p>Si vemos otros pa\u00edses, podr\u00edamos definir lo que le falta al nuestro. En Espa\u00f1a en las pen\u00faltimas elecciones presidenciales el conservador Mariano Rajoy le gan\u00f3 al socialista Jos\u00e9 Luis Rodr\u00edguez Zapatero. Y este \u00faltimo entreg\u00f3 el liderazgo de su partido y se fue a la academia.<\/p>\n<p>A Rodr\u00edguez Zapatero lo sustituy\u00f3 al frente de los socialistas espa\u00f1oles Alfredo P\u00e9rez Ruvalcaba quien en las siguientes elecciones presidenciales fue derrotado por Rajoy. P\u00e9rez Ruvalcaba se hizo a un lado, se fue a la banca y entr\u00f3 otro Pedro S\u00e1nchez al relevo.<\/p>\n<p>La historia reciente de Espa\u00f1a indica que de uno y otro lado, entre conservadores y socialistas, los que pierden se van a otra cosa. As\u00ed han dejado el poder y se han ido fuera de la pol\u00edtica el socialista Felipe Gonz\u00e1lez y el conservador Jos\u00e9 Mar\u00eda Aznar.<\/p>\n<p>Ninguno de los mencionados ha pretendido ser candidato una y otra y otra vez como aqu\u00ed lo han hecho C\u00e1rdenas (quien en mayo acaba de cumplir 80 a\u00f1os) y Andr\u00e9s Manuel L\u00f3pez Obrador quien este pr\u00f3ximo 13 de noviembre cumplir\u00e1 los 61 a\u00f1os (lo que dice que en 2018 tendr\u00e1 64) y quiz\u00e1 un par de infartos.<\/p>\n<p>Y as\u00ed ha ocurrido en Alemania, Inglaterra y Francia.<\/p>\n<p style=\"text-align: center;\"><strong>MALOS COCINEROS<\/strong><\/p>\n<p>Pero los males que sufre nuestro sistema pol\u00edtico no s\u00f3lo se circunscriben a lo ya antes descrito &#8211;falta de educaci\u00f3n y memoria de nuestros ciudadanos, ausencia de capacidad de an\u00e1lisis de algunos <em>sesudos<\/em> columnistas y cr\u00edticos como mi ex amigo Pereyra, o la falta absoluta de \u00e9tica pol\u00edtica de los personajes ya antes se\u00f1alados&#8211;, sino que carecen de toda moral.<\/p>\n<p>Todos ellos &#8211;incluso mi ex amigo Pereyra, quien deambula al lado de un jefe generoso en el Congreso de Coahuila&#8211;, pertenecen o tienen representaciones en el Legislativo donde participan en el dise\u00f1o de las normas e instituciones que imperan en el nuevo sistema pol\u00edtico mexicano.<\/p>\n<p>Ah\u00ed son cocineros del sistema.<\/p>\n<p>Pero cuando se les ocurre por ejemplo impulsar una consulta popular sobre la reforma energ\u00e9tica y las instituciones y reglas que ellos mismos han promovido, impulsado y creado se la rechazan, entonces escupen el plato y denuncian p\u00fablicamente el platillo porque est\u00e1 muy salado, y porque ya no les gusta c\u00f3mo sabe.<\/p>\n<p>Esa es nuestra oposici\u00f3n.<\/p>\n<p>El asunto podr\u00eda ser parte de un anecdotario pol\u00edtico nacional de risa, si no fuese tan grave.<\/p>\n<p>Estos malos cocineros hacen, fabrican una y otra vez platillos &#8211;cambian de ministros en la Suprema Corte de Justicia; en el TRIFE, en otros Tribunales; nombran consejeros electorales en el INE, consejeros en otras instituciones (ahora mismo est\u00e1n a punto de decidir qui\u00e9n ser\u00e1 el nuevo presidente de la Comisi\u00f3n Nacional de Derechos Humanos), impulsan nuevas reglas, leyes de transparencia y procedimientos&#8211;, para luego escupirlos y acusarlos de corrupci\u00f3n o denunciarlos ante un cocinero mayor como es la Comisi\u00f3n Interamericana de Derechos Humanos.<\/p>\n<p>La denigraci\u00f3n de instituciones creadas por ellos mismos, de nuevas reglas aprobadas por ellos mismos, se ha convertido en su m\u00e1s recurrido m\u00e9todo.<\/p>\n<p>Abajo, grandes sectores de la poblaci\u00f3n &#8211;que no tienen capacidad de discernir, ni sustentos educativos ni culturales democr\u00e1ticos-, los siguen ciegamente repitiendo como pericos las frases sin sustento de sus viejos y afectados mes\u00edas.<\/p>\n<p>En eso cuentan con los ecos producidos por sus pla\u00f1ideros, entre quienes se encuentra ya saben ustedes ese examigo pejista m\u00edo que denosta, critica y escupe cada semana al sistema en un diario de Oaxaca, y cobra fielmente las quincenas que le da su patr\u00f3n pri\u00edsta en el Congreso de Coahuila.<\/p>\n<p>Sin embargo, afortunadamente para este pa\u00eds este segmento disminuye conforme avanza el desarrollo nacional.<\/p>\n<p>A los viejos pol\u00edticos no los perdonar\u00e1 el tiempo\u2026 ni sus afecciones cardiacas. Y los resultados electorales indican que predominar\u00e1n fuerzas pol\u00edticas que ven un futuro mejor para M\u00e9xico.<\/p>\n<p>La cocina nacional que representa la C\u00e1mara de Diputados cambiar\u00e1 de cocineros en junio del pr\u00f3ximo a\u00f1o y todo indica que entrar\u00e1n equipos muy experimentados por cada partido lo que supone nuevas reformas y mejores acuerdos.<\/p>\n<p>M\u00e9xico vive sin duda momentos cr\u00edticos, graves, pero tambi\u00e9n un cambio que tiende a desechar esos viejos m\u00e9todos de la denigraci\u00f3n de instituciones.<\/p>\n<p>Requerimos sobre todo de ciudadanos que crean en un futuro mejor, en que es posible avanzar, mejorar y los j\u00f3venes de hoy pueden serlo. Lo digo con la conciencia \u00a0que me da ser ahora un constante conversador con estudiantes universitarios con quienes comparto frecuentemente en charlas de aula, mi experiencia como periodista. Ah\u00ed hay una nueva generaci\u00f3n cada vez m\u00e1s consciente y preparada para un M\u00e9xico sin mes\u00edas y con m\u00e1s pol\u00edticos dominados por la \u00e9tica y la moral p\u00fablica.<\/p>\n<p><em><a href=\"mailto:rvizcainoa@gmail.com\">rvizcainoa@gmail.com<\/a><\/em><\/p>\n","protected":false},"excerpt":{"rendered":"<p><span style=\"color: #005497;\"><strong>Roberto Vizca\u00edno<\/strong><\/span><br \/>\n<br \/>\nEl centro de la democracia en las sociedades avanzadas se encuentra en sus poderes legislativos.<\/p>\n","protected":false},"author":3,"featured_media":201261,"comment_status":"open","ping_status":"open","sticky":false,"template":"","format":"standard","meta":{"_monsterinsights_skip_tracking":false,"_monsterinsights_sitenote_active":false,"_monsterinsights_sitenote_note":"","_monsterinsights_sitenote_category":0,"footnotes":""},"categories":[136],"tags":[43674,93,94],"class_list":["post-195122","post","type-post","status-publish","format-standard","has-post-thumbnail","hentry","category-roberto-vizcaino-opinion","tag-opinion","tag-roberto-vizcaino","tag-tras-la-puerta-del-poder"],"_links":{"self":[{"href":"https:\/\/www.diarioimagen.net\/index.php?rest_route=\/wp\/v2\/posts\/195122","targetHints":{"allow":["GET"]}}],"collection":[{"href":"https:\/\/www.diarioimagen.net\/index.php?rest_route=\/wp\/v2\/posts"}],"about":[{"href":"https:\/\/www.diarioimagen.net\/index.php?rest_route=\/wp\/v2\/types\/post"}],"author":[{"embeddable":true,"href":"https:\/\/www.diarioimagen.net\/index.php?rest_route=\/wp\/v2\/users\/3"}],"replies":[{"embeddable":true,"href":"https:\/\/www.diarioimagen.net\/index.php?rest_route=%2Fwp%2Fv2%2Fcomments&post=195122"}],"version-history":[{"count":0,"href":"https:\/\/www.diarioimagen.net\/index.php?rest_route=\/wp\/v2\/posts\/195122\/revisions"}],"wp:featuredmedia":[{"embeddable":true,"href":"https:\/\/www.diarioimagen.net\/index.php?rest_route=\/wp\/v2\/media\/201261"}],"wp:attachment":[{"href":"https:\/\/www.diarioimagen.net\/index.php?rest_route=%2Fwp%2Fv2%2Fmedia&parent=195122"}],"wp:term":[{"taxonomy":"category","embeddable":true,"href":"https:\/\/www.diarioimagen.net\/index.php?rest_route=%2Fwp%2Fv2%2Fcategories&post=195122"},{"taxonomy":"post_tag","embeddable":true,"href":"https:\/\/www.diarioimagen.net\/index.php?rest_route=%2Fwp%2Fv2%2Ftags&post=195122"}],"curies":[{"name":"wp","href":"https:\/\/api.w.org\/{rel}","templated":true}]}}