{"id":195216,"date":"2014-11-03T12:35:20","date_gmt":"2014-11-03T18:35:20","guid":{"rendered":"http:\/\/www.diarioimagen.net\/?p=195216"},"modified":"2014-11-04T06:14:39","modified_gmt":"2014-11-04T12:14:39","slug":"emplazan-politecnicos-a-la-sep-a-que-responda-sobre-lugar-del-dialogo","status":"publish","type":"post","link":"https:\/\/www.diarioimagen.net\/?p=195216","title":{"rendered":"Emplazan polit\u00e9cnicos a la SEP a que responda sobre lugar del di\u00e1logo"},"content":{"rendered":"<div id=\"attachment_195217\" style=\"width: 250px\" class=\"wp-caption alignleft\"><img loading=\"lazy\" decoding=\"async\" aria-describedby=\"caption-attachment-195217\" class=\"size-medium wp-image-195217\" src=\"http:\/\/www.diarioimagen.net\/wp-content\/uploads\/2014\/11\/SEP-PORTAL-240x135.jpg\" alt=\"Minutos despu\u00e9s de que entregaron el documento, el subsecretario de Educaci\u00f3n Superior, Fernando Serrano Migall\u00f3n, y el titular de la Coordinaci\u00f3n Ejecutiva de la SEP, C\u00e9sar Becker, salieron de la dependencia para firmar de recibido el texto de los polit\u00e9cnicos.\" width=\"240\" height=\"135\" srcset=\"https:\/\/www.diarioimagen.net\/wp-content\/uploads\/2014\/11\/SEP-PORTAL-240x135.jpg 240w, https:\/\/www.diarioimagen.net\/wp-content\/uploads\/2014\/11\/SEP-PORTAL-420x236.jpg 420w, https:\/\/www.diarioimagen.net\/wp-content\/uploads\/2014\/11\/SEP-PORTAL-235x132.jpg 235w, https:\/\/www.diarioimagen.net\/wp-content\/uploads\/2014\/11\/SEP-PORTAL-202x114.jpg 202w, https:\/\/www.diarioimagen.net\/wp-content\/uploads\/2014\/11\/SEP-PORTAL-350x196.jpg 350w, https:\/\/www.diarioimagen.net\/wp-content\/uploads\/2014\/11\/SEP-PORTAL-220x123.jpg 220w, https:\/\/www.diarioimagen.net\/wp-content\/uploads\/2014\/11\/SEP-PORTAL-237x132.jpg 237w, https:\/\/www.diarioimagen.net\/wp-content\/uploads\/2014\/11\/SEP-PORTAL.jpg 480w\" sizes=\"auto, (max-width: 240px) 100vw, 240px\" \/><p id=\"caption-attachment-195217\" class=\"wp-caption-text\">Minutos despu\u00e9s de que entregaron el documento, el subsecretario de Educaci\u00f3n Superior, Fernando Serrano Migall\u00f3n, y el titular de la Coordinaci\u00f3n Ejecutiva de la SEP, C\u00e9sar Becker, salieron de la dependencia para firmar de recibido el texto de los polit\u00e9cnicos.<\/p><\/div>\n<p>Los integrantes de la Asamblea General Polit\u00e9cnica (AGP) exhortaron a la Secretar\u00eda se Educaci\u00f3n P\u00fablica (SEP) a aceptar sentarse al di\u00e1logo para resolver el conflicto en el Instituto Polit\u00e9cnico Nacional (IPN) en las instalaciones de la casa de estudios y no en la biblioteca Jos\u00e9 Vasconcelos como lo ha propuesto la dependencia federal.<\/p>\n<p>As\u00ed los j\u00f3venes del IPN insistieron en que la mesa de negociaci\u00f3n se realice ma\u00f1ana a las 13:00 horas en el auditorio \u00abAlejo Peralta\u00bb, con sede en la unidad profesional Zacatenco.<\/p>\n<p>Poco antes de las 11:00 los representantes de la AGP entregaron en la SEP el documento emanado de la sesi\u00f3n que tuvieron ayer en el Centro de Estudios Tecnol\u00f3gicos n\u00famero 1 y se\u00f1alaron que dar\u00e1n como plazo para recibir una respuesta a m\u00e1s tardar a las 13:00 horas, que esperar\u00e1n en la propia sede de la dependencia, ubicada en la calle de Brasil 19 del Centro Hist\u00f3rico de la Ciudad de M\u00e9xico.<\/p>\n<p>Por tanto, los estudiantes que mantienen desde hace m\u00e1s de un mes en paro a la instituci\u00f3n acad\u00e9mica aceptaron iniciar las mesas de negociaci\u00f3n con los representantes gubernamentales ma\u00f1ana martes a la 1 de la tarde, pero en las instalaciones polit\u00e9cnicas de Zacatenco y no en la biblioteca Vasconcelos.<\/p>\n<p>\u00abEl movimiento estudiantil del IPN ha cumplido seis semanas desde su inicio, y desde entonces nos hemos mostrado abiertos al di\u00e1logo con el gobierno para resolver las demandas de nuestra comunidad; es por ello que propusimos una mesa de di\u00e1logo p\u00fablico en el auditorio \u00abAlejo Peralta\u00bb dentro del Centro Cultural Jaime Torres Bodet, lugar emblem\u00e1tico de la instituci\u00f3n y representativo para la comunidad polit\u00e9cnica.<\/p>\n<p>\u00abSin embargo la SEP ha manifestado que nuestra casa de estudios representa condiciones de vulnerabilidad y ha propuesto que la sede de dicha mesa sea en un lugar ajeno al IPN.<\/p>\n<p>No obstante consideramos que ninguna instituci\u00f3n que imparte educaci\u00f3n en nuestro pa\u00eds pueda representar un lugar inseguro para cualquier persona y mucho menos el IPN, siendo este el sector el rector del desarrollo cient\u00edfico y tecnol\u00f3gico de nuestro pa\u00eds\u00bb, apuntaron en el documento.<\/p>\n<p>Por ello exhortaron a la dependencia encabezada por Emilio Chuayffet a reconsiderar su propuesta para la sede del di\u00e1logo.<\/p>\n<p>\u00abCoincidimos en que la \u00fanica forma era solucionar la problem\u00e1tica esa trav\u00e9s del di\u00e1logo, sin embargo consideramos que el esquema de paridad propiciar\u00eda un ambiente de confrontaci\u00f3n.<\/p>\n","protected":false},"excerpt":{"rendered":"<p>Los integrantes de la Asamblea General Polit\u00e9cnica (AGP) exhortaron a la Secretar\u00eda se Educaci\u00f3n P\u00fablica (SEP) a aceptar sentarse al di\u00e1logo para resolver el conflicto en el Instituto Polit\u00e9cnico Nacional (IPN) en las instalaciones de la casa de estudios y no en la biblioteca Jos\u00e9 Vasconcelos como lo ha propuesto la dependencia federal.<\/p>\n","protected":false},"author":5,"featured_media":195217,"comment_status":"open","ping_status":"open","sticky":false,"template":"","format":"standard","meta":{"_monsterinsights_skip_tracking":false,"_monsterinsights_sitenote_active":false,"_monsterinsights_sitenote_note":"","_monsterinsights_sitenote_category":0,"footnotes":""},"categories":[17,3],"tags":[459],"class_list":["post-195216","post","type-post","status-publish","format-standard","has-post-thumbnail","hentry","category-especiales","category-nacional","tag-sep"],"_links":{"self":[{"href":"https:\/\/www.diarioimagen.net\/index.php?rest_route=\/wp\/v2\/posts\/195216","targetHints":{"allow":["GET"]}}],"collection":[{"href":"https:\/\/www.diarioimagen.net\/index.php?rest_route=\/wp\/v2\/posts"}],"about":[{"href":"https:\/\/www.diarioimagen.net\/index.php?rest_route=\/wp\/v2\/types\/post"}],"author":[{"embeddable":true,"href":"https:\/\/www.diarioimagen.net\/index.php?rest_route=\/wp\/v2\/users\/5"}],"replies":[{"embeddable":true,"href":"https:\/\/www.diarioimagen.net\/index.php?rest_route=%2Fwp%2Fv2%2Fcomments&post=195216"}],"version-history":[{"count":0,"href":"https:\/\/www.diarioimagen.net\/index.php?rest_route=\/wp\/v2\/posts\/195216\/revisions"}],"wp:featuredmedia":[{"embeddable":true,"href":"https:\/\/www.diarioimagen.net\/index.php?rest_route=\/wp\/v2\/media\/195217"}],"wp:attachment":[{"href":"https:\/\/www.diarioimagen.net\/index.php?rest_route=%2Fwp%2Fv2%2Fmedia&parent=195216"}],"wp:term":[{"taxonomy":"category","embeddable":true,"href":"https:\/\/www.diarioimagen.net\/index.php?rest_route=%2Fwp%2Fv2%2Fcategories&post=195216"},{"taxonomy":"post_tag","embeddable":true,"href":"https:\/\/www.diarioimagen.net\/index.php?rest_route=%2Fwp%2Fv2%2Ftags&post=195216"}],"curies":[{"name":"wp","href":"https:\/\/api.w.org\/{rel}","templated":true}]}}