{"id":195226,"date":"2014-11-04T00:04:17","date_gmt":"2014-11-04T06:04:17","guid":{"rendered":"http:\/\/www.diarioimagen.net\/?p=195226"},"modified":"2014-11-05T03:38:45","modified_gmt":"2014-11-05T09:38:45","slug":"asesinan-en-nuevo-leon-a-general-de-tamaulipas","status":"publish","type":"post","link":"https:\/\/www.diarioimagen.net\/?p=195226","title":{"rendered":"Asesinan en Nuevo Le\u00f3n a general de Tamaulipas"},"content":{"rendered":"<ul>\n<li><strong><em>\u00c9l y una mujer recibieron m\u00e1s de 100 tiros; un misterio que no llevara auto blindado ni escolta<\/em><\/strong><\/li>\n<\/ul>\n<h6>Jos\u00e9 Luis Monta\u00f1ez<\/h6>\n<p>&nbsp;<\/p>\n<div id=\"attachment_195227\" style=\"width: 250px\" class=\"wp-caption alignleft\"><img loading=\"lazy\" decoding=\"async\" aria-describedby=\"caption-attachment-195227\" class=\"wp-image-195227 size-medium\" src=\"http:\/\/www.diarioimagen.net\/wp-content\/uploads\/2014\/11\/jefe-PORTAL-240x135.jpg\" alt=\"Ni\u00f1o sufri\u00f3 un atentado hace un mes, el 10 de octubre, en el municipio de Linares, al sur de Nuevo Le\u00f3n. Viajaba en una camioneta blindada y con el apoyo de sus escoltas logr\u00f3 repeler el ataque sin sufrir da\u00f1os.\" width=\"240\" height=\"135\" srcset=\"https:\/\/www.diarioimagen.net\/wp-content\/uploads\/2014\/11\/jefe-PORTAL-240x135.jpg 240w, https:\/\/www.diarioimagen.net\/wp-content\/uploads\/2014\/11\/jefe-PORTAL-420x236.jpg 420w, https:\/\/www.diarioimagen.net\/wp-content\/uploads\/2014\/11\/jefe-PORTAL-235x132.jpg 235w, https:\/\/www.diarioimagen.net\/wp-content\/uploads\/2014\/11\/jefe-PORTAL-202x114.jpg 202w, https:\/\/www.diarioimagen.net\/wp-content\/uploads\/2014\/11\/jefe-PORTAL-350x196.jpg 350w, https:\/\/www.diarioimagen.net\/wp-content\/uploads\/2014\/11\/jefe-PORTAL-220x123.jpg 220w, https:\/\/www.diarioimagen.net\/wp-content\/uploads\/2014\/11\/jefe-PORTAL-237x132.jpg 237w, https:\/\/www.diarioimagen.net\/wp-content\/uploads\/2014\/11\/jefe-PORTAL.jpg 480w\" sizes=\"auto, (max-width: 240px) 100vw, 240px\" \/><p id=\"caption-attachment-195227\" class=\"wp-caption-text\">El general Ricardo C\u00e9sar Ni\u00f1o fue ajusticiado junto con su pareja. Era director de Seguridad P\u00fablica en Nuevo Laredo, Tamaulipas y fue asesinado en Nuevo Le\u00f3n.<\/p><\/div>\n<p>La Procuradur\u00eda del estado de Nuevo Le\u00f3n confirm\u00f3 la ejecuci\u00f3n del general Ricardo C\u00e9sar Ni\u00f1o, director de la Polic\u00eda Estatal Acreditable en Nuevo Laredo, Tamaulipas.<\/p>\n<p>El hecho ocurri\u00f3 en el municipio de Vallecillo, Nuevo Le\u00f3n, comunidad rural ubicada a 180 kil\u00f3metros de la zona metropolitana de Monterrey, en la frontera con el estado de Tamaulipas.<\/p>\n<p>El militar fung\u00eda como delegado regional de la zona norte de Seguridad P\u00fablica de Tamaulipas. Seg\u00fan las primeras indagatorias el general no estaba armado y no se defendi\u00f3. Recibi\u00f3 m\u00e1s de 100 tiros \u00e9l y una mujer que lo acompa\u00f1aba. Elementos de la Agencia Estatal de investigaciones recabaron, en el frente y al lado izquierdo del autom\u00f3vil, los casquillos provenientes de armas largas.<\/p>\n<p>Fue localizado sin vida en un autom\u00f3vil Tsuru de modelo antiguo, con placas de Nuevo Le\u00f3n SPR-4894, no obstante que contaba con un veh\u00edculo blindado para desplazarse. Se ignora el motivo por el cual no us\u00f3 dicho veh\u00edculo y por qu\u00e9 no llevaba escolta.<\/p>\n<p>Seg\u00fan las averiguaciones, desconocidos trasladaron a las dos v\u00edctimas hasta una brecha del kil\u00f3metro 127 de la carretera libre Monterrey-Nuevo Laredo, a la altura del municipio de Vallecillo, y ah\u00ed abrieron fuego con armas de alto poder contra el frente y el costado izquierdo del autom\u00f3vil.<\/p>\n<p>El funcionario hab\u00eda tomado posesi\u00f3n de su cargo el pasado mes de mayo, desde que el gobierno federal asumi\u00f3 las tareas de seguridad p\u00fablica en Tamaulipas y dividi\u00f3 la entidad en cuatro delegaciones. La norte, con sede en Nuevo Laredo, estaba a cargo del general.<\/p>\n<p>Ni\u00f1o sufri\u00f3 un atentado hace un mes, el 10 de octubre, en el municipio de Linares, al sur de Nuevo Le\u00f3n. Viajaba en una camioneta blindada y con el apoyo de sus escoltas logr\u00f3 repeler el ataque sin sufrir da\u00f1os.<\/p>\n","protected":false},"excerpt":{"rendered":"<p><span style=\"color: #005497;\"><strong>Jos\u00e9 Luis Monta\u00f1ez<\/strong><\/span><br \/>\n<br \/>\nLa Procuradur\u00eda del estado de Nuevo Le\u00f3n confirm\u00f3 la ejecuci\u00f3n del general Ricardo C\u00e9sar Ni\u00f1o, director de la Polic\u00eda Estatal Acreditable en Nuevo Laredo, Tamaulipas.<\/p>\n","protected":false},"author":5,"featured_media":195227,"comment_status":"open","ping_status":"open","sticky":false,"template":"","format":"standard","meta":{"_monsterinsights_skip_tracking":false,"_monsterinsights_sitenote_active":false,"_monsterinsights_sitenote_note":"","_monsterinsights_sitenote_category":0,"footnotes":""},"categories":[3],"tags":[4760,43673,3722,50],"class_list":["post-195226","post","type-post","status-publish","format-standard","has-post-thumbnail","hentry","category-nacional","tag-asesinato","tag-nacional","tag-nuevo-laredo","tag-tamaulipas"],"_links":{"self":[{"href":"https:\/\/www.diarioimagen.net\/index.php?rest_route=\/wp\/v2\/posts\/195226","targetHints":{"allow":["GET"]}}],"collection":[{"href":"https:\/\/www.diarioimagen.net\/index.php?rest_route=\/wp\/v2\/posts"}],"about":[{"href":"https:\/\/www.diarioimagen.net\/index.php?rest_route=\/wp\/v2\/types\/post"}],"author":[{"embeddable":true,"href":"https:\/\/www.diarioimagen.net\/index.php?rest_route=\/wp\/v2\/users\/5"}],"replies":[{"embeddable":true,"href":"https:\/\/www.diarioimagen.net\/index.php?rest_route=%2Fwp%2Fv2%2Fcomments&post=195226"}],"version-history":[{"count":0,"href":"https:\/\/www.diarioimagen.net\/index.php?rest_route=\/wp\/v2\/posts\/195226\/revisions"}],"wp:featuredmedia":[{"embeddable":true,"href":"https:\/\/www.diarioimagen.net\/index.php?rest_route=\/wp\/v2\/media\/195227"}],"wp:attachment":[{"href":"https:\/\/www.diarioimagen.net\/index.php?rest_route=%2Fwp%2Fv2%2Fmedia&parent=195226"}],"wp:term":[{"taxonomy":"category","embeddable":true,"href":"https:\/\/www.diarioimagen.net\/index.php?rest_route=%2Fwp%2Fv2%2Fcategories&post=195226"},{"taxonomy":"post_tag","embeddable":true,"href":"https:\/\/www.diarioimagen.net\/index.php?rest_route=%2Fwp%2Fv2%2Ftags&post=195226"}],"curies":[{"name":"wp","href":"https:\/\/api.w.org\/{rel}","templated":true}]}}