{"id":195230,"date":"2014-11-04T00:02:36","date_gmt":"2014-11-04T06:02:36","guid":{"rendered":"http:\/\/www.diarioimagen.net\/?p=195230"},"modified":"2014-11-05T03:38:37","modified_gmt":"2014-11-05T09:38:37","slug":"vance-sigue-como-huracan-categoria-ii","status":"publish","type":"post","link":"https:\/\/www.diarioimagen.net\/?p=195230","title":{"rendered":"<em>Vance<\/em> sigue como hurac\u00e1n categor\u00eda II"},"content":{"rendered":"<ul>\n<li><strong><em>Llovi\u00f3 fuerte en Baja California Sur, Nayarit, Jalisco y Colima; el mi\u00e9rcoles se degradar\u00eda a tormenta tropical<\/em><\/strong><\/li>\n<\/ul>\n<div id=\"attachment_195231\" style=\"width: 250px\" class=\"wp-caption alignleft\"><img loading=\"lazy\" decoding=\"async\" aria-describedby=\"caption-attachment-195231\" class=\"wp-image-195231 size-medium\" src=\"http:\/\/www.diarioimagen.net\/wp-content\/uploads\/2014\/11\/vance-portal-240x135.jpg\" alt=\"El hurac\u00e1n Vance se fortaleci\u00f3 el domingo por la noche mientras avanzaba por el Pac\u00edfico a m\u00e1s de 800 km de las costas mexicanas, lo que no representaba todav\u00eda riesgo para el pa\u00eds, inform\u00f3 el Servicio Meteorol\u00f3gico Nacional (SMN) en su \u00faltimo reporte.\" width=\"240\" height=\"135\" srcset=\"https:\/\/www.diarioimagen.net\/wp-content\/uploads\/2014\/11\/vance-portal-240x135.jpg 240w, https:\/\/www.diarioimagen.net\/wp-content\/uploads\/2014\/11\/vance-portal-420x236.jpg 420w, https:\/\/www.diarioimagen.net\/wp-content\/uploads\/2014\/11\/vance-portal-235x132.jpg 235w, https:\/\/www.diarioimagen.net\/wp-content\/uploads\/2014\/11\/vance-portal-202x114.jpg 202w, https:\/\/www.diarioimagen.net\/wp-content\/uploads\/2014\/11\/vance-portal-350x196.jpg 350w, https:\/\/www.diarioimagen.net\/wp-content\/uploads\/2014\/11\/vance-portal-220x123.jpg 220w, https:\/\/www.diarioimagen.net\/wp-content\/uploads\/2014\/11\/vance-portal-237x132.jpg 237w, https:\/\/www.diarioimagen.net\/wp-content\/uploads\/2014\/11\/vance-portal.jpg 480w\" sizes=\"auto, (max-width: 240px) 100vw, 240px\" \/><p id=\"caption-attachment-195231\" class=\"wp-caption-text\">El hurac\u00e1n <em>Vance<\/em> recorre el litoral del Pac\u00edfico y los meteor\u00f3logos estiman que para el mi\u00e9rcoles se difumine donde naci\u00f3.<\/p><\/div>\n<p>El hurac\u00e1n <em>Vance<\/em> contin\u00faa como categor\u00eda II en la escala de Saffir-Simpson. Ayer se ubic\u00f3 a 745 kil\u00f3metros al oeste-suroeste de Manzanillo, Colima, y a 885 al sur-suroeste de Mazatl\u00e1n, Sinaloa.<\/p>\n<p>El meteoro presenta vientos m\u00e1ximos sostenidos de 175 kil\u00f3metros por hora, rachas de hasta 215 kil\u00f3metros por hora y movimiento al norte a 19 kil\u00f3metros por hora.<\/p>\n<p>Durante el d\u00eda, <em>Vance<\/em> origin\u00f3 desprendimientos nubosos y lluvias fuertes en sitios de Baja California Sur, Nayarit, Jalisco y Colima, y lluvias menores a 25 mil\u00edmetros en \u00e1reas de Michoac\u00e1n.<\/p>\n<p>El hurac\u00e1n se fortaleci\u00f3 el domingo por la noche mientras avanzaba por el Pac\u00edfico a m\u00e1s de 800 km de las costas mexicanas, lo que no representaba todav\u00eda riesgo para el pa\u00eds, inform\u00f3 el Servicio Meteorol\u00f3gico Nacional (SMN) en su \u00faltimo reporte.<\/p>\n<p><em>Vance<\/em>, que se form\u00f3 como tormenta tropical el jueves y el domingo se convirti\u00f3 en hurac\u00e1n, se desplazaba hacia el noroeste a una velocidad de 28 km\/h, con vientos sostenidos de 165 km\/h y rachas de 205 km\/h.<\/p>\n<p>El SMN estim\u00f3 que hacia el mi\u00e9rcoles <em>Vance<\/em> se degradar\u00e1 a tormenta tropical a unos 320 km al sur de Cabo San Lucas, Baja California Sur, uno de los destinos tur\u00edsticos m\u00e1s importantes del pa\u00eds que fue embestido el 14 de septiembre por <em>Odile<\/em>, un hurac\u00e1n categor\u00eda III que provoc\u00f3 la muerte de seis personas y dej\u00f3 a cientos de habitantes sin hogar.<\/p>\n<p>Por otra parte, una zona de inestabilidad ubicada en el oc\u00e9ano Pac\u00edfico, aproximadamente a 760 kil\u00f3metros al sur-suroeste de Acapulco, Guerrero, mantiene 20 por ciento de potencial de desarrollo cicl\u00f3nico en el pron\u00f3stico a 48 horas y tiene vientos m\u00e1ximos sostenidos de 25 kil\u00f3metros por hora.<\/p>\n<p>La Comisi\u00f3n Nacional del Agua y el Servicio Meteorol\u00f3gico Nacional exhortan a la poblaci\u00f3n a mantenerse informada sobre las condiciones meteorol\u00f3gicas mediante la cuenta de twitter @conagua_clima y en las p\u00e1ginas de Internet: smn.conagua.gob.mx y <a href=\"http:\/\/www.conagua.gob.mx\" target=\"_blank\">www.conagua.gob.mx<\/a><\/p>\n","protected":false},"excerpt":{"rendered":"<p>El hurac\u00e1n <em>Vance<\/em> contin\u00faa como categor\u00eda II en la escala de Saffir-Simpson. Ayer se ubic\u00f3 a 745 kil\u00f3metros al oeste-suroeste de Manzanillo, Colima, y a 885 al sur-suroeste de Mazatl\u00e1n, Sinaloa.<\/p>\n","protected":false},"author":5,"featured_media":195231,"comment_status":"open","ping_status":"open","sticky":false,"template":"","format":"standard","meta":{"_monsterinsights_skip_tracking":false,"_monsterinsights_sitenote_active":false,"_monsterinsights_sitenote_note":"","_monsterinsights_sitenote_category":0,"footnotes":""},"categories":[3],"tags":[43673,36779],"class_list":["post-195230","post","type-post","status-publish","format-standard","has-post-thumbnail","hentry","category-nacional","tag-nacional","tag-vance"],"_links":{"self":[{"href":"https:\/\/www.diarioimagen.net\/index.php?rest_route=\/wp\/v2\/posts\/195230","targetHints":{"allow":["GET"]}}],"collection":[{"href":"https:\/\/www.diarioimagen.net\/index.php?rest_route=\/wp\/v2\/posts"}],"about":[{"href":"https:\/\/www.diarioimagen.net\/index.php?rest_route=\/wp\/v2\/types\/post"}],"author":[{"embeddable":true,"href":"https:\/\/www.diarioimagen.net\/index.php?rest_route=\/wp\/v2\/users\/5"}],"replies":[{"embeddable":true,"href":"https:\/\/www.diarioimagen.net\/index.php?rest_route=%2Fwp%2Fv2%2Fcomments&post=195230"}],"version-history":[{"count":0,"href":"https:\/\/www.diarioimagen.net\/index.php?rest_route=\/wp\/v2\/posts\/195230\/revisions"}],"wp:featuredmedia":[{"embeddable":true,"href":"https:\/\/www.diarioimagen.net\/index.php?rest_route=\/wp\/v2\/media\/195231"}],"wp:attachment":[{"href":"https:\/\/www.diarioimagen.net\/index.php?rest_route=%2Fwp%2Fv2%2Fmedia&parent=195230"}],"wp:term":[{"taxonomy":"category","embeddable":true,"href":"https:\/\/www.diarioimagen.net\/index.php?rest_route=%2Fwp%2Fv2%2Fcategories&post=195230"},{"taxonomy":"post_tag","embeddable":true,"href":"https:\/\/www.diarioimagen.net\/index.php?rest_route=%2Fwp%2Fv2%2Ftags&post=195230"}],"curies":[{"name":"wp","href":"https:\/\/api.w.org\/{rel}","templated":true}]}}