{"id":195233,"date":"2014-11-04T00:05:33","date_gmt":"2014-11-04T06:05:33","guid":{"rendered":"http:\/\/www.diarioimagen.net\/?p=195233"},"modified":"2014-11-05T03:38:49","modified_gmt":"2014-11-05T09:38:49","slug":"no-tienen-nada-reprochan-a-las-autoridades-federales","status":"publish","type":"post","link":"https:\/\/www.diarioimagen.net\/?p=195233","title":{"rendered":"\u201cNo tienen nada\u201d, reprochan a las autoridades federales"},"content":{"rendered":"<ul>\n<li><strong><em>Abandonan molestos una reuni\u00f3n; reclamos porque el secretario de Gobernaci\u00f3n no asisti\u00f3<\/em><\/strong><\/li>\n<\/ul>\n<div id=\"attachment_195234\" style=\"width: 250px\" class=\"wp-caption alignleft\"><img loading=\"lazy\" decoding=\"async\" aria-describedby=\"caption-attachment-195234\" class=\"wp-image-195234 size-medium\" src=\"http:\/\/www.diarioimagen.net\/wp-content\/uploads\/2014\/11\/Padres-portal-240x135.jpg\" alt=\"Los familiares de los estudiantes abandonaron molestos el edificio de la Comisi\u00f3n Estatal de Derechos Humanos donde se efectu\u00f3 la reuni\u00f3n por espacio de m\u00e1s de tres horas. \" width=\"240\" height=\"135\" srcset=\"https:\/\/www.diarioimagen.net\/wp-content\/uploads\/2014\/11\/Padres-portal-240x135.jpg 240w, https:\/\/www.diarioimagen.net\/wp-content\/uploads\/2014\/11\/Padres-portal-420x236.jpg 420w, https:\/\/www.diarioimagen.net\/wp-content\/uploads\/2014\/11\/Padres-portal-235x132.jpg 235w, https:\/\/www.diarioimagen.net\/wp-content\/uploads\/2014\/11\/Padres-portal-202x114.jpg 202w, https:\/\/www.diarioimagen.net\/wp-content\/uploads\/2014\/11\/Padres-portal-350x196.jpg 350w, https:\/\/www.diarioimagen.net\/wp-content\/uploads\/2014\/11\/Padres-portal-220x123.jpg 220w, https:\/\/www.diarioimagen.net\/wp-content\/uploads\/2014\/11\/Padres-portal-237x132.jpg 237w, https:\/\/www.diarioimagen.net\/wp-content\/uploads\/2014\/11\/Padres-portal.jpg 480w\" sizes=\"auto, (max-width: 240px) 100vw, 240px\" \/><p id=\"caption-attachment-195234\" class=\"wp-caption-text\">Los padres de los normalistas siguen reclamando avances en la investigaci\u00f3n que se practica para esclarecer la desaparici\u00f3n de sus hijos, en una reuni\u00f3n con autoridades de la Secretar\u00eda de Gobernaci\u00f3n.<\/p><\/div>\n<p>Padres de los 43 normalistas de Ayotzinapa desaparecidos y representantes de la Secretar\u00eda de Gobernaci\u00f3n sostuvieron en Guerrero una reuni\u00f3n que concluy\u00f3 sin acuerdos y entre reclamos por la falta de avances en el caso formulados por los primeros.<\/p>\n<p>Los familiares de los estudiantes abandonaron molestos el edificio de la Comisi\u00f3n Estatal de Derechos Humanos donde se efectu\u00f3 la reuni\u00f3n por espacio de m\u00e1s de tres horas. Otro de sus reclamos fue que a la junta no asisti\u00f3 el secretario de Gobernaci\u00f3n, Miguel \u00c1ngel Osorio Chong.<\/p>\n<p>\u201cNo hay nada, no tienen nada\u201d, reclamaron los paterfamilias al gobierno federal. En el encuentro participaron el titular de la Comisi\u00f3n Nacional de Seguridad, Monte Alejandro Rubido; el subsecretario de Gobernaci\u00f3n, Luis Enrique Miranda; el comisionado de la Polic\u00eda Federal, Enrique Galindo; la subprocuradora de Derechos Humanos de la PGR, Eliana Garc\u00eda, y el vocero de la Presidencia, Eduardo S\u00e1nchez.<\/p>\n<p>En tanto, un operativo federal para supervisar bodegas industriales, se realiz\u00f3 entre las calles Industria Petrolera e Industria de la Transformaci\u00f3n, en la colonia Ciudad Industrial de Iguala. El operativo estuvo a cargo de la Procuradur\u00eda General de la Rep\u00fablica (PGR) y ocurri\u00f3 cerca del domicilio del ex alcalde y pr\u00f3fugo Jos\u00e9 Luis Abarca<\/p>\n<p>En una bodega hay maquinaria pesada y el lugar es custodiado por elementos de la Gendarmer\u00eda Nacional, a Marina Armada de M\u00e9xico y el Ej\u00e9rcito mexicano.<\/p>\n<p>En el operativo intervinieron, perros entrenados, peritos de la PGR, los cuales supervisaron el inmueble.<\/p>\n","protected":false},"excerpt":{"rendered":"<p>Padres de los 43 normalistas de Ayotzinapa desaparecidos y representantes de la Secretar\u00eda de Gobernaci\u00f3n sostuvieron en Guerrero una reuni\u00f3n que concluy\u00f3 sin acuerdos y entre reclamos por la falta de avances en el caso formulados por los primeros.<\/p>\n","protected":false},"author":5,"featured_media":195234,"comment_status":"open","ping_status":"open","sticky":false,"template":"","format":"standard","meta":{"_monsterinsights_skip_tracking":false,"_monsterinsights_sitenote_active":false,"_monsterinsights_sitenote_note":"","_monsterinsights_sitenote_category":0,"footnotes":""},"categories":[3],"tags":[26250,1668,3244,11674,3676,32223,43673,21373],"class_list":["post-195233","post","type-post","status-publish","format-standard","has-post-thumbnail","hentry","category-nacional","tag-comision-nacional-de-seguridad","tag-gobernacion","tag-guerrero","tag-iguala","tag-miguel-angel-osorio-chong","tag-monte-alejandro-rubido","tag-nacional","tag-normalistas"],"_links":{"self":[{"href":"https:\/\/www.diarioimagen.net\/index.php?rest_route=\/wp\/v2\/posts\/195233","targetHints":{"allow":["GET"]}}],"collection":[{"href":"https:\/\/www.diarioimagen.net\/index.php?rest_route=\/wp\/v2\/posts"}],"about":[{"href":"https:\/\/www.diarioimagen.net\/index.php?rest_route=\/wp\/v2\/types\/post"}],"author":[{"embeddable":true,"href":"https:\/\/www.diarioimagen.net\/index.php?rest_route=\/wp\/v2\/users\/5"}],"replies":[{"embeddable":true,"href":"https:\/\/www.diarioimagen.net\/index.php?rest_route=%2Fwp%2Fv2%2Fcomments&post=195233"}],"version-history":[{"count":0,"href":"https:\/\/www.diarioimagen.net\/index.php?rest_route=\/wp\/v2\/posts\/195233\/revisions"}],"wp:featuredmedia":[{"embeddable":true,"href":"https:\/\/www.diarioimagen.net\/index.php?rest_route=\/wp\/v2\/media\/195234"}],"wp:attachment":[{"href":"https:\/\/www.diarioimagen.net\/index.php?rest_route=%2Fwp%2Fv2%2Fmedia&parent=195233"}],"wp:term":[{"taxonomy":"category","embeddable":true,"href":"https:\/\/www.diarioimagen.net\/index.php?rest_route=%2Fwp%2Fv2%2Fcategories&post=195233"},{"taxonomy":"post_tag","embeddable":true,"href":"https:\/\/www.diarioimagen.net\/index.php?rest_route=%2Fwp%2Fv2%2Ftags&post=195233"}],"curies":[{"name":"wp","href":"https:\/\/api.w.org\/{rel}","templated":true}]}}