{"id":195279,"date":"2014-11-04T00:09:26","date_gmt":"2014-11-04T06:09:26","guid":{"rendered":"http:\/\/www.diarioimagen.net\/?p=195279"},"modified":"2014-11-04T03:59:03","modified_gmt":"2014-11-04T09:59:03","slug":"mejora-la-salud-de-miguel-angel-mancera-medico","status":"publish","type":"post","link":"https:\/\/www.diarioimagen.net\/?p=195279","title":{"rendered":"Mejora la salud de Miguel \u00c1ngel Mancera: m\u00e9dico"},"content":{"rendered":"<ul>\n<li><strong><em>Inicia rehabilitaci\u00f3n f\u00edsica<\/em><\/strong><\/li>\n<\/ul>\n<div id=\"attachment_195335\" style=\"width: 250px\" class=\"wp-caption alignleft\"><a href=\"http:\/\/www.diarioimagen.net\/wp-content\/uploads\/2014\/11\/MANCERA-2478.jpg\"><img loading=\"lazy\" decoding=\"async\" aria-describedby=\"caption-attachment-195335\" class=\"size-medium wp-image-195335\" src=\"http:\/\/www.diarioimagen.net\/wp-content\/uploads\/2014\/11\/MANCERA-2478-240x135.jpg\" alt=\"Pese a estar internado en un hospital, el jefe del GDF, Miguel \u00c1ngel Mancera, gira instrucciones a sus subordinados para resolver asuntos de la ciudad\" width=\"240\" height=\"135\" srcset=\"https:\/\/www.diarioimagen.net\/wp-content\/uploads\/2014\/11\/MANCERA-2478-240x135.jpg 240w, https:\/\/www.diarioimagen.net\/wp-content\/uploads\/2014\/11\/MANCERA-2478-420x236.jpg 420w, https:\/\/www.diarioimagen.net\/wp-content\/uploads\/2014\/11\/MANCERA-2478-235x132.jpg 235w, https:\/\/www.diarioimagen.net\/wp-content\/uploads\/2014\/11\/MANCERA-2478-202x114.jpg 202w, https:\/\/www.diarioimagen.net\/wp-content\/uploads\/2014\/11\/MANCERA-2478-350x196.jpg 350w, https:\/\/www.diarioimagen.net\/wp-content\/uploads\/2014\/11\/MANCERA-2478-220x123.jpg 220w, https:\/\/www.diarioimagen.net\/wp-content\/uploads\/2014\/11\/MANCERA-2478-237x132.jpg 237w, https:\/\/www.diarioimagen.net\/wp-content\/uploads\/2014\/11\/MANCERA-2478.jpg 480w\" sizes=\"auto, (max-width: 240px) 100vw, 240px\" \/><\/a><p id=\"caption-attachment-195335\" class=\"wp-caption-text\">Pese a estar internado en un hospital, el jefe del GDF, Miguel \u00c1ngel Mancera, gira instrucciones a sus subordinados para resolver asuntos de la ciudad<\/p><\/div>\n<p>El estado de salud del jefe de gobierno del Distrito Federal, Miguel \u00c1ngel Mancera Espinosa sigue mejorando, despu\u00e9s de la operaci\u00f3n a coraz\u00f3n abierto que se le practic\u00f3 el viernes.<\/p>\n<p>Al dar el tercer parte m\u00e9dico, el doctor Carlos Riera Kinke inform\u00f3 que al mandatario se le retiraron las sondas para drenaje quir\u00fargico, lo que le permite mayor movilidad fuera de la cama, para iniciar la rehabilitaci\u00f3n f\u00edsica y respiratoria.<\/p>\n<p>\u201cQueremos informar que el doctor, Miguel \u00c1ngel Mancera, que no s\u00f3lo se encuentra en buen estado de salud, sino tambi\u00e9n con muy buen \u00e1nimo\u201d, se\u00f1al\u00f3 en breve conferencia de prensa.<\/p>\n<p>Por otra parte, el secretario de Gobierno, H\u00e9ctor Serrano, mencion\u00f3 que el jefe de gobierno del Distrito Federal gir\u00f3 instrucciones desde su habitaci\u00f3n en el hospital ABC para dar continuidad a los temas pendientes.<\/p>\n<p>Por la ma\u00f1ana, Serrano Cortes y el secretario de Salud, Armando Ahued, acudieron a visitar al mandatario, quienes se retiraron del hospital sin dar declaraciones.<\/p>\n<p>Antes de las 9:00 horas, el secretario de Gobierno encabez\u00f3 la reuni\u00f3n con jefes delegacionales en el Antiguo Palacio del Ayuntamiento, donde se inform\u00f3 que no se logr\u00f3 enlazar al jefe de gobierno, como ayer se hab\u00eda previsto.<\/p>\n<p>\u201cPara la reuni\u00f3n semanal con jefes delegacionales @ManceraMiguelMx me instruy\u00f3 a revisar diversos temas y convocar al Gabinete de Seguridad\u201d, redact\u00f3 H\u00e9ctor Serrano a trav\u00e9s de su cuenta de <em>Twitter<\/em>.<\/p>\n<p>Antes, en otro tuit redact\u00f3: \u201cBuen inicio de semana. Hace un rato ya recib\u00ed instrucciones del jefe de gobierno @ManceraMiguelMX quien se recupera r\u00e1pidamente en hospital\u201d.<\/p>\n","protected":false},"excerpt":{"rendered":"<p>El estado de salud del jefe de gobierno del Distrito Federal, Miguel \u00c1ngel Mancera Espinosa sigue mejorando, despu\u00e9s de la operaci\u00f3n a coraz\u00f3n abierto que se le practic\u00f3 el viernes.<\/p>\n","protected":false},"author":3,"featured_media":195335,"comment_status":"open","ping_status":"open","sticky":false,"template":"","format":"standard","meta":{"_monsterinsights_skip_tracking":false,"_monsterinsights_sitenote_active":false,"_monsterinsights_sitenote_note":"","_monsterinsights_sitenote_category":0,"footnotes":""},"categories":[6],"tags":[204,5314,43692],"class_list":["post-195279","post","type-post","status-publish","format-standard","has-post-thumbnail","hentry","category-cd-de-mexico","tag-ciudad-de-mexico","tag-miguel-angel-mancera-espinosa","tag-salud"],"_links":{"self":[{"href":"https:\/\/www.diarioimagen.net\/index.php?rest_route=\/wp\/v2\/posts\/195279","targetHints":{"allow":["GET"]}}],"collection":[{"href":"https:\/\/www.diarioimagen.net\/index.php?rest_route=\/wp\/v2\/posts"}],"about":[{"href":"https:\/\/www.diarioimagen.net\/index.php?rest_route=\/wp\/v2\/types\/post"}],"author":[{"embeddable":true,"href":"https:\/\/www.diarioimagen.net\/index.php?rest_route=\/wp\/v2\/users\/3"}],"replies":[{"embeddable":true,"href":"https:\/\/www.diarioimagen.net\/index.php?rest_route=%2Fwp%2Fv2%2Fcomments&post=195279"}],"version-history":[{"count":0,"href":"https:\/\/www.diarioimagen.net\/index.php?rest_route=\/wp\/v2\/posts\/195279\/revisions"}],"wp:featuredmedia":[{"embeddable":true,"href":"https:\/\/www.diarioimagen.net\/index.php?rest_route=\/wp\/v2\/media\/195335"}],"wp:attachment":[{"href":"https:\/\/www.diarioimagen.net\/index.php?rest_route=%2Fwp%2Fv2%2Fmedia&parent=195279"}],"wp:term":[{"taxonomy":"category","embeddable":true,"href":"https:\/\/www.diarioimagen.net\/index.php?rest_route=%2Fwp%2Fv2%2Fcategories&post=195279"},{"taxonomy":"post_tag","embeddable":true,"href":"https:\/\/www.diarioimagen.net\/index.php?rest_route=%2Fwp%2Fv2%2Ftags&post=195279"}],"curies":[{"name":"wp","href":"https:\/\/api.w.org\/{rel}","templated":true}]}}