{"id":195304,"date":"2014-11-04T00:04:03","date_gmt":"2014-11-04T06:04:03","guid":{"rendered":"http:\/\/www.diarioimagen.net\/?p=195304"},"modified":"2014-11-04T05:27:13","modified_gmt":"2014-11-04T11:27:13","slug":"incautan-95-kilos-de-cocaina-en-coahuila","status":"publish","type":"post","link":"https:\/\/www.diarioimagen.net\/?p=195304","title":{"rendered":"Incautan 95 kilos de coca\u00edna en Coahuila"},"content":{"rendered":"<ul>\n<li><em><strong>Aseguran a cuatro personas<\/strong><\/em><\/li>\n<\/ul>\n<div id=\"attachment_195348\" style=\"width: 250px\" class=\"wp-caption alignleft\"><a href=\"http:\/\/www.diarioimagen.net\/wp-content\/uploads\/2014\/11\/COCAINA-2478.jpg\"><img loading=\"lazy\" decoding=\"async\" aria-describedby=\"caption-attachment-195348\" class=\"size-medium wp-image-195348\" src=\"http:\/\/www.diarioimagen.net\/wp-content\/uploads\/2014\/11\/COCAINA-2478-240x180.jpg\" alt=\"Agentes del Grupo de Armas y T\u00e1cticas Especiales capturaron a cuatro sujetos que transportaban coca\u00edna.\" width=\"240\" height=\"180\" srcset=\"https:\/\/www.diarioimagen.net\/wp-content\/uploads\/2014\/11\/COCAINA-2478-240x180.jpg 240w, https:\/\/www.diarioimagen.net\/wp-content\/uploads\/2014\/11\/COCAINA-2478-420x315.jpg 420w, https:\/\/www.diarioimagen.net\/wp-content\/uploads\/2014\/11\/COCAINA-2478.jpg 500w\" sizes=\"auto, (max-width: 240px) 100vw, 240px\" \/><\/a><p id=\"caption-attachment-195348\" class=\"wp-caption-text\">Agentes del Grupo de Armas y T\u00e1cticas Especiales capturaron a cuatro sujetos que transportaban coca\u00edna.<\/p><\/div>\n<p><strong>Saltillo, Coah.-<\/strong> Elementos del Grupo de Armas y T\u00e1cticas Especiales, GATE, lograron el decomiso m\u00e1s importante y grande de la historia del estado, al incautar 95 kilos de coca\u00edna y lograr la detenci\u00f3n de cuatro personas, en el municipio de Guerrero, en la regi\u00f3n fronteriza del estado de Coahuila.<\/p>\n<p>El secretario de Gobierno, Armando Luna Canales, dio a conocer que lo anterior se logr\u00f3 sobre la carretera estatal 115 Piedras Negras-Nuevo Laredo, cuando los agentes se percataron de la presencia de una camioneta Nissan tipo estaquitas, color blanco, de reciente modelo.<\/p>\n<p>Es el aseguramiento de coca\u00edna m\u00e1s importante que ha hecho la autoridad estatal hasta ahora; es una acci\u00f3n importante por parte de los agentes, sin precedentes, sobre todo por el precio de la coca\u00edna en el mercado, que es muy superior al de la mariguana.\u201d<\/p>\n<p>Luna Canales dijo que los 95 kilos en el mercado nacional y norteamericano superan los 50 millones de pesos, lo que representa un golpe duro a la delincuencia organizada.<\/p>\n<p>El conductor rebasaba los l\u00edmites de velocidad, por lo que se le pidi\u00f3 hiciera un alto para efectuar una inspecci\u00f3n.<\/p>\n<p>El chofer responde al nombre de Mart\u00edn Alejandro Cruz Contreras, de 18 a\u00f1os de edad, originario de Colombia, Nuevo Le\u00f3n, y perteneciente a un grupo delincuencial, quien transportaba 80 paquetes de coca\u00edna envueltos en cintas de diferentes colores.<\/p>\n","protected":false},"excerpt":{"rendered":"<p>Elementos del Grupo de Armas y T\u00e1cticas Especiales, GATE, lograron el decomiso m\u00e1s importante y grande de la historia del estado, al incautar 95 kilos de coca\u00edna y lograr la detenci\u00f3n de cuatro personas, en el municipio de Guerrero, en la regi\u00f3n fronteriza del estado de Coahuila.<\/p>\n","protected":false},"author":3,"featured_media":195348,"comment_status":"open","ping_status":"open","sticky":false,"template":"","format":"standard","meta":{"_monsterinsights_skip_tracking":false,"_monsterinsights_sitenote_active":false,"_monsterinsights_sitenote_note":"","_monsterinsights_sitenote_category":0,"footnotes":""},"categories":[7],"tags":[38,1130,20086,43677],"class_list":["post-195304","post","type-post","status-publish","format-standard","has-post-thumbnail","hentry","category-seguridad","tag-coahuila","tag-cocaina","tag-incautan","tag-seguridad"],"_links":{"self":[{"href":"https:\/\/www.diarioimagen.net\/index.php?rest_route=\/wp\/v2\/posts\/195304","targetHints":{"allow":["GET"]}}],"collection":[{"href":"https:\/\/www.diarioimagen.net\/index.php?rest_route=\/wp\/v2\/posts"}],"about":[{"href":"https:\/\/www.diarioimagen.net\/index.php?rest_route=\/wp\/v2\/types\/post"}],"author":[{"embeddable":true,"href":"https:\/\/www.diarioimagen.net\/index.php?rest_route=\/wp\/v2\/users\/3"}],"replies":[{"embeddable":true,"href":"https:\/\/www.diarioimagen.net\/index.php?rest_route=%2Fwp%2Fv2%2Fcomments&post=195304"}],"version-history":[{"count":0,"href":"https:\/\/www.diarioimagen.net\/index.php?rest_route=\/wp\/v2\/posts\/195304\/revisions"}],"wp:featuredmedia":[{"embeddable":true,"href":"https:\/\/www.diarioimagen.net\/index.php?rest_route=\/wp\/v2\/media\/195348"}],"wp:attachment":[{"href":"https:\/\/www.diarioimagen.net\/index.php?rest_route=%2Fwp%2Fv2%2Fmedia&parent=195304"}],"wp:term":[{"taxonomy":"category","embeddable":true,"href":"https:\/\/www.diarioimagen.net\/index.php?rest_route=%2Fwp%2Fv2%2Fcategories&post=195304"},{"taxonomy":"post_tag","embeddable":true,"href":"https:\/\/www.diarioimagen.net\/index.php?rest_route=%2Fwp%2Fv2%2Ftags&post=195304"}],"curies":[{"name":"wp","href":"https:\/\/api.w.org\/{rel}","templated":true}]}}