{"id":195375,"date":"2014-11-05T00:07:14","date_gmt":"2014-11-05T06:07:14","guid":{"rendered":"http:\/\/www.diarioimagen.net\/?p=195375"},"modified":"2014-11-06T05:42:19","modified_gmt":"2014-11-06T11:42:19","slug":"detienen-a-los-abarca-en-el-df-declaran-en-la-seido","status":"publish","type":"post","link":"https:\/\/www.diarioimagen.net\/?p=195375","title":{"rendered":"Caen Abarca y su esposa en Iztapalapa"},"content":{"rendered":"<ul>\n<li><strong><em>El ex alcalde declara ante autoridades federales; PGR los ve como autores intelectuales del caso Iguala<\/em><\/strong><\/li>\n<\/ul>\n<h6>Jos\u00e9 Luis Monta\u00f1ez<\/h6>\n<p>&nbsp;<\/p>\n<div id=\"attachment_195376\" style=\"width: 250px\" class=\"wp-caption alignleft\"><img loading=\"lazy\" decoding=\"async\" aria-describedby=\"caption-attachment-195376\" class=\"wp-image-195376 size-medium\" src=\"http:\/\/www.diarioimagen.net\/wp-content\/uploads\/2014\/11\/CAEN-PORTAL-240x135.jpg\" alt=\"El matrimonio fue detenido en el interior de una casa modesta presuntamente rentada por la pareja, al oriente de la capital del pa\u00eds.\" width=\"240\" height=\"135\" srcset=\"https:\/\/www.diarioimagen.net\/wp-content\/uploads\/2014\/11\/CAEN-PORTAL-240x135.jpg 240w, https:\/\/www.diarioimagen.net\/wp-content\/uploads\/2014\/11\/CAEN-PORTAL-420x236.jpg 420w, https:\/\/www.diarioimagen.net\/wp-content\/uploads\/2014\/11\/CAEN-PORTAL-235x132.jpg 235w, https:\/\/www.diarioimagen.net\/wp-content\/uploads\/2014\/11\/CAEN-PORTAL-202x114.jpg 202w, https:\/\/www.diarioimagen.net\/wp-content\/uploads\/2014\/11\/CAEN-PORTAL-350x196.jpg 350w, https:\/\/www.diarioimagen.net\/wp-content\/uploads\/2014\/11\/CAEN-PORTAL-220x123.jpg 220w, https:\/\/www.diarioimagen.net\/wp-content\/uploads\/2014\/11\/CAEN-PORTAL-237x132.jpg 237w, https:\/\/www.diarioimagen.net\/wp-content\/uploads\/2014\/11\/CAEN-PORTAL.jpg 480w\" sizes=\"auto, (max-width: 240px) 100vw, 240px\" \/><p id=\"caption-attachment-195376\" class=\"wp-caption-text\">Jos\u00e9 Luis Abarca y su esposa, Mar\u00eda de los \u00c1ngeles Pineda, fueron capturados en una zona de cuarter\u00eda de la colonia Santa Mar\u00eda Aztahuac\u00e1n, en Iztapalapa.<\/p><\/div>\n<p>Polic\u00edas federales detuvieron la madrugada de ayer al ex alcalde de Iguala, Jos\u00e9 Luis Abarca, y a su esposa, Mar\u00eda de los \u00c1ngeles Pineda, se\u00f1alados por las autoridades como autores intelectuales del caso Iguala.<\/p>\n<p>La pareja fue detenida alrededor de las 2:30 de la ma\u00f1ana en el interior de una casa rentada en la colonia Santa Mar\u00eda Aztahuac\u00e1n de la delegaci\u00f3n Iztapalapa, en el Distrito Federal. Se dijo que se hizo una operaci\u00f3n en al menos tres domicilios en Iztapalapa, incluido uno en la calle de Jalisco n\u00famero 27, una casa humilde de paredes grises y port\u00f3n blanco, donde vecinos dicen que vive una pareja de ancianos y de la que en los \u00faltimos d\u00edas aseguran haber visto a una mujer salir a pasear a un perro.<\/p>\n<p>Ambos fueron se\u00f1alados por la Procuradur\u00eda General de la Rep\u00fablica de ordenar el pasado 26 y 27 de septiembre el ataque y desaparici\u00f3n en Iguala, Guerrero, de 43 normalistas de Ayotzinapa, con el prop\u00f3sito de que no \u201csabotearan\u201d el informe de labores de Pineda Villa, como ocurri\u00f3 en julio de 2013.<\/p>\n<p>El secretario de Gobernaci\u00f3n, Miguel \u00c1ngel Osorio Chong, confirm\u00f3 la detenci\u00f3n a trav\u00e9s de su cuenta de Twitter, @osoriochong, en la que indic\u00f3 que \u201ccomo parte de las investigaciones realizadas, esta madrugada fuerzas federales detuvieron a Jos\u00e9 Luis Abarca y su esposa\u201d.<\/p>\n<p>A su vez, el comisionado general de la Polic\u00eda Federal, Enrique Garrido Ceballos public\u00f3 a trav\u00e9s de la misma red social que la detenci\u00f3n del ex edil y su esposa fue parte de las investigaciones para localizar a los estudiantes, gracias al trabajo coordinado del gabinete de seguridad.<\/p>\n<p>Hace unas semanas, el titular de la PGR, Jes\u00fas Murillo Karam, indic\u00f3 que Mar\u00eda de los \u00c1ngeles Pineda fue identificada por Sidronio Casarrubias Salgado, quien fuera jefe de la banda criminal Guerreros Unidos, como la principal operadora de este grupo, desde la presidencia municipal, en compa\u00f1\u00eda de su marido y del secretario de Seguridad de Iguala, Felipe Flores Vel\u00e1zquez.<\/p>\n<p>Abarca fue trasladado a instalaciones de la PGR donde rinde declaraci\u00f3n ante autoridades federales respecto a la desaparici\u00f3n de los normalistas de Ayotzinapa, Guerrero. La dependencia ofrec\u00eda una recompensa de un mill\u00f3n y medio de pesos por informaci\u00f3n que llevara a la detenci\u00f3n del matrimonio Abarca; \u00e9ste y su esposa huyeron de Iguala y durante 38 d\u00edas estuvieron pr\u00f3fugos.<\/p>\n","protected":false},"excerpt":{"rendered":"<p><span style=\"color: #005497;\"><strong>Jos\u00e9 Luis Monta\u00f1ez<\/strong><\/span><br \/>\n<br \/>\nPolic\u00edas federales detuvieron la madrugada de ayer al ex alcalde de Iguala, Jos\u00e9 Luis Abarca, y a su esposa, Mar\u00eda de los \u00c1ngeles Pineda, se\u00f1alados por las autoridades como autores intelectuales del caso Iguala.<\/p>\n","protected":false},"author":5,"featured_media":195376,"comment_status":"open","ping_status":"open","sticky":false,"template":"","format":"standard","meta":{"_monsterinsights_skip_tracking":false,"_monsterinsights_sitenote_active":false,"_monsterinsights_sitenote_note":"","_monsterinsights_sitenote_category":0,"footnotes":""},"categories":[17,3],"tags":[3244,11674,36260,43673,25065],"class_list":["post-195375","post","type-post","status-publish","format-standard","has-post-thumbnail","hentry","category-especiales","category-nacional","tag-guerrero","tag-iguala","tag-maria-de-los-angeles-pineda-villa","tag-nacional","tag-seido"],"_links":{"self":[{"href":"https:\/\/www.diarioimagen.net\/index.php?rest_route=\/wp\/v2\/posts\/195375","targetHints":{"allow":["GET"]}}],"collection":[{"href":"https:\/\/www.diarioimagen.net\/index.php?rest_route=\/wp\/v2\/posts"}],"about":[{"href":"https:\/\/www.diarioimagen.net\/index.php?rest_route=\/wp\/v2\/types\/post"}],"author":[{"embeddable":true,"href":"https:\/\/www.diarioimagen.net\/index.php?rest_route=\/wp\/v2\/users\/5"}],"replies":[{"embeddable":true,"href":"https:\/\/www.diarioimagen.net\/index.php?rest_route=%2Fwp%2Fv2%2Fcomments&post=195375"}],"version-history":[{"count":0,"href":"https:\/\/www.diarioimagen.net\/index.php?rest_route=\/wp\/v2\/posts\/195375\/revisions"}],"wp:featuredmedia":[{"embeddable":true,"href":"https:\/\/www.diarioimagen.net\/index.php?rest_route=\/wp\/v2\/media\/195376"}],"wp:attachment":[{"href":"https:\/\/www.diarioimagen.net\/index.php?rest_route=%2Fwp%2Fv2%2Fmedia&parent=195375"}],"wp:term":[{"taxonomy":"category","embeddable":true,"href":"https:\/\/www.diarioimagen.net\/index.php?rest_route=%2Fwp%2Fv2%2Fcategories&post=195375"},{"taxonomy":"post_tag","embeddable":true,"href":"https:\/\/www.diarioimagen.net\/index.php?rest_route=%2Fwp%2Fv2%2Ftags&post=195375"}],"curies":[{"name":"wp","href":"https:\/\/api.w.org\/{rel}","templated":true}]}}