{"id":195378,"date":"2014-11-04T12:37:16","date_gmt":"2014-11-04T18:37:16","guid":{"rendered":"http:\/\/www.diarioimagen.net\/?p=195378"},"modified":"2014-11-05T03:39:13","modified_gmt":"2014-11-05T09:39:13","slug":"osorio-chong-confirma-captura-de-jose-luis-abarca-y-su-esposa","status":"publish","type":"post","link":"https:\/\/www.diarioimagen.net\/?p=195378","title":{"rendered":"Osorio Chong confirma captura de Jos\u00e9 Luis Abarca y su esposa"},"content":{"rendered":"<ul>\n<li><em><strong>El secretario de Gobernaci\u00f3n confirm\u00f3 en su cuenta de Twitter la detenci\u00f3n de Los Abarca esta madrugada en operativo llevado a cabo por fuerzas federales<\/strong><\/em><\/li>\n<\/ul>\n<div id=\"attachment_195379\" style=\"width: 250px\" class=\"wp-caption alignleft\"><img loading=\"lazy\" decoding=\"async\" aria-describedby=\"caption-attachment-195379\" class=\"size-medium wp-image-195379\" src=\"http:\/\/www.diarioimagen.net\/wp-content\/uploads\/2014\/11\/OSORIO-PORTAL-240x135.jpg\" alt=\"El secretario de Gobernaci\u00f3n, Miguel Angel Osorio Chong.\" width=\"240\" height=\"135\" srcset=\"https:\/\/www.diarioimagen.net\/wp-content\/uploads\/2014\/11\/OSORIO-PORTAL-240x135.jpg 240w, https:\/\/www.diarioimagen.net\/wp-content\/uploads\/2014\/11\/OSORIO-PORTAL-420x236.jpg 420w, https:\/\/www.diarioimagen.net\/wp-content\/uploads\/2014\/11\/OSORIO-PORTAL-235x132.jpg 235w, https:\/\/www.diarioimagen.net\/wp-content\/uploads\/2014\/11\/OSORIO-PORTAL-202x114.jpg 202w, https:\/\/www.diarioimagen.net\/wp-content\/uploads\/2014\/11\/OSORIO-PORTAL-350x196.jpg 350w, https:\/\/www.diarioimagen.net\/wp-content\/uploads\/2014\/11\/OSORIO-PORTAL-220x123.jpg 220w, https:\/\/www.diarioimagen.net\/wp-content\/uploads\/2014\/11\/OSORIO-PORTAL-237x132.jpg 237w, https:\/\/www.diarioimagen.net\/wp-content\/uploads\/2014\/11\/OSORIO-PORTAL.jpg 480w\" sizes=\"auto, (max-width: 240px) 100vw, 240px\" \/><p id=\"caption-attachment-195379\" class=\"wp-caption-text\">El secretario de Gobernaci\u00f3n, Miguel Angel Osorio Chong.<\/p><\/div>\n<p>El secretario de Gobernaci\u00f3n, Miguel Angel Osorio Chong, confirm\u00f3 a trav\u00e9s de su cuenta personal de Twitter, la detenci\u00f3n del ex alcalde de Iguala, Jos\u00e9 Luis Abarca junto con su esposa, Mar\u00eda de los \u00c1ngeles Pineda en la delegaci\u00f3n Iztapalapa, en la Ciudad de M\u00e9xico.<\/p>\n<p>A trav\u00e9s de su cuenta, Osorio Chong escrib\u00f3:<\/p>\n<p>Como parte de las investigaciones realizadas, esta madrugada fuerzas federales detuvieron a Jos\u00e9 Luis Abarca y su esposa\u00bb.<\/p>\n<p>A su vez el comisionado general de la Polic\u00eda Federal, Enrique Galindo Ceballos public\u00f3 a trav\u00e9s de la misma red social que la detenci\u00f3n del ex edil y su esposa Mar\u00eda de los \u00c1ngeles Pineda, es parte de las investigaciones para localizar a los 43 estudiantes de la normal de Ayotzinapa, Guerrero.<\/p>\n<p>El mando policial enfatiz\u00f3 que la detenci\u00f3n de Jos\u00e9 Luis Abarca ocurri\u00f3 esta madrugada gracias al trabajo coordinado del gabinete de seguridad.<\/p>\n<p>LOS ABARCA DETENIDOS EN DF<\/p>\n<p>El ex alcalde de Iguala, Guerrero, Jos\u00e9 Luis Abarca Vel\u00e1zquez y su esposa, Mar\u00eda de los \u00c1ngeles Pineda Villa, fueron detenidos esta madrugada durante un operativo realizado en la delegaci\u00f3n Iztapalapa, en la Ciudad de M\u00e9xico, confirm\u00f3 la Polic\u00eda Federal, dependiente de la Comisi\u00f3n Nacional de Seguridad.<\/p>\n<p>Se indic\u00f3 que la pareja fue trasladada a las oficinas de la Subprocuradur\u00eda Especializada en Investigaci\u00f3n de Delincuencia Organizada (SEIDO), en la colonia Guerrero.<\/p>\n<p>El matrimonio fue detenido en el interior de una casa modesta presuntamente rentada por la pareja, al oriente de la capital del pa\u00eds.<\/p>\n<p>El matrimonio Abarca Pineda est\u00e1 se\u00f1alado como los autor materiales de la muerte de seis personas y la desaparici\u00f3n de 43 estudiantes de la Normal Rural Ra\u00fal Isidro Burgos de Ayotzinapa, Guerrero.<\/p>\n<p>Jos\u00e9 Ram\u00f3n Salinas, coordinador de Comunicaci\u00f3n Social de la Polic\u00eda Federal confirm\u00f3 la captura por medio de su cuenta de Twitter, esta madrugada.<\/p>\n<p>La Procuradur\u00eda General de la Rep\u00fablica (PGR) ofrec\u00eda una recompensa de un mill\u00f3n y medio de pesos por informaci\u00f3n que llevara a la detenci\u00f3n del ex presidente municipal y su esposa.<\/p>\n","protected":false},"excerpt":{"rendered":"<p>El secretario de Gobernaci\u00f3n, Miguel Angel Osorio Chong, confirm\u00f3 a trav\u00e9s de su cuenta personal de Twitter, la detenci\u00f3n del ex alcalde de Iguala, Jos\u00e9 Luis Abarca junto con su esposa, Mar\u00eda de los \u00c1ngeles Pineda en la delegaci\u00f3n Iztapalapa, en la Ciudad de M\u00e9xico.<\/p>\n","protected":false},"author":5,"featured_media":195379,"comment_status":"open","ping_status":"open","sticky":false,"template":"","format":"standard","meta":{"_monsterinsights_skip_tracking":false,"_monsterinsights_sitenote_active":false,"_monsterinsights_sitenote_note":"","_monsterinsights_sitenote_category":0,"footnotes":""},"categories":[3],"tags":[1668,3676],"class_list":["post-195378","post","type-post","status-publish","format-standard","has-post-thumbnail","hentry","category-nacional","tag-gobernacion","tag-miguel-angel-osorio-chong"],"_links":{"self":[{"href":"https:\/\/www.diarioimagen.net\/index.php?rest_route=\/wp\/v2\/posts\/195378","targetHints":{"allow":["GET"]}}],"collection":[{"href":"https:\/\/www.diarioimagen.net\/index.php?rest_route=\/wp\/v2\/posts"}],"about":[{"href":"https:\/\/www.diarioimagen.net\/index.php?rest_route=\/wp\/v2\/types\/post"}],"author":[{"embeddable":true,"href":"https:\/\/www.diarioimagen.net\/index.php?rest_route=\/wp\/v2\/users\/5"}],"replies":[{"embeddable":true,"href":"https:\/\/www.diarioimagen.net\/index.php?rest_route=%2Fwp%2Fv2%2Fcomments&post=195378"}],"version-history":[{"count":0,"href":"https:\/\/www.diarioimagen.net\/index.php?rest_route=\/wp\/v2\/posts\/195378\/revisions"}],"wp:featuredmedia":[{"embeddable":true,"href":"https:\/\/www.diarioimagen.net\/index.php?rest_route=\/wp\/v2\/media\/195379"}],"wp:attachment":[{"href":"https:\/\/www.diarioimagen.net\/index.php?rest_route=%2Fwp%2Fv2%2Fmedia&parent=195378"}],"wp:term":[{"taxonomy":"category","embeddable":true,"href":"https:\/\/www.diarioimagen.net\/index.php?rest_route=%2Fwp%2Fv2%2Fcategories&post=195378"},{"taxonomy":"post_tag","embeddable":true,"href":"https:\/\/www.diarioimagen.net\/index.php?rest_route=%2Fwp%2Fv2%2Ftags&post=195378"}],"curies":[{"name":"wp","href":"https:\/\/api.w.org\/{rel}","templated":true}]}}