{"id":195434,"date":"2014-11-05T00:05:38","date_gmt":"2014-11-05T06:05:38","guid":{"rendered":"http:\/\/www.diarioimagen.net\/?p=195434"},"modified":"2014-11-06T05:42:10","modified_gmt":"2014-11-06T11:42:10","slug":"captura-de-abarca-decisiva-para-hallar-a-normalistas-epn","status":"publish","type":"post","link":"https:\/\/www.diarioimagen.net\/?p=195434","title":{"rendered":"Captura de Abarca, decisiva para hallar a normalistas: EPN"},"content":{"rendered":"<ul>\n<li><strong><em>Al presentar la iniciativa de reforma a la Ley de Obras P\u00fablicas, el Ejecutivo confi\u00f3 que se aclarar\u00e1 el caso<\/em><\/strong><\/li>\n<\/ul>\n<div id=\"attachment_195494\" style=\"width: 250px\" class=\"wp-caption alignleft\"><a href=\"http:\/\/www.diarioimagen.net\/wp-content\/uploads\/2014\/11\/epn-2479.jpg\"><img loading=\"lazy\" decoding=\"async\" aria-describedby=\"caption-attachment-195494\" class=\"size-medium wp-image-195494\" src=\"http:\/\/www.diarioimagen.net\/wp-content\/uploads\/2014\/11\/epn-2479-240x151.jpg\" alt=\"El presidente Enrique Pe\u00f1a Nieto, al hablar durante la presentaci\u00f3n de la iniciativa de reformas a la Ley de Obras P\u00fablicas.\" width=\"240\" height=\"151\" srcset=\"https:\/\/www.diarioimagen.net\/wp-content\/uploads\/2014\/11\/epn-2479-240x151.jpg 240w, https:\/\/www.diarioimagen.net\/wp-content\/uploads\/2014\/11\/epn-2479-420x265.jpg 420w, https:\/\/www.diarioimagen.net\/wp-content\/uploads\/2014\/11\/epn-2479.jpg 708w\" sizes=\"auto, (max-width: 240px) 100vw, 240px\" \/><\/a><p id=\"caption-attachment-195494\" class=\"wp-caption-text\">El presidente Enrique Pe\u00f1a Nieto, al hablar durante la presentaci\u00f3n de la iniciativa de reformas a la Ley de Obras P\u00fablicas.<\/p><\/div>\n<p>El presidente Enrique Pe\u00f1a Nieto expres\u00f3 su reconocimiento a las instituciones de procuraci\u00f3n de justicia por la detenci\u00f3n de Jos\u00e9 Luis Abarca, quien fuera alcalde de Iguala, as\u00ed como de su esposa, se\u00f1alados como responsables de los actos en ese municipio.<\/p>\n<p>Al encabezar la ceremonia donde se present\u00f3 la iniciativa de reforma a Ley de Obras P\u00fablicas, confi\u00f3 en que estas detenciones contribuyan de manera decisiva en las investigaciones que realiza la Procuradur\u00eda General de la Rep\u00fablica (PGR) para dar con los 43 estudiantes de la Normal Rural de Ayotzinapa desaparecidos desde el 26 de septiembre pasado.<\/p>\n<p>En el Sal\u00f3n Adolfo L\u00f3pez Mateos de Los Pinos, se\u00f1al\u00f3:<\/p>\n<p>\u201cEn primer lugar quiero hacer un p\u00fablico reconocimiento a las instituciones de procuraci\u00f3n y de seguridad del Estado mexicano ante la detenci\u00f3n, que es del dominio p\u00fablico, de quien fuera presidente municipal de Iguala y de su esposa, quienes con apego a la ley son se\u00f1alados como responsables de los hechos muy lamentables ocurridos en Guerrero, particularmente en el municipio de Iguala.<\/p>\n<p>\u201cYo espero que esta detenci\u00f3n contribuya de manera decidida al esclarecimiento y a la investigaci\u00f3n que esta realizando la Procuradur\u00eda General de la Rep\u00fablica\u201d.<\/p>\n<p style=\"text-align: center;\"><strong>Presenta iniciativa de reforma a Ley de Obras<\/strong><\/p>\n<p>Por otra parte, el Presidente asegur\u00f3 que con la iniciativa de reformas a la Ley de Obras P\u00fablicas, se busca agilizar su contrataci\u00f3n y gesti\u00f3n, con una mayor competencia y transparencia, que dar\u00e1 mayor certidumbre a todos los participantes.<\/p>\n<p>Durante la presentaci\u00f3n oficial de la iniciativa de reforma, el mandatario federal advirti\u00f3 que adem\u00e1s se garantizar\u00e1 que los recursos se administren con eficiencia, econom\u00eda y honradez como lo mandata el art\u00edculo 134 constitucional.<\/p>\n<p>Frente a integrantes de su gabinete legal y ampliado, as\u00ed como legisladores federales, Pe\u00f1a Nieto detall\u00f3 que los alcances de la iniciativa se pueden clasificar en tres rubros: nuevos mecanismos para la evaluaci\u00f3n y gesti\u00f3n de proyectos; medidas para incrementar la eficiencia y para dar mayor certeza jur\u00eddica.<\/p>\n<p>Los nuevos mecanismos para la evaluaci\u00f3n y gesti\u00f3n de proyectos, en donde se incorpora la figura de an\u00e1lisis comparativo de costo del ciclo de vida, con la que las dependencias podr\u00e1n elegir el mejor proyecto considerando no s\u00f3lo costo inicial, sino mantenimiento de la vida \u00fatil de la obra.<\/p>\n<p>Adem\u00e1s se incorpora el proyecto de magnitud o alcance relevante, lo que permitir\u00e1 que los megaproyectos cuenten con un instrumento de gesti\u00f3n especializada acorde con su complejidad y elevada inversi\u00f3n.<\/p>\n<p>Se incluye la figura gerencia de proyecto que fortalezca la planeaci\u00f3n, organizaci\u00f3n y ejecuci\u00f3n de una obra determinada a fin de cumplir con su prop\u00f3sito social dentro de los tiempos, costos y est\u00e1ndares de calidad establecidos.<\/p>\n<p>Nuevas medidas para incrementar la eficacia y transparencia en la contrataci\u00f3n y ejecuci\u00f3n de obras p\u00fablicas, con el fin de obtener las mejores condiciones en la contrataci\u00f3n de obras, la iniciativa promueve el uso del sistema en l\u00ednea CompraNet como la principal v\u00eda para llevar a cabo el procedimiento de contrataci\u00f3n.<\/p>\n<p>Este mecanismo permitir\u00e1 que participen m\u00e1s licitantes en los procedimientos de contrataci\u00f3n, de esta forma al haber m\u00e1s transparencia y competencia el Estado podr\u00e1 obtener mejores costos, logrando un ejercicio m\u00e1s eficiente de los recursos p\u00fablicos.<\/p>\n<p>De manera adicional, con el objeto de asegurar la legalidad de los procedimientos de contrataci\u00f3n p\u00fablica, se establecen nuevos tipos administrativos para sancionar a los licitantes, contratistas y servidores p\u00fablicos que evadan el cumplimiento de la ley.<\/p>\n","protected":false},"excerpt":{"rendered":"<p>El presidente Enrique Pe\u00f1a Nieto expres\u00f3 su reconocimiento a las instituciones de procuraci\u00f3n de justicia por la detenci\u00f3n de Jos\u00e9 Luis Abarca, quien fuera alcalde de Iguala, as\u00ed como de su esposa, se\u00f1alados como responsables de los actos en ese municipio.<\/p>\n","protected":false},"author":3,"featured_media":195494,"comment_status":"open","ping_status":"open","sticky":false,"template":"","format":"standard","meta":{"_monsterinsights_skip_tracking":false,"_monsterinsights_sitenote_active":false,"_monsterinsights_sitenote_note":"","_monsterinsights_sitenote_category":0,"footnotes":""},"categories":[3],"tags":[16976,18,1716,36007,43673],"class_list":["post-195434","post","type-post","status-publish","format-standard","has-post-thumbnail","hentry","category-nacional","tag-captura","tag-enrique-pena-nieto","tag-epn","tag-jose-luis-abarca-velazquez","tag-nacional"],"_links":{"self":[{"href":"https:\/\/www.diarioimagen.net\/index.php?rest_route=\/wp\/v2\/posts\/195434","targetHints":{"allow":["GET"]}}],"collection":[{"href":"https:\/\/www.diarioimagen.net\/index.php?rest_route=\/wp\/v2\/posts"}],"about":[{"href":"https:\/\/www.diarioimagen.net\/index.php?rest_route=\/wp\/v2\/types\/post"}],"author":[{"embeddable":true,"href":"https:\/\/www.diarioimagen.net\/index.php?rest_route=\/wp\/v2\/users\/3"}],"replies":[{"embeddable":true,"href":"https:\/\/www.diarioimagen.net\/index.php?rest_route=%2Fwp%2Fv2%2Fcomments&post=195434"}],"version-history":[{"count":0,"href":"https:\/\/www.diarioimagen.net\/index.php?rest_route=\/wp\/v2\/posts\/195434\/revisions"}],"wp:featuredmedia":[{"embeddable":true,"href":"https:\/\/www.diarioimagen.net\/index.php?rest_route=\/wp\/v2\/media\/195494"}],"wp:attachment":[{"href":"https:\/\/www.diarioimagen.net\/index.php?rest_route=%2Fwp%2Fv2%2Fmedia&parent=195434"}],"wp:term":[{"taxonomy":"category","embeddable":true,"href":"https:\/\/www.diarioimagen.net\/index.php?rest_route=%2Fwp%2Fv2%2Fcategories&post=195434"},{"taxonomy":"post_tag","embeddable":true,"href":"https:\/\/www.diarioimagen.net\/index.php?rest_route=%2Fwp%2Fv2%2Ftags&post=195434"}],"curies":[{"name":"wp","href":"https:\/\/api.w.org\/{rel}","templated":true}]}}