{"id":195457,"date":"2014-11-05T00:08:40","date_gmt":"2014-11-05T06:08:40","guid":{"rendered":"http:\/\/www.diarioimagen.net\/?p=195457"},"modified":"2014-11-05T03:41:09","modified_gmt":"2014-11-05T09:41:09","slug":"proveedores-y-comerciantes-firman-acuerdo-en-economia","status":"publish","type":"post","link":"https:\/\/www.diarioimagen.net\/?p=195457","title":{"rendered":"Proveedores y comerciantes firman acuerdo en Econom\u00eda"},"content":{"rendered":"<ul>\n<li><strong><em>Mejoran pr\u00e1cticas comerciales<\/em><\/strong><\/li>\n<\/ul>\n<div id=\"attachment_195501\" style=\"width: 250px\" class=\"wp-caption alignleft\"><a href=\"http:\/\/www.diarioimagen.net\/wp-content\/uploads\/2014\/11\/COMERCIO-2479.jpg\"><img loading=\"lazy\" decoding=\"async\" aria-describedby=\"caption-attachment-195501\" class=\"size-medium wp-image-195501\" src=\"http:\/\/www.diarioimagen.net\/wp-content\/uploads\/2014\/11\/COMERCIO-2479-240x125.jpg\" alt=\"El titular de la Secretar\u00eda de Econom\u00eda, Ildefonso Guajardo, atestigu\u00f3 la firma del Convenio de Concertaci\u00f3n para la Mejora Continua de Pr\u00e1cticas Comerciales Competitivas.\" width=\"240\" height=\"125\" srcset=\"https:\/\/www.diarioimagen.net\/wp-content\/uploads\/2014\/11\/COMERCIO-2479-240x125.jpg 240w, https:\/\/www.diarioimagen.net\/wp-content\/uploads\/2014\/11\/COMERCIO-2479-420x219.jpg 420w, https:\/\/www.diarioimagen.net\/wp-content\/uploads\/2014\/11\/COMERCIO-2479.jpg 700w\" sizes=\"auto, (max-width: 240px) 100vw, 240px\" \/><\/a><p id=\"caption-attachment-195501\" class=\"wp-caption-text\">El titular de la Secretar\u00eda de Econom\u00eda, Ildefonso Guajardo, atestigu\u00f3 la firma del Convenio de Concertaci\u00f3n para la Mejora Continua de Pr\u00e1cticas Comerciales Competitivas.<\/p><\/div>\n<p>Organizaciones de industriales de la transformaci\u00f3n, tiendas departamentales, comerciantes y proveedores firmaron ayer el Convenio de Concertaci\u00f3n para la Mejora Continua de Pr\u00e1cticas Comerciales Competitivas, evento presidido por el titular de la Secretar\u00eda de Econom\u00eda, Ildefonso Guajardo Villarreal.<\/p>\n<p>El documento basa en la autorregulaci\u00f3n de los involucrados, y si alguno incumple podr\u00eda ser sujeto de investigaci\u00f3n por parte de la Procuradur\u00eda Federal del Consumidor (Profeco) o la Comisi\u00f3n Federal de Competencia Econ\u00f3mica (Cofece).<\/p>\n<p>Ildefonso Guajardo describi\u00f3 que el acuerdo no est\u00e1 hecho para restringir libertades comerciales, pero se reconoce que hay asimetr\u00edas en el proceso de comercializaci\u00f3n. En este contexto, la SE fungir\u00e1 como un \u00e1rbitro en caso de alg\u00fan desacuerdo.<\/p>\n<p>El secretario a\u00f1adi\u00f3 que el convenio tiene un car\u00e1cter preventivo en el buen ejercicio del comercio, de tal forma que no se establecen sanciones en el mismo. Sin embargo, una mala pr\u00e1ctica puede ser el inicio de una investigaci\u00f3n por parte de la autoridad.<\/p>\n<p>\u201cEn dado caso que haya violaciones recurrentes a los acuerdos establecidos pueden ser los elementos que fundamenten la solicitud de inicio de una investigaci\u00f3n ante autoridades competentes\u201d, se\u00f1al\u00f3.<\/p>\n<p>Consider\u00f3 que la nueva Ley de Competencia Econ\u00f3mica, que establece multas m\u00e1s altas, es un incentivo para garantizar la buena conducta de los compradores.<\/p>\n<p>En su oportunidad, Rodrigo Alp\u00edzar, presidente de Canacintra, destac\u00f3 que el acuerdo inhibe malas pr\u00e1cticas como ventas por debajo de costos, permite que aplique la garant\u00eda de utilidad, para evitar p\u00e9rdidas con respecto al precio de venta y que se inicien investigaciones de oficio.<\/p>\n","protected":false},"excerpt":{"rendered":"<p>Organizaciones de industriales de la transformaci\u00f3n, tiendas departamentales, comerciantes y proveedores firmaron<\/p>\n","protected":false},"author":3,"featured_media":195501,"comment_status":"open","ping_status":"open","sticky":false,"template":"","format":"standard","meta":{"_monsterinsights_skip_tracking":false,"_monsterinsights_sitenote_active":false,"_monsterinsights_sitenote_note":"","_monsterinsights_sitenote_category":0,"footnotes":""},"categories":[3],"tags":[26964,43673,356],"class_list":["post-195457","post","type-post","status-publish","format-standard","has-post-thumbnail","hentry","category-nacional","tag-ildefonso-guajardo-villarreal","tag-nacional","tag-profeco"],"_links":{"self":[{"href":"https:\/\/www.diarioimagen.net\/index.php?rest_route=\/wp\/v2\/posts\/195457","targetHints":{"allow":["GET"]}}],"collection":[{"href":"https:\/\/www.diarioimagen.net\/index.php?rest_route=\/wp\/v2\/posts"}],"about":[{"href":"https:\/\/www.diarioimagen.net\/index.php?rest_route=\/wp\/v2\/types\/post"}],"author":[{"embeddable":true,"href":"https:\/\/www.diarioimagen.net\/index.php?rest_route=\/wp\/v2\/users\/3"}],"replies":[{"embeddable":true,"href":"https:\/\/www.diarioimagen.net\/index.php?rest_route=%2Fwp%2Fv2%2Fcomments&post=195457"}],"version-history":[{"count":0,"href":"https:\/\/www.diarioimagen.net\/index.php?rest_route=\/wp\/v2\/posts\/195457\/revisions"}],"wp:featuredmedia":[{"embeddable":true,"href":"https:\/\/www.diarioimagen.net\/index.php?rest_route=\/wp\/v2\/media\/195501"}],"wp:attachment":[{"href":"https:\/\/www.diarioimagen.net\/index.php?rest_route=%2Fwp%2Fv2%2Fmedia&parent=195457"}],"wp:term":[{"taxonomy":"category","embeddable":true,"href":"https:\/\/www.diarioimagen.net\/index.php?rest_route=%2Fwp%2Fv2%2Fcategories&post=195457"},{"taxonomy":"post_tag","embeddable":true,"href":"https:\/\/www.diarioimagen.net\/index.php?rest_route=%2Fwp%2Fv2%2Ftags&post=195457"}],"curies":[{"name":"wp","href":"https:\/\/api.w.org\/{rel}","templated":true}]}}