{"id":195461,"date":"2014-11-05T00:09:35","date_gmt":"2014-11-05T06:09:35","guid":{"rendered":"http:\/\/www.diarioimagen.net\/?p=195461"},"modified":"2014-11-05T03:22:03","modified_gmt":"2014-11-05T09:22:03","slug":"favorable-evolucion-de-la-salud-de-mancera","status":"publish","type":"post","link":"https:\/\/www.diarioimagen.net\/?p=195461","title":{"rendered":"Favorable, evoluci\u00f3n de la salud de Mancera"},"content":{"rendered":"<ul>\n<li><strong><em>Lo dan de alta a m\u00e1s tardar en 72 horas<\/em><\/strong><\/li>\n<\/ul>\n<div id=\"attachment_195506\" style=\"width: 250px\" class=\"wp-caption alignleft\"><a href=\"http:\/\/www.diarioimagen.net\/wp-content\/uploads\/2014\/11\/Mancera-2479.jpg\"><img loading=\"lazy\" decoding=\"async\" aria-describedby=\"caption-attachment-195506\" class=\"size-medium wp-image-195506\" src=\"http:\/\/www.diarioimagen.net\/wp-content\/uploads\/2014\/11\/Mancera-2479-240x236.jpg\" alt=\"Miguel \u00c1ngel Mancera Espinosa, jefe de gobierno del Distrito Federal, se recupera favorablemente de la cirug\u00eda a que fue sometido el viernes pasado.\" width=\"240\" height=\"236\" srcset=\"https:\/\/www.diarioimagen.net\/wp-content\/uploads\/2014\/11\/Mancera-2479-240x236.jpg 240w, https:\/\/www.diarioimagen.net\/wp-content\/uploads\/2014\/11\/Mancera-2479-420x414.jpg 420w, https:\/\/www.diarioimagen.net\/wp-content\/uploads\/2014\/11\/Mancera-2479-50x50.jpg 50w, https:\/\/www.diarioimagen.net\/wp-content\/uploads\/2014\/11\/Mancera-2479-75x75.jpg 75w, https:\/\/www.diarioimagen.net\/wp-content\/uploads\/2014\/11\/Mancera-2479-70x70.jpg 70w, https:\/\/www.diarioimagen.net\/wp-content\/uploads\/2014\/11\/Mancera-2479.jpg 700w\" sizes=\"auto, (max-width: 240px) 100vw, 240px\" \/><\/a><p id=\"caption-attachment-195506\" class=\"wp-caption-text\">Miguel \u00c1ngel Mancera Espinosa, jefe de gobierno del Distrito Federal, se recupera favorablemente de la cirug\u00eda a que fue sometido el viernes pasado.<\/p><\/div>\n<p>El jefe de gobierno del Distrito Federal, Miguel \u00c1ngel Mancera Espinosa, evoluciona favorablemente, por lo que se espera que sea dado de alta entre las pr\u00f3ximas 48 o 72 horas, dijo el cirujano cardiovascular Carlos Riera, al dar el parte m\u00e9dico de ayer.<\/p>\n<p>El galeno mencion\u00f3 que Mancera ya inici\u00f3 su terapia f\u00edsica de rehabilitaci\u00f3n y \u201ccamina por los pasillos, adem\u00e1s, tom\u00f3 un ba\u00f1o en regadera\u201d.<\/p>\n<p>\u201cLa evoluci\u00f3n ha sido tan satisfactoria que se han suspendido el 80 por ciento de sus medicamentos. \u00danicamente est\u00e1 con analg\u00e9sicos y antibi\u00f3ticos\u201d.<\/p>\n<p>Tras la operaci\u00f3n a coraz\u00f3n abierto que le fue practicada a Mancera Espinosa la tarde del viernes, su evoluci\u00f3n ha sido satisfactoria por lo que el lunes por la tarde dej\u00f3 el \u00e1rea de cuidados intermedios.<\/p>\n<p>\u00c9sta es la primera conferencia de prensa sobre la salud de Mancera en la que no est\u00e1 presente el Secretario de Gobierno, H\u00e9ctor Serrano, aunque s\u00ed estuvo el titular de Salud, Armando Ahued.<\/p>\n<p style=\"text-align: center;\"><strong>Mancera ordena dar\u00a0<\/strong><strong>apoyo en caso Abarca<\/strong><\/p>\n<p>Por otra parte, mediante un comunicado, el GDF inform\u00f3 que colabor\u00f3 y apoy\u00f3 a las autoridades federales en el operativo que llev\u00f3 a la detenci\u00f3n del ex alcalde de Iguala, Jos\u00e9 Luis Abarca y su esposa, Mar\u00eda de los \u00c1ngeles Pineda Villa, en la colonia Santa Mar\u00eda Aztahuac\u00e1n, de la delegaci\u00f3n Iztapalapa.<\/p>\n<p>Miguel \u00c1ngel Mancera Espinosa, quien se encuentra convaleciendo en el hospital, asegur\u00f3 que desde las primeras horas de ayer hubo comunicaci\u00f3n entre las \u00e1reas de seguridad y procuraci\u00f3n de justicia de la ciudad y las dependencias correspondientes del gobierno federal.<\/p>\n<p>\u201cEnterado de inmediato de la situaci\u00f3n, (se) orden\u00f3 prestar toda la colaboraci\u00f3n y apoyo a las autoridades federales para que el operativo se realizara de manera exitosa y con plena seguridad\u201d, concluy\u00f3.<\/p>\n","protected":false},"excerpt":{"rendered":"<p>El jefe de gobierno del Distrito Federal, Miguel \u00c1ngel Mancera Espinosa, evoluciona favorablemente, por lo que se espera que sea dado de alta entre las pr\u00f3ximas 48 o 72 horas, dijo el cirujano cardiovascular Carlos Riera, al dar el parte m\u00e9dico de ayer.<\/p>\n","protected":false},"author":3,"featured_media":195506,"comment_status":"open","ping_status":"open","sticky":false,"template":"","format":"standard","meta":{"_monsterinsights_skip_tracking":false,"_monsterinsights_sitenote_active":false,"_monsterinsights_sitenote_note":"","_monsterinsights_sitenote_category":0,"footnotes":""},"categories":[6],"tags":[204,11365,5314,16548,43692],"class_list":["post-195461","post","type-post","status-publish","format-standard","has-post-thumbnail","hentry","category-cd-de-mexico","tag-ciudad-de-mexico","tag-corazon","tag-miguel-angel-mancera-espinosa","tag-operacion","tag-salud"],"_links":{"self":[{"href":"https:\/\/www.diarioimagen.net\/index.php?rest_route=\/wp\/v2\/posts\/195461","targetHints":{"allow":["GET"]}}],"collection":[{"href":"https:\/\/www.diarioimagen.net\/index.php?rest_route=\/wp\/v2\/posts"}],"about":[{"href":"https:\/\/www.diarioimagen.net\/index.php?rest_route=\/wp\/v2\/types\/post"}],"author":[{"embeddable":true,"href":"https:\/\/www.diarioimagen.net\/index.php?rest_route=\/wp\/v2\/users\/3"}],"replies":[{"embeddable":true,"href":"https:\/\/www.diarioimagen.net\/index.php?rest_route=%2Fwp%2Fv2%2Fcomments&post=195461"}],"version-history":[{"count":0,"href":"https:\/\/www.diarioimagen.net\/index.php?rest_route=\/wp\/v2\/posts\/195461\/revisions"}],"wp:featuredmedia":[{"embeddable":true,"href":"https:\/\/www.diarioimagen.net\/index.php?rest_route=\/wp\/v2\/media\/195506"}],"wp:attachment":[{"href":"https:\/\/www.diarioimagen.net\/index.php?rest_route=%2Fwp%2Fv2%2Fmedia&parent=195461"}],"wp:term":[{"taxonomy":"category","embeddable":true,"href":"https:\/\/www.diarioimagen.net\/index.php?rest_route=%2Fwp%2Fv2%2Fcategories&post=195461"},{"taxonomy":"post_tag","embeddable":true,"href":"https:\/\/www.diarioimagen.net\/index.php?rest_route=%2Fwp%2Fv2%2Ftags&post=195461"}],"curies":[{"name":"wp","href":"https:\/\/api.w.org\/{rel}","templated":true}]}}