{"id":195537,"date":"2014-11-06T00:04:42","date_gmt":"2014-11-06T06:04:42","guid":{"rendered":"http:\/\/www.diarioimagen.net\/?p=195537"},"modified":"2014-11-07T05:10:30","modified_gmt":"2014-11-07T11:10:30","slug":"afecto-caso-de-normalistas-la-imagen-de-mexico-dice-videgaray","status":"publish","type":"post","link":"https:\/\/www.diarioimagen.net\/?p=195537","title":{"rendered":"El caso Ayotzinapa afect\u00f3 la imagen de M\u00e9xico: Videgaray"},"content":{"rendered":"<ul>\n<li><strong><em>Buscar a desaparecidos de Iguala, prioridad<\/em><\/strong><\/li>\n<\/ul>\n<div id=\"attachment_195660\" style=\"width: 250px\" class=\"wp-caption alignleft\"><a href=\"http:\/\/www.diarioimagen.net\/wp-content\/uploads\/2014\/11\/videgaray-2480.jpg\"><img loading=\"lazy\" decoding=\"async\" aria-describedby=\"caption-attachment-195660\" class=\"size-medium wp-image-195660\" src=\"http:\/\/www.diarioimagen.net\/wp-content\/uploads\/2014\/11\/videgaray-2480-240x135.jpg\" alt=\"El secretario de Hacienda, Luis Videgaray Caso, hizo una valoraci\u00f3n sobre el impacto que tiene la imagen de M\u00e9xico por el caso Iguala.\" width=\"240\" height=\"135\" srcset=\"https:\/\/www.diarioimagen.net\/wp-content\/uploads\/2014\/11\/videgaray-2480-240x135.jpg 240w, https:\/\/www.diarioimagen.net\/wp-content\/uploads\/2014\/11\/videgaray-2480-420x236.jpg 420w, https:\/\/www.diarioimagen.net\/wp-content\/uploads\/2014\/11\/videgaray-2480-235x132.jpg 235w, https:\/\/www.diarioimagen.net\/wp-content\/uploads\/2014\/11\/videgaray-2480-202x114.jpg 202w, https:\/\/www.diarioimagen.net\/wp-content\/uploads\/2014\/11\/videgaray-2480-350x196.jpg 350w, https:\/\/www.diarioimagen.net\/wp-content\/uploads\/2014\/11\/videgaray-2480-220x123.jpg 220w, https:\/\/www.diarioimagen.net\/wp-content\/uploads\/2014\/11\/videgaray-2480-237x132.jpg 237w, https:\/\/www.diarioimagen.net\/wp-content\/uploads\/2014\/11\/videgaray-2480.jpg 480w\" sizes=\"auto, (max-width: 240px) 100vw, 240px\" \/><\/a><p id=\"caption-attachment-195660\" class=\"wp-caption-text\">El secretario de Hacienda, Luis Videgaray Caso, hizo una valoraci\u00f3n sobre el impacto que tiene la imagen de M\u00e9xico por el caso Iguala.<\/p><\/div>\n<p>El secretario de Hacienda, Luis Videgaray Caso, admiti\u00f3 que la desaparici\u00f3n de 43 normalistas en Guerrero es un evento que ya impact\u00f3 negativamente la imagen de M\u00e9xico en el extranjero. Sin embargo, rechaz\u00f3 que hasta el momento el hecho se haya traducido en una cancelaci\u00f3n de inversiones for\u00e1neas en el pa\u00eds.<\/p>\n<p>Expres\u00f3: \u201cEs evidente de que la percepci\u00f3n de M\u00e9xico ha cambiado, de los mexicanos y del extranjero. Es un hecho de la m\u00e1s alta gravedad (pero) lo fundamental es el fortalecimiento del estado de Derecho. Todas las acciones del Estado, todas las instituciones, debemos tener como una prioridad el fortalecimiento del estado de Derecho, m\u00e1s all\u00e1 de los muy lamentables hechos, en todos los \u00e1mbitos de la vida p\u00fablica y de la sociedad\u201d.<\/p>\n<p>Reconoci\u00f3 que los hechos \u201cson estremecedores\u201d, han consternado a M\u00e9xico y al mundo entero, y \u201ctienen un efecto sobre la imagen de nuestro pa\u00eds\u201d. Los hechos ocurridos en el municipio de Iguala son dolorosos y han estremecido a la naci\u00f3n, pero para el gobierno federal es prioridad buscar a los desaparecidos, continuar la investigaci\u00f3n penal y hacer justicia.<\/p>\n<p>Consider\u00f3 que este suceso puede llevar a un esfuerzo de reflexi\u00f3n colectiva y a tomar las medidas que impidan que vuelvan a ocurrir, pues \u201ces un hecho que la percepci\u00f3n sobre M\u00e9xico ha cambiado por este hecho\u201d.<\/p>\n<p>A\u00f1adi\u00f3: \u201cLo ocurrido en Guerrero es algo que dif\u00edcilmente vamos a olvidar, pero es algo que debe de llevarnos a la acci\u00f3n: primero al gobierno federal a los gobiernos de los estados y a la sociedad en su conjunto sobre el valor del estado de Derecho. Y segundo, a entender que M\u00e9xico tiene una agenda importante de reformas\u201d.<\/p>\n","protected":false},"excerpt":{"rendered":"<p>El secretario de Hacienda, Luis Videgaray Caso, admiti\u00f3 que la desaparici\u00f3n de 43 normalistas en Guerrero es un evento que ya impact\u00f3 negativamente la imagen de M\u00e9xico en el extranjero. Sin embargo, rechaz\u00f3 que hasta el momento el hecho se haya traducido en una cancelaci\u00f3n de inversiones for\u00e1neas en el pa\u00eds.<\/p>\n","protected":false},"author":5,"featured_media":195660,"comment_status":"open","ping_status":"open","sticky":false,"template":"","format":"standard","meta":{"_monsterinsights_skip_tracking":false,"_monsterinsights_sitenote_active":false,"_monsterinsights_sitenote_note":"","_monsterinsights_sitenote_category":0,"footnotes":""},"categories":[3],"tags":[3244,513,7517],"class_list":["post-195537","post","type-post","status-publish","format-standard","has-post-thumbnail","hentry","category-nacional","tag-guerrero","tag-imagen","tag-luis-videgaray-caso"],"_links":{"self":[{"href":"https:\/\/www.diarioimagen.net\/index.php?rest_route=\/wp\/v2\/posts\/195537","targetHints":{"allow":["GET"]}}],"collection":[{"href":"https:\/\/www.diarioimagen.net\/index.php?rest_route=\/wp\/v2\/posts"}],"about":[{"href":"https:\/\/www.diarioimagen.net\/index.php?rest_route=\/wp\/v2\/types\/post"}],"author":[{"embeddable":true,"href":"https:\/\/www.diarioimagen.net\/index.php?rest_route=\/wp\/v2\/users\/5"}],"replies":[{"embeddable":true,"href":"https:\/\/www.diarioimagen.net\/index.php?rest_route=%2Fwp%2Fv2%2Fcomments&post=195537"}],"version-history":[{"count":0,"href":"https:\/\/www.diarioimagen.net\/index.php?rest_route=\/wp\/v2\/posts\/195537\/revisions"}],"wp:featuredmedia":[{"embeddable":true,"href":"https:\/\/www.diarioimagen.net\/index.php?rest_route=\/wp\/v2\/media\/195660"}],"wp:attachment":[{"href":"https:\/\/www.diarioimagen.net\/index.php?rest_route=%2Fwp%2Fv2%2Fmedia&parent=195537"}],"wp:term":[{"taxonomy":"category","embeddable":true,"href":"https:\/\/www.diarioimagen.net\/index.php?rest_route=%2Fwp%2Fv2%2Fcategories&post=195537"},{"taxonomy":"post_tag","embeddable":true,"href":"https:\/\/www.diarioimagen.net\/index.php?rest_route=%2Fwp%2Fv2%2Ftags&post=195537"}],"curies":[{"name":"wp","href":"https:\/\/api.w.org\/{rel}","templated":true}]}}