{"id":195547,"date":"2014-11-06T00:03:55","date_gmt":"2014-11-06T06:03:55","guid":{"rendered":"http:\/\/www.diarioimagen.net\/?p=195547"},"modified":"2014-11-07T05:10:18","modified_gmt":"2014-11-07T11:10:18","slug":"hija-de-abarca-declaro-como-testigo-en-la-pgr","status":"publish","type":"post","link":"https:\/\/www.diarioimagen.net\/?p=195547","title":{"rendered":"Hija de Abarca declar\u00f3 como testigo en la PGR"},"content":{"rendered":"<ul>\n<li><strong><em>Es amiga de Noem\u00ed Berumen, detenida y acusada de encubrimiento por prestar casa a sus padres<\/em><\/strong><\/li>\n<\/ul>\n<div id=\"attachment_195548\" style=\"width: 250px\" class=\"wp-caption alignleft\"><img loading=\"lazy\" decoding=\"async\" aria-describedby=\"caption-attachment-195548\" class=\"wp-image-195548 size-medium\" src=\"http:\/\/www.diarioimagen.net\/wp-content\/uploads\/2014\/11\/HIJA-PORTAL-240x135.jpg\" alt=\"Yazareth Liz Abarca Pineda, hija del ex alcalde de Iguala, Jos\u00e9 Luis Abarca Vel\u00e1zquez y Mar\u00eda de los \u00c1ngeles Pineda.\" width=\"240\" height=\"135\" srcset=\"https:\/\/www.diarioimagen.net\/wp-content\/uploads\/2014\/11\/HIJA-PORTAL-240x135.jpg 240w, https:\/\/www.diarioimagen.net\/wp-content\/uploads\/2014\/11\/HIJA-PORTAL-420x236.jpg 420w, https:\/\/www.diarioimagen.net\/wp-content\/uploads\/2014\/11\/HIJA-PORTAL-235x132.jpg 235w, https:\/\/www.diarioimagen.net\/wp-content\/uploads\/2014\/11\/HIJA-PORTAL-202x114.jpg 202w, https:\/\/www.diarioimagen.net\/wp-content\/uploads\/2014\/11\/HIJA-PORTAL-350x196.jpg 350w, https:\/\/www.diarioimagen.net\/wp-content\/uploads\/2014\/11\/HIJA-PORTAL-220x123.jpg 220w, https:\/\/www.diarioimagen.net\/wp-content\/uploads\/2014\/11\/HIJA-PORTAL-237x132.jpg 237w, https:\/\/www.diarioimagen.net\/wp-content\/uploads\/2014\/11\/HIJA-PORTAL.jpg 480w\" sizes=\"auto, (max-width: 240px) 100vw, 240px\" \/><p id=\"caption-attachment-195548\" class=\"wp-caption-text\">Esta chica es Yazareth Abarca Pineda, hija del ex alcalde de Iguala, quien deeclar\u00f3 ante el agente del Ministerio P\u00fablico como testigo. Est\u00e1 en libertad.<\/p><\/div>\n<p>Yazareth Liz Abarca Pineda, hija del ex alcalde de Iguala, Jos\u00e9 Luis Abarca Vel\u00e1zquez y Mar\u00eda de los \u00c1ngeles Pineda, declar\u00f3 en calidad de testigo en la Procuradur\u00eda General de la Rep\u00fablica. Ella se present\u00f3 de manera voluntaria, ya que no tiene cargos en su contra, ante el agente del Ministerio P\u00fablico Federal de la Subprocuradur\u00eda Especializada en Investigaci\u00f3n de Delincuencia Organizada (SEIDO).<\/p>\n<p>La joven es amiga de Noem\u00ed Berumen Rodr\u00edguez, quien proporcion\u00f3 una vivienda a sus padres en la colonia Tenorios, en Iztapalapa, para que se ocultaran de las fuerzas federales. Noem\u00ed estudi\u00f3 dise\u00f1o industrial, es egresada de la Universidad An\u00e1huac y fue detenida el martes en un domicilio de la calle Jalisco, colonia Santa Mar\u00eda Aztahuac\u00e1n, en Iztapalapa, cuando grupos de \u00e9lite buscaban al ex alcalde y su esposa.<\/p>\n<p>Yazareth fue dejada en libertad, pues se inform\u00f3 que no existe alguna imputaci\u00f3n en su contra ni indicios que la se\u00f1alen como responsable de un delito. Simplemente acudi\u00f3 a rendir declaraci\u00f3n en la investigaci\u00f3n que se sigue contra sus padres por la desaparici\u00f3n de 43 normalistas de Ayotzinapa, el 26 y 27 de septiembre en Iguala, Guerrero.<\/p>\n<p>En tanto, el secretario de Gobernaci\u00f3n, Miguel \u00c1ngel Osorio Chong, reiter\u00f3 que la informaci\u00f3n sobre la detenci\u00f3n del ex alcalde y los avances en la investigaci\u00f3n se har\u00e1 p\u00fablica a trav\u00e9s de la PGR. \u201cTodo lo que se pueda dar dentro de la investigaci\u00f3n se va a dar a conocer, las declaraciones y, por supuesto, en qu\u00e9 van las investigaciones\u201d.<\/p>\n","protected":false},"excerpt":{"rendered":"<p>Yazareth Liz Abarca Pineda, hija del ex alcalde de Iguala, Jos\u00e9 Luis Abarca Vel\u00e1zquez y Mar\u00eda de los \u00c1ngeles Pineda, declar\u00f3 en calidad de testigo en la Procuradur\u00eda General de la Rep\u00fablica. Ella se present\u00f3 de manera voluntaria, ya que no tiene cargos en su contra, ante el agente del Ministerio P\u00fablico Federal de la Subprocuradur\u00eda Especializada en Investigaci\u00f3n de Delincuencia Organizada (SEIDO).<\/p>\n","protected":false},"author":5,"featured_media":195548,"comment_status":"open","ping_status":"open","sticky":false,"template":"","format":"standard","meta":{"_monsterinsights_skip_tracking":false,"_monsterinsights_sitenote_active":false,"_monsterinsights_sitenote_note":"","_monsterinsights_sitenote_category":0,"footnotes":""},"categories":[3],"tags":[36007,43673,232,25065],"class_list":["post-195547","post","type-post","status-publish","format-standard","has-post-thumbnail","hentry","category-nacional","tag-jose-luis-abarca-velazquez","tag-nacional","tag-pgr","tag-seido"],"_links":{"self":[{"href":"https:\/\/www.diarioimagen.net\/index.php?rest_route=\/wp\/v2\/posts\/195547","targetHints":{"allow":["GET"]}}],"collection":[{"href":"https:\/\/www.diarioimagen.net\/index.php?rest_route=\/wp\/v2\/posts"}],"about":[{"href":"https:\/\/www.diarioimagen.net\/index.php?rest_route=\/wp\/v2\/types\/post"}],"author":[{"embeddable":true,"href":"https:\/\/www.diarioimagen.net\/index.php?rest_route=\/wp\/v2\/users\/5"}],"replies":[{"embeddable":true,"href":"https:\/\/www.diarioimagen.net\/index.php?rest_route=%2Fwp%2Fv2%2Fcomments&post=195547"}],"version-history":[{"count":0,"href":"https:\/\/www.diarioimagen.net\/index.php?rest_route=\/wp\/v2\/posts\/195547\/revisions"}],"wp:featuredmedia":[{"embeddable":true,"href":"https:\/\/www.diarioimagen.net\/index.php?rest_route=\/wp\/v2\/media\/195548"}],"wp:attachment":[{"href":"https:\/\/www.diarioimagen.net\/index.php?rest_route=%2Fwp%2Fv2%2Fmedia&parent=195547"}],"wp:term":[{"taxonomy":"category","embeddable":true,"href":"https:\/\/www.diarioimagen.net\/index.php?rest_route=%2Fwp%2Fv2%2Fcategories&post=195547"},{"taxonomy":"post_tag","embeddable":true,"href":"https:\/\/www.diarioimagen.net\/index.php?rest_route=%2Fwp%2Fv2%2Ftags&post=195547"}],"curies":[{"name":"wp","href":"https:\/\/api.w.org\/{rel}","templated":true}]}}