{"id":195573,"date":"2014-11-06T00:07:04","date_gmt":"2014-11-06T06:07:04","guid":{"rendered":"http:\/\/www.diarioimagen.net\/?p=195573"},"modified":"2014-11-07T05:10:45","modified_gmt":"2014-11-07T11:10:45","slug":"miles-exigen-justicia-y-el-regreso-de-los-43","status":"publish","type":"post","link":"https:\/\/www.diarioimagen.net\/?p=195573","title":{"rendered":"Miles exigen justicia y el regreso de los 43"},"content":{"rendered":"<ul>\n<li><strong><em>Inici\u00f3 paro estudiantil de 72 horas en 76 escuelas del pa\u00eds; Autopista del Sol fue nuevamente bloqueada<\/em><\/strong><\/li>\n<\/ul>\n<h6>Jos\u00e9 Luis Monta\u00f1ez<\/h6>\n<p>&nbsp;<\/p>\n<p>&nbsp;<\/p>\n<div id=\"attachment_195652\" style=\"width: 250px\" class=\"wp-caption alignleft\"><a href=\"http:\/\/www.diarioimagen.net\/wp-content\/uploads\/2014\/11\/marcha-2480.jpg\"><img loading=\"lazy\" decoding=\"async\" aria-describedby=\"caption-attachment-195652\" class=\"size-medium wp-image-195652\" src=\"http:\/\/www.diarioimagen.net\/wp-content\/uploads\/2014\/11\/marcha-2480-240x144.jpg\" alt=\"Distintas organizaciones gremiales y estudiantiles marcharon en diferentes ciudades del pa\u00eds, clamando la aparici\u00f3n de los 43 normalistas de Guerrero.\" width=\"240\" height=\"144\" srcset=\"https:\/\/www.diarioimagen.net\/wp-content\/uploads\/2014\/11\/marcha-2480-240x144.jpg 240w, https:\/\/www.diarioimagen.net\/wp-content\/uploads\/2014\/11\/marcha-2480-420x252.jpg 420w, https:\/\/www.diarioimagen.net\/wp-content\/uploads\/2014\/11\/marcha-2480.jpg 480w\" sizes=\"auto, (max-width: 240px) 100vw, 240px\" \/><\/a><p id=\"caption-attachment-195652\" class=\"wp-caption-text\">Distintas organizaciones gremiales y estudiantiles marcharon en diferentes ciudades del pa\u00eds, clamando la aparici\u00f3n de los 43 normalistas de Guerrero.<\/p><\/div>\n<p>Miles de personas marcharon en la ciudad de M\u00e9xico de Los Pinos al Z\u00f3calo para exigir justicia y el regreso con vida de los 43 normalistas de Ayotzinapa desaparecidos.<\/p>\n<p>La vanguardia de la marcha fue integrada por los padres y otros familiares de los estudiantes desaparecidos, seguidos de integrantes de las m\u00e1s variadas organizaciones sociales y estudiantes de escuelas de todo el pa\u00eds.<\/p>\n<p>Los contingentes de universitarios repudiaban al narco-estado y condenaron la deficiente actuaci\u00f3n gubernamental en todos los \u00f3rdenes para dar soluci\u00f3n al caso Ayotzinapa.<\/p>\n<p>A las 18:30 horas, cuando la vanguardia de la marcha llegaba al Z\u00f3calo capitalino, la retaguardia a\u00fan no abandona la zona de Chapultepec, lo que da idea de las dimensiones de la manifestaci\u00f3n. \u201cLos cr\u00edmenes de Iguala no son casos aislados. Matar a disidentes es pol\u00edtica del estado\u201d, gritaban los manifestantes. Los familiares de los normalistas desaparecidos, que portaban retratos de ellos, subieron al templete en el Z\u00f3calo, desde el cual pidieron que \u201cSi las autoridades no pueden, que se vayan\u201d.<\/p>\n<p>En tanto, la Asamblea Interuniversitaria (AI) inform\u00f3 que van 76 escuelas del pa\u00eds que entran al paro nacional. El organismo universitario tiene representantes de 85 universidades.<\/p>\n<p>Durante una misa oficiada en la Ibero el sacerdote dijo que \u201cAyotzinapa no es una situaci\u00f3n aislada, la sociedad civil est\u00e1 en medio de una guerra sin sentido\u201d.<\/p>\n<p>En tanto, estudiantes de la Normal de Ayotzinapa bloquearon la Autopista del Sol en ambos sentidos a la entrada de Chilpancingo, Guerrero. A la altura del parador del Marqu\u00e9s, los manifestantes cruzaron dos autobuses sobre la autopista, as\u00ed como uno m\u00e1s de carga por la diagonal que lleva a Acapulco y Tierra Colorada.<\/p>\n<p>No lanzaron consignas ni portaron pancartas, ni dijeron cu\u00e1nto durar\u00eda el bloqueo. Tampoco hubo en el lugar elementos de seguridad de ning\u00fan orden.<\/p>\n<p>En la ciudad de M\u00e9xico, Alumnos de la Facultad de Ciencias Pol\u00edticas y Sociales de la UNAM, bloquearon la Avenida Insurgentes Sur a la altura de Ciudad Universitaria por aproximadamente una hora. Algunos con el rostro cubierto, atravesaron un cami\u00f3n y colocaron una manta en apoyo a los normalistas.<\/p>\n<p>Adem\u00e1s, siete encapuchados, entre hombres y mujeres, saquearon una tienda 7 Eleven ubicada a la altura de uno de los accesos a la Facultad de Odontolog\u00eda. Se llevaron bolsas de papas, galletas y botellas de agua, mientras gritaban consignas por el caso Ayotzinapa.<\/p>\n<p>Sin embargo, dejaron la mayor\u00eda de los productos afuera del inmueble.<\/p>\n","protected":false},"excerpt":{"rendered":"<p><span style=\"color: #005497;\"><strong>Jos\u00e9 Luis Monta\u00f1ez<\/strong><\/span><br \/>\n<br \/>\nMiles de personas marcharon en la ciudad de M\u00e9xico de Los Pinos al Z\u00f3calo para exigir justicia y el regreso con vida de los 43 normalistas de Ayotzinapa desaparecidos.<\/p>\n","protected":false},"author":3,"featured_media":195652,"comment_status":"open","ping_status":"open","sticky":false,"template":"","format":"standard","meta":{"_monsterinsights_skip_tracking":false,"_monsterinsights_sitenote_active":false,"_monsterinsights_sitenote_note":"","_monsterinsights_sitenote_category":0,"footnotes":""},"categories":[3],"tags":[2014,11674,4696,9861],"class_list":["post-195573","post","type-post","status-publish","format-standard","has-post-thumbnail","hentry","category-nacional","tag-estudiantes","tag-iguala","tag-justicia","tag-marchas"],"_links":{"self":[{"href":"https:\/\/www.diarioimagen.net\/index.php?rest_route=\/wp\/v2\/posts\/195573","targetHints":{"allow":["GET"]}}],"collection":[{"href":"https:\/\/www.diarioimagen.net\/index.php?rest_route=\/wp\/v2\/posts"}],"about":[{"href":"https:\/\/www.diarioimagen.net\/index.php?rest_route=\/wp\/v2\/types\/post"}],"author":[{"embeddable":true,"href":"https:\/\/www.diarioimagen.net\/index.php?rest_route=\/wp\/v2\/users\/3"}],"replies":[{"embeddable":true,"href":"https:\/\/www.diarioimagen.net\/index.php?rest_route=%2Fwp%2Fv2%2Fcomments&post=195573"}],"version-history":[{"count":0,"href":"https:\/\/www.diarioimagen.net\/index.php?rest_route=\/wp\/v2\/posts\/195573\/revisions"}],"wp:featuredmedia":[{"embeddable":true,"href":"https:\/\/www.diarioimagen.net\/index.php?rest_route=\/wp\/v2\/media\/195652"}],"wp:attachment":[{"href":"https:\/\/www.diarioimagen.net\/index.php?rest_route=%2Fwp%2Fv2%2Fmedia&parent=195573"}],"wp:term":[{"taxonomy":"category","embeddable":true,"href":"https:\/\/www.diarioimagen.net\/index.php?rest_route=%2Fwp%2Fv2%2Fcategories&post=195573"},{"taxonomy":"post_tag","embeddable":true,"href":"https:\/\/www.diarioimagen.net\/index.php?rest_route=%2Fwp%2Fv2%2Ftags&post=195573"}],"curies":[{"name":"wp","href":"https:\/\/api.w.org\/{rel}","templated":true}]}}