{"id":195600,"date":"2014-11-06T00:07:33","date_gmt":"2014-11-06T06:07:33","guid":{"rendered":"http:\/\/www.diarioimagen.net\/?p=195600"},"modified":"2014-11-06T05:37:03","modified_gmt":"2014-11-06T11:37:03","slug":"vance-toco-tierra-al-sur-de-escuinapa-sinaloa","status":"publish","type":"post","link":"https:\/\/www.diarioimagen.net\/?p=195600","title":{"rendered":"<em>Vance<\/em> toc\u00f3 tierra al sur de Escuinapa, Sinaloa"},"content":{"rendered":"<ul>\n<li><strong><em>Se degrad\u00f3 a depresi\u00f3n tropical<\/em><\/strong><\/li>\n<\/ul>\n<div id=\"attachment_195692\" style=\"width: 250px\" class=\"wp-caption alignleft\"><a href=\"http:\/\/www.diarioimagen.net\/wp-content\/uploads\/2014\/11\/vance-2480.jpg\"><img loading=\"lazy\" decoding=\"async\" aria-describedby=\"caption-attachment-195692\" class=\"size-medium wp-image-195692\" src=\"http:\/\/www.diarioimagen.net\/wp-content\/uploads\/2014\/11\/vance-2480-240x135.jpg\" alt=\"El hurac\u00e1n Vance entr\u00f3 a la altura de Escuinapa, Sinaloa y descarg\u00f3 todo su tinaco de barreras nubosas en Durango, Nayarit y Colima, donde ha llovido 48 horas continuas.\" width=\"240\" height=\"135\" srcset=\"https:\/\/www.diarioimagen.net\/wp-content\/uploads\/2014\/11\/vance-2480-240x135.jpg 240w, https:\/\/www.diarioimagen.net\/wp-content\/uploads\/2014\/11\/vance-2480-420x236.jpg 420w, https:\/\/www.diarioimagen.net\/wp-content\/uploads\/2014\/11\/vance-2480-235x132.jpg 235w, https:\/\/www.diarioimagen.net\/wp-content\/uploads\/2014\/11\/vance-2480-202x114.jpg 202w, https:\/\/www.diarioimagen.net\/wp-content\/uploads\/2014\/11\/vance-2480-350x196.jpg 350w, https:\/\/www.diarioimagen.net\/wp-content\/uploads\/2014\/11\/vance-2480-220x123.jpg 220w, https:\/\/www.diarioimagen.net\/wp-content\/uploads\/2014\/11\/vance-2480-237x132.jpg 237w, https:\/\/www.diarioimagen.net\/wp-content\/uploads\/2014\/11\/vance-2480.jpg 480w\" sizes=\"auto, (max-width: 240px) 100vw, 240px\" \/><\/a><p id=\"caption-attachment-195692\" class=\"wp-caption-text\">El hurac\u00e1n <em>Vance<\/em> entr\u00f3 a la altura de Escuinapa, Sinaloa y descarg\u00f3 todo su tinaco de barreras nubosas en Durango, Nayarit y Colima, donde ha llovido 48 horas continuas.<\/p><\/div>\n<p>La depresi\u00f3n tropical <em>Vance<\/em> toc\u00f3 tierra a las 8:00 horas de ayer a 25 kil\u00f3metros al sur de Escuinapa, Sinaloa, y provoc\u00f3 fuertes lluvias en Jalisco, Sinaloa, Durango, Nayarit y Colima. Algo menores fueron las lluvias en Sonora, Zacatecas y Aguascalientes.<\/p>\n<p>De acuerdo con la Comisi\u00f3n Nacional del Agua (Conagua), el centro del fen\u00f3meno se ubic\u00f3 en tierra a 90 kil\u00f3metros al sureste de Mazatl\u00e1n con vientos m\u00e1ximos de 45 kil\u00f3metros por hora, rachas de hasta 65 kil\u00f3metros por hora y se desplaza hacia el noreste a 20 kil\u00f3metros por hora.<\/p>\n<p>Debido a las lluvias asociadas a la depresi\u00f3n tropical <em>Vance<\/em>, el gobierno de Sinaloa suspendi\u00f3 las clases en todos los niveles, como medida preventiva, en los municipios de Culiac\u00e1n, Navolato, San Ignacio, Elota, Mazatl\u00e1n y Cosal\u00e1, inform\u00f3 Francisco Fr\u00edas Castro, titular de la Secretar\u00eda de Educaci\u00f3n P\u00fablica y Cultura.<\/p>\n<p>A\u00fan como depresi\u00f3n tropical, <em>Vance<\/em> provoc\u00f3 lluvias de hasta 150 mil\u00edmetros en el centro y sur de la entidad. El director de Protecci\u00f3n Civil, Ismael Checa Landeros, inform\u00f3 que hay albergues habilitados en todos los municipios que tienen mayor riesgo de sufrir fuertes precipitaciones.<\/p>\n<p>Dijo que est\u00e1n en alerta permanente para monitorear el fen\u00f3meno meteorol\u00f3gico, tomar las medidas de prevenci\u00f3n y estar preparados para actuar en caso de que sea necesario evacuar a personas en las zonas m\u00e1s bajas con riesgo de inundaci\u00f3n.<\/p>\n<p>El meteoro ocasion\u00f3 inundaciones y encharcamientos en zonas urbanas y deslaves en \u00e1reas monta\u00f1osas, as\u00ed como deslizamientos de laderas, desbordamientos de los r\u00edos y arroyos o afectaciones en caminos y tramos carreteros.<\/p>\n<p>La Conagua, el Servicio Meteorol\u00f3gico Nacional (SMN), Protecci\u00f3n Civil (Sinaproc), autoridades estatales y municipales exhortaron a la poblaci\u00f3n a seguir los avisos que emiten y mantenerse informada sobre las condiciones meteorol\u00f3gicas en la cuenta de twitter @conagua_clima.<\/p>\n<p>Asimismo, en las p\u00e1ginas de internet <a href=\"http:\/\/\u00adsmn.\u00adconagua.\u00adgob.mx\" target=\"_blank\">http:\/\/\u00adsmn.\u00adconagua.\u00adgob.mx<\/a> y <a href=\"http:\/\/www.conagua.gob.mx\" target=\"_blank\">www.conagua.gob.mx<\/a> <a href=\"http:\/\/www.conagua.gob.mx\" target=\"_blank\">http:\/\/www.conagua.gob.mx<\/a>.<\/p>\n","protected":false},"excerpt":{"rendered":"<p>La depresi\u00f3n tropical <em>Vance<\/em> toc\u00f3 tierra a las 8:00 horas de ayer a 25 kil\u00f3metros al sur de Escuinapa, Sinaloa, y provoc\u00f3 fuertes lluvias en Jalisco, Sinaloa, Durango, Nayarit y Colima. Algo menores fueron las lluvias en Sonora, Zacatecas y Aguascalientes.<\/p>\n","protected":false},"author":3,"featured_media":195692,"comment_status":"open","ping_status":"open","sticky":false,"template":"","format":"standard","meta":{"_monsterinsights_skip_tracking":false,"_monsterinsights_sitenote_active":false,"_monsterinsights_sitenote_note":"","_monsterinsights_sitenote_category":0,"footnotes":""},"categories":[17,25512],"tags":[40,43,43673,2663,831,36779],"class_list":["post-195600","post","type-post","status-publish","format-standard","has-post-thumbnail","hentry","category-especiales","category-nacional-nacional","tag-durango","tag-jalisco","tag-nacional","tag-nayarit","tag-sinaloa","tag-vance"],"_links":{"self":[{"href":"https:\/\/www.diarioimagen.net\/index.php?rest_route=\/wp\/v2\/posts\/195600","targetHints":{"allow":["GET"]}}],"collection":[{"href":"https:\/\/www.diarioimagen.net\/index.php?rest_route=\/wp\/v2\/posts"}],"about":[{"href":"https:\/\/www.diarioimagen.net\/index.php?rest_route=\/wp\/v2\/types\/post"}],"author":[{"embeddable":true,"href":"https:\/\/www.diarioimagen.net\/index.php?rest_route=\/wp\/v2\/users\/3"}],"replies":[{"embeddable":true,"href":"https:\/\/www.diarioimagen.net\/index.php?rest_route=%2Fwp%2Fv2%2Fcomments&post=195600"}],"version-history":[{"count":0,"href":"https:\/\/www.diarioimagen.net\/index.php?rest_route=\/wp\/v2\/posts\/195600\/revisions"}],"wp:featuredmedia":[{"embeddable":true,"href":"https:\/\/www.diarioimagen.net\/index.php?rest_route=\/wp\/v2\/media\/195692"}],"wp:attachment":[{"href":"https:\/\/www.diarioimagen.net\/index.php?rest_route=%2Fwp%2Fv2%2Fmedia&parent=195600"}],"wp:term":[{"taxonomy":"category","embeddable":true,"href":"https:\/\/www.diarioimagen.net\/index.php?rest_route=%2Fwp%2Fv2%2Fcategories&post=195600"},{"taxonomy":"post_tag","embeddable":true,"href":"https:\/\/www.diarioimagen.net\/index.php?rest_route=%2Fwp%2Fv2%2Ftags&post=195600"}],"curies":[{"name":"wp","href":"https:\/\/api.w.org\/{rel}","templated":true}]}}