{"id":195612,"date":"2014-11-06T00:07:01","date_gmt":"2014-11-06T06:07:01","guid":{"rendered":"http:\/\/www.diarioimagen.net\/?p=195612"},"modified":"2014-11-07T04:53:14","modified_gmt":"2014-11-07T10:53:14","slug":"quien-este-bajo-sospecha-debe-ser-investigado","status":"publish","type":"post","link":"https:\/\/www.diarioimagen.net\/?p=195612","title":{"rendered":"Quien est\u00e9 bajo sospecha debe ser investigado"},"content":{"rendered":"<h2>Tras la puerta del poder<\/h2>\n<h5>Roberto Vizca\u00edno<\/h5>\n<p>&nbsp;<\/p>\n<ul>\n<li><strong><em>Los coordinadores parlamentarios pidieron se indague a todos quienes sean vinculados a delitos<\/em><\/strong><\/li>\n<li><strong><em>La primera lista de diputados presumiblemente involucrados al crimen sali\u00f3 desde Morelos<\/em><\/strong><\/li>\n<li><strong><em>Gabriel J. O\u2019Shea anunci\u00f3 ayer un importante programa para fortalecer el modelo de desarrollo infantil temprano<\/em><\/strong><\/li>\n<\/ul>\n<div id=\"attachment_195676\" style=\"width: 250px\" class=\"wp-caption alignleft\"><a href=\"http:\/\/www.diarioimagen.net\/wp-content\/uploads\/2014\/11\/pandemia-mundial-RAMON-2480.jpg\" target=\"_blank\"><img loading=\"lazy\" decoding=\"async\" aria-describedby=\"caption-attachment-195676\" class=\"size-medium wp-image-195676\" src=\"http:\/\/www.diarioimagen.net\/wp-content\/uploads\/2014\/11\/pandemia-mundial-RAMON-2480-240x159.jpg\" alt=\"Pandemia mundial... | Ram\u00f3n\" width=\"240\" height=\"159\" srcset=\"https:\/\/www.diarioimagen.net\/wp-content\/uploads\/2014\/11\/pandemia-mundial-RAMON-2480-240x159.jpg 240w, https:\/\/www.diarioimagen.net\/wp-content\/uploads\/2014\/11\/pandemia-mundial-RAMON-2480-420x279.jpg 420w, https:\/\/www.diarioimagen.net\/wp-content\/uploads\/2014\/11\/pandemia-mundial-RAMON-2480.jpg 1200w\" sizes=\"auto, (max-width: 240px) 100vw, 240px\" \/><\/a><p id=\"caption-attachment-195676\" class=\"wp-caption-text\">Pandemia mundial&#8230; | Ram\u00f3n<\/p><\/div>\n<p>Pr\u00e1cticamente todos los coordinadores parlamentarios en el Senado y la C\u00e1mara de Diputados coincidieron en exigir que, si existen reportes de inteligencia del Estado que vinculen a legisladores federales o locales al crimen organizado o al narcotr\u00e1fico, deben ser investigados y castigados en caso de confirmarse esa relaci\u00f3n.<\/p>\n<p>Lo anterior se se\u00f1al\u00f3 tanto en el Senado como en la C\u00e1mara de Diputados luego de que varios medios dieran a conocer que informes de \u00f3rganos de inteligencia gubernamentales, hab\u00edan encontrado a 7 diputados de Morelos, con presunta relaci\u00f3n con criminales.<\/p>\n<p>En este caso estar\u00edan, se dijo: el petista Alfonso Miranda Gallegos, el tricolor Mat\u00edas Nazario Morales, el ex pri\u00edsta Manuel Mart\u00ednez Garrig\u00f3s, Rosalinda Mazari, el pri\u00edsta Juan Carlos Rivera Hern\u00e1ndez, el panista Javier Bola\u00f1os y el verde \u00c1ngel Garc\u00eda Y\u00e1\u00f1ez.<\/p>\n<p>El caso m\u00e1s grave y con mayores antecedentes es el del diputado morlense del PT, Miranda Gallegos quien de entrada es t\u00edo de Santiago Mazari Miranda, alias \u201cEl Carrete\u201d, y reconocido l\u00edder de del grupo delincuencial <em>Los Rojos,<\/em> enemigos de Los Guerreros Unidos.<\/p>\n<p>Hasta hoy el Congreso de Morelos lo integran 30 legisladores.<\/p>\n<p>El petista Miranda Gallegos carga con averiguaciones y se\u00f1alamientos desde que fue entre 2009 y 2012 alcalde de Amacuzac.<\/p>\n<p>Estando en ese cargo, durante 2010 se dio un enfrentamiento entre el Ej\u00e9rcito y la Polic\u00eda Federal con una banda local con un saldo de 3 muertos.<\/p>\n<p>Luego del enfrentamiento el alcalde denunci\u00f3 abusos de los militares a quienes acus\u00f3 de haber cometido allanamientos en casas particulares y haber torturado a algunos habitantes.<\/p>\n<p>Un a\u00f1o m\u00e1s tarde el Ej\u00e9rcito persigui\u00f3 a \u201cEl Carrete\u201d por varias calles e inmuebles de Amacuzac, quien sorpresivamente se les escap\u00f3.<\/p>\n<p>Luego se sabr\u00eda que el delincuente se resguard\u00f3 en casa de Flavia Dom\u00ednguez Mariche, de 71 a\u00f1os quien tuvo que darle apoyo bajo amenaza de muerte.<\/p>\n<p>Pero <em>El Carrete<\/em> al huir le dej\u00f3 una bolsa con alhajas las mismas que fueron reclamadas dos d\u00edas despu\u00e9s a Flavia por el hoy diputado petista Alfonso Miranda Gallegos y uno de sus hermanos.<\/p>\n<p>Todo ello consta en el expediente PIO1\/569\/2012. Luego de que Flavia hizo su denuncia, desapareci\u00f3.<\/p>\n<p>Una vez elegido su sucesor en la alcald\u00eda de Amacuzac, Alfonso Miranda fue denunciado por su sucesor, No\u00e9 Reynoso Nava por amenazas y agresiones.<\/p>\n<p>En su denuncia SCO1\/14157120, Reynoso Nava narra que varios hombres armados y encapuchados llegaron a su casa para advertirle que no se metiera con Alfonso Miranda.<\/p>\n<p>A inicios de 2014, Tania Valentina Rodr\u00edguez, dirigente del PT en Morelos, confirm\u00f3 que el diputado Alfonso Miranda hab\u00eda sido suspendido de sus derechos partidarios para enfrentar un proceso interno bajo la denuncia de corrupci\u00f3n de cuando era alcalde.<\/p>\n<p>Impune en todos estos casos, Miranda organiz\u00f3 una fiesta el 23 de enero pasado dentro del Congreso estatal a donde lleg\u00f3 con un grupo norte\u00f1o que le toc\u00f3 y cant\u00f3 todo el tiempo narcocorridos.<\/p>\n<p>Como un reto a quienes lo se\u00f1alan por sus v\u00ednculos con su sobrino <em>El Carrete<\/em> y otros grupos delincuenciales, Miranda cubri\u00f3 no hace mucho la fianza del ex polic\u00eda Pedro Ramos Hern\u00e1ndez, quien ha sido acusado junto con 23 delincuentes por cometer secuestros.<\/p>\n<p>Apenas en septiembre pasado, el Congreso del estado desech\u00f3 la petici\u00f3n del fiscal Rodrigo Dorantes Salgado, presentada en julio, para retirar el fuero constitucional al diputado petista.<\/p>\n<p style=\"text-align: center;\"><strong>OTROS<\/strong><\/p>\n<p>Sin embargo, el caso del diputado petista Miranda Gallegos no es ni por mucho el \u00fanico caso de legisladores morelenses vinculados al narco o a la delincuencia organizada.<\/p>\n<p>Tal es el caso del panista Javier Bola\u00f1os Aguilar a quien se vincula con actos de corrupci\u00f3n como titular de la Comisi\u00f3n Estatal de Agua y Medio Ambiente en la administraci\u00f3n del ex gobernador blanquiazul Sergio Estrada Cajigal, quien tuvo una relaci\u00f3n sentimental con una hija del jefe narco Juan Jos\u00e9 Esparragoza <em>El Azul.<\/em><\/p>\n<p>El ahora diputado panista Bola\u00f1os no pudo comprobar cerca de 200 millones de pesos los cuales, dicen algunos, fueron a alimentar negocios de \u00e9l y de Estrada Cajigal.<\/p>\n<p>Otros casos son los de los diputados Mat\u00edas Nazario Morales, Juan Carlos Rivera Hern\u00e1ndez y Manuel Mart\u00ednez Garrig\u00f3s, a quienes se vincula con delitos de fraude.<\/p>\n<p>Al diputado del verde \u00c1ngel Garc\u00eda Y\u00e1\u00f1ez se le vincula con actos de extorsi\u00f3n como presidente de la Comisi\u00f3n de Hacienda del Congreso morelense.<\/p>\n<p>Finalmente, se habla que la diputada Rosalina Mazari Esp\u00edn, t\u00eda de <em>El Carrete<\/em> tiene a trav\u00e9s de \u00e9ste relaciones con algunos grupos delincuenciales.<\/p>\n<p style=\"text-align: center;\"><strong>HASTA EL G\u00d3BER<\/strong><\/p>\n<p>En este contexto el gobernador perredista de Morelos, Graco Ram\u00edrez tuvo que reconocer que a \u00e9l se le acercaron durante su campa\u00f1a para pedirle conversar con capos de la delincuencia organizada morelense.<\/p>\n<p>\u201cNo acept\u00e9\u201d, afirm\u00f3 Graco, sin tener m\u00e1s confirmaci\u00f3n que su propia palabra.<\/p>\n<p>Confrontados a esta realidad, el coordinador de los senadores del PRI, el yucateco Emilio Gamboa dijo que en estos casos como en los que pudieran aparecer, no existe otro camino que la investigaci\u00f3n judicial y el castigo penal.<\/p>\n<p>Reconoci\u00f3 que el caso de los diputados de Morelos se discuti\u00f3 dentro del grupo de senadores del PRI, pero se dej\u00f3 ah\u00ed porque ninguno de ellos pudo aportar mayores datos.<\/p>\n<p>En el mismo sentido se pronunci\u00f3 el coordinador de los senadores del PAN, el colimense Jorge Luis Preciado.<\/p>\n<p style=\"text-align: center;\"><strong>EN OTRO FORO<\/strong><\/p>\n<p>Desde Londres llegaron ayer noticias para el turismo mexicano. Resulta que la capital del Reino Unido es en estos momentos sede de la XXXV Edici\u00f3n del World Travel Market, una de las ferias tur\u00edsticas m\u00e1s importantes del mundo donde participa por supuesto la Secretaria de Turismo, Claudia Ruiz Massieu.<\/p>\n<p>Ah\u00ed mismo se inform\u00f3 que M\u00e9xico ser\u00e1 anfitri\u00f3n en 2015 y 2016 del Latin America\u00b4s 50 Best Restaurants, un evento que contribuye a elevar el perfil de los restaurantes de la regi\u00f3n de Am\u00e9rica Latina, as\u00ed como a resaltar la diversidad culinaria. Su realizaci\u00f3n ser\u00e1 un atractivo m\u00e1s para que un mayor n\u00famero de empresas tur\u00edsticas internacionales que nos visiten y dejen una mayor derrama de divisas que contribuyan a impulsar el desarrollo econ\u00f3mico del pa\u00eds.<\/p>\n<p style=\"text-align: center;\"><strong>SE FORTALECE A \u201cPROSPERA\u201d<\/strong><\/p>\n<p>Gabriel J. O\u2019Shea Cuevas, comisionado Nacional de Protecci\u00f3n Social en Salud inform\u00f3 ayer tambi\u00e9n que para fortalecer y asegurar un mejor desarrollo de la ni\u00f1ez mexicana se aplicar\u00e1 la Estrategia para el \u201cModelo de Desarrollo Infantil Temprano\u201d, que incluye la creaci\u00f3n de Centros Regionales de Desarrollo Infantil y Estimulaci\u00f3n Temprana.<\/p>\n<p>Eso lo inform\u00f3 al presidir la VI Reuni\u00f3n de la Comisi\u00f3n de Protecci\u00f3n Social en Salud donde se reconoci\u00f3 la importancia del tema en la sociedad, ya que el Desarrollo Infantil Temprano determina el proceso de cambio de los ni\u00f1os y ni\u00f1as, tanto en su evoluci\u00f3n f\u00edsica, emocional e intelectual.<\/p>\n<p>Al hablar de ello, Daniel Aceves Villagr\u00e1n, director general del Programa \u201cProspera\u201d, en su componente Salud,\u00a0 inform\u00f3 que en una primera etapa se tiene como objetivo operar &#8211;con una inversi\u00f3n de 96 millones de pesos&#8211; un total de 16 Centros Regionales de Desarrollo Infantil y Estimulaci\u00f3n Temprana, los cuales estar\u00e1n facultados para operar los componentes de la Estrategia; realizar la detecci\u00f3n y atenci\u00f3n oportuna de problemas de desarrollo y referenciaci\u00f3n de los casos que as\u00ed lo ameriten y la impartici\u00f3n de talleres de estimulaci\u00f3n temprana.<\/p>\n<p>Para la creaci\u00f3n de estos 16 Centros Regionales de Desarrollo Infantil y Estimulaci\u00f3n Temprana se invertir\u00e1n 6 millones de pesos para cada uno; las entidades que est\u00e1n\u00a0 consideradas ya que tienen mayores avances en la realizaci\u00f3n de las pruebas de desarrollo infantil, son: Aguascalientes, Coahuila, Chiapas, Chihuahua, Guanajuato, Guerrero, Hidalgo, Jalisco, estado de M\u00e9xico, Michoac\u00e1n, Nayarit, Nuevo Le\u00f3n, San Luis Potos\u00ed, Sinaloa, Veracruz y Yucat\u00e1n.<\/p>\n<p><em><a href=\"mailto:rvizcainoa@gmail.com\">rvizcainoa@gmail.com<\/a><\/em><\/p>\n","protected":false},"excerpt":{"rendered":"<p><span style=\"color: #005497;\"><strong>Roberto Vizca\u00edno<\/strong><\/span><br \/>\n<br \/>\nPr\u00e1cticamente todos los coordinadores parlamentarios en el Senado y la C\u00e1mara de Diputados coincidieron en exigir que, si existen reportes de inteligencia del Estado que vinculen a legisladores federales o locales al crimen organizado o al narcotr\u00e1fico, deben ser investigados y castigados en caso de confirmarse esa relaci\u00f3n.<\/p>\n","protected":false},"author":3,"featured_media":195676,"comment_status":"open","ping_status":"open","sticky":false,"template":"","format":"standard","meta":{"_monsterinsights_skip_tracking":false,"_monsterinsights_sitenote_active":false,"_monsterinsights_sitenote_note":"","_monsterinsights_sitenote_category":0,"footnotes":""},"categories":[136],"tags":[43674,93,94],"class_list":["post-195612","post","type-post","status-publish","format-standard","has-post-thumbnail","hentry","category-roberto-vizcaino-opinion","tag-opinion","tag-roberto-vizcaino","tag-tras-la-puerta-del-poder"],"_links":{"self":[{"href":"https:\/\/www.diarioimagen.net\/index.php?rest_route=\/wp\/v2\/posts\/195612","targetHints":{"allow":["GET"]}}],"collection":[{"href":"https:\/\/www.diarioimagen.net\/index.php?rest_route=\/wp\/v2\/posts"}],"about":[{"href":"https:\/\/www.diarioimagen.net\/index.php?rest_route=\/wp\/v2\/types\/post"}],"author":[{"embeddable":true,"href":"https:\/\/www.diarioimagen.net\/index.php?rest_route=\/wp\/v2\/users\/3"}],"replies":[{"embeddable":true,"href":"https:\/\/www.diarioimagen.net\/index.php?rest_route=%2Fwp%2Fv2%2Fcomments&post=195612"}],"version-history":[{"count":0,"href":"https:\/\/www.diarioimagen.net\/index.php?rest_route=\/wp\/v2\/posts\/195612\/revisions"}],"wp:featuredmedia":[{"embeddable":true,"href":"https:\/\/www.diarioimagen.net\/index.php?rest_route=\/wp\/v2\/media\/195676"}],"wp:attachment":[{"href":"https:\/\/www.diarioimagen.net\/index.php?rest_route=%2Fwp%2Fv2%2Fmedia&parent=195612"}],"wp:term":[{"taxonomy":"category","embeddable":true,"href":"https:\/\/www.diarioimagen.net\/index.php?rest_route=%2Fwp%2Fv2%2Fcategories&post=195612"},{"taxonomy":"post_tag","embeddable":true,"href":"https:\/\/www.diarioimagen.net\/index.php?rest_route=%2Fwp%2Fv2%2Ftags&post=195612"}],"curies":[{"name":"wp","href":"https:\/\/api.w.org\/{rel}","templated":true}]}}