{"id":195615,"date":"2014-11-06T00:09:35","date_gmt":"2014-11-06T06:09:35","guid":{"rendered":"http:\/\/www.diarioimagen.net\/?p=195615"},"modified":"2014-11-06T04:55:10","modified_gmt":"2014-11-06T10:55:10","slug":"descartada-la-politica-de-los-cielos-abiertos-sct","status":"publish","type":"post","link":"https:\/\/www.diarioimagen.net\/?p=195615","title":{"rendered":"Descartada, la pol\u00edtica de los cielos abiertos: SCT"},"content":{"rendered":"<ul>\n<li><strong><em>No se ha planteado ni se aceptar\u00e1, dice<\/em><\/strong><\/li>\n<\/ul>\n<div id=\"attachment_195663\" style=\"width: 250px\" class=\"wp-caption alignleft\"><a href=\"http:\/\/www.diarioimagen.net\/wp-content\/uploads\/2014\/11\/CABOTAJE-2480.jpg\"><img loading=\"lazy\" decoding=\"async\" aria-describedby=\"caption-attachment-195663\" class=\"size-medium wp-image-195663\" src=\"http:\/\/www.diarioimagen.net\/wp-content\/uploads\/2014\/11\/CABOTAJE-2480-240x135.jpg\" alt=\"Cientos de pilotos y sobrecargos de l\u00edneas a\u00e9reas nacionales se manifestaron contra una posible pol\u00edtica de cielos abiertos.\" width=\"240\" height=\"135\" srcset=\"https:\/\/www.diarioimagen.net\/wp-content\/uploads\/2014\/11\/CABOTAJE-2480-240x135.jpg 240w, https:\/\/www.diarioimagen.net\/wp-content\/uploads\/2014\/11\/CABOTAJE-2480-420x236.jpg 420w, https:\/\/www.diarioimagen.net\/wp-content\/uploads\/2014\/11\/CABOTAJE-2480-235x132.jpg 235w, https:\/\/www.diarioimagen.net\/wp-content\/uploads\/2014\/11\/CABOTAJE-2480-202x114.jpg 202w, https:\/\/www.diarioimagen.net\/wp-content\/uploads\/2014\/11\/CABOTAJE-2480-350x196.jpg 350w, https:\/\/www.diarioimagen.net\/wp-content\/uploads\/2014\/11\/CABOTAJE-2480-220x123.jpg 220w, https:\/\/www.diarioimagen.net\/wp-content\/uploads\/2014\/11\/CABOTAJE-2480-237x132.jpg 237w, https:\/\/www.diarioimagen.net\/wp-content\/uploads\/2014\/11\/CABOTAJE-2480.jpg 480w\" sizes=\"auto, (max-width: 240px) 100vw, 240px\" \/><\/a><p id=\"caption-attachment-195663\" class=\"wp-caption-text\">Cientos de pilotos y sobrecargos de l\u00edneas a\u00e9reas nacionales se manifestaron contra una posible pol\u00edtica de cielos abiertos.<\/p><\/div>\n<p>El gobierno de M\u00e9xico no ha planteado ni aceptar\u00e1 una pol\u00edtica de cielos abiertos, y tampoco acordar\u00e1 el cabotaje de aeronaves extranjeras comerciales dentro del territorio nacional con Estados Unidos, asegur\u00f3 la Secretar\u00eda de Comunicaciones y Transportes (SCT) .<\/p>\n<p>\u201cLa posici\u00f3n mexicana es el incremento de operaciones a\u00e9reas en reciprocidad que alienten el intercambio comercial, tur\u00edstico y cultural, manteniendo los elementos que permitan el desarrollo de la industria a\u00e9rea mexicana\u201d , precisa.<\/p>\n<p>La dependencia aclara lo anterior en un comunicado, en el marco de que los pr\u00f3ximos d\u00edas 5, 6 y 7 de noviembre se realizar\u00e1 la tercera ronda de negociaciones del Convenio de Transportes A\u00e9reos entre los gobiernos de M\u00e9xico y Estados Unidos, suscrito en 1960.<\/p>\n<p>La SCT reitera que la posici\u00f3n de M\u00e9xico ha sido la de promover la conectividad a\u00e9rea entre ambas naciones para favorecer los v\u00ednculos econ\u00f3micos y culturales, y al mismo tiempo fortalecer a la industria nacional, por lo que se ha establecido una estrecha comunicaci\u00f3n con las aerol\u00edneas mexicanas y la industria en su conjunto.<\/p>\n<p>Adem\u00e1s de que, en todo el proceso de negociaciones, ha mantenido y mantiene comunicaci\u00f3n con las aerol\u00edneas nacionales, sindicatos y asociaciones, y en general con los actores involucrados en la industria de la aviaci\u00f3n nacional, se\u00f1ala la dependencia.<\/p>\n<p>Cabe mencionar que integrantes de diversos sindicatos y colegios del sector a\u00e9reo del pa\u00eds se han manifestado en contra del otorgamiento de la llamada quinta libertad entre ambos pa\u00edses.<\/p>\n","protected":false},"excerpt":{"rendered":"<p>El gobierno de M\u00e9xico no ha planteado ni aceptar\u00e1 una pol\u00edtica de cielos abiertos, y tampoco acordar\u00e1 el cabotaje de aeronaves extranjeras comerciales dentro del territorio nacional con Estados Unidos, asegur\u00f3 la Secretar\u00eda de Comunicaciones y Transportes (SCT) .<\/p>\n","protected":false},"author":3,"featured_media":195663,"comment_status":"open","ping_status":"open","sticky":false,"template":"","format":"standard","meta":{"_monsterinsights_skip_tracking":false,"_monsterinsights_sitenote_active":false,"_monsterinsights_sitenote_note":"","_monsterinsights_sitenote_category":0,"footnotes":""},"categories":[3],"tags":[177,43673,347],"class_list":["post-195615","post","type-post","status-publish","format-standard","has-post-thumbnail","hentry","category-nacional","tag-estados-unidos","tag-nacional","tag-sct"],"_links":{"self":[{"href":"https:\/\/www.diarioimagen.net\/index.php?rest_route=\/wp\/v2\/posts\/195615","targetHints":{"allow":["GET"]}}],"collection":[{"href":"https:\/\/www.diarioimagen.net\/index.php?rest_route=\/wp\/v2\/posts"}],"about":[{"href":"https:\/\/www.diarioimagen.net\/index.php?rest_route=\/wp\/v2\/types\/post"}],"author":[{"embeddable":true,"href":"https:\/\/www.diarioimagen.net\/index.php?rest_route=\/wp\/v2\/users\/3"}],"replies":[{"embeddable":true,"href":"https:\/\/www.diarioimagen.net\/index.php?rest_route=%2Fwp%2Fv2%2Fcomments&post=195615"}],"version-history":[{"count":0,"href":"https:\/\/www.diarioimagen.net\/index.php?rest_route=\/wp\/v2\/posts\/195615\/revisions"}],"wp:featuredmedia":[{"embeddable":true,"href":"https:\/\/www.diarioimagen.net\/index.php?rest_route=\/wp\/v2\/media\/195663"}],"wp:attachment":[{"href":"https:\/\/www.diarioimagen.net\/index.php?rest_route=%2Fwp%2Fv2%2Fmedia&parent=195615"}],"wp:term":[{"taxonomy":"category","embeddable":true,"href":"https:\/\/www.diarioimagen.net\/index.php?rest_route=%2Fwp%2Fv2%2Fcategories&post=195615"},{"taxonomy":"post_tag","embeddable":true,"href":"https:\/\/www.diarioimagen.net\/index.php?rest_route=%2Fwp%2Fv2%2Ftags&post=195615"}],"curies":[{"name":"wp","href":"https:\/\/api.w.org\/{rel}","templated":true}]}}