{"id":195617,"date":"2014-11-06T00:05:45","date_gmt":"2014-11-06T06:05:45","guid":{"rendered":"http:\/\/www.diarioimagen.net\/?p=195617"},"modified":"2014-11-06T05:05:21","modified_gmt":"2014-11-06T11:05:21","slug":"investigar-a-fondo","status":"publish","type":"post","link":"https:\/\/www.diarioimagen.net\/?p=195617","title":{"rendered":"Investigar a fondo"},"content":{"rendered":"<h2>De frente y de perfil<\/h2>\n<h5>Ram\u00f3n Zurita Sahag\u00fan<\/h5>\n<p>&nbsp;<\/p>\n<p>Sin duda, encontrar al matrimonio Abarca-Pineda en Iztapalapa es un gran logro para las autoridades y m\u00e1s todav\u00eda para aquellos que buscan por todos los resquicios destruir a la izquierda por uno o varios de sus malos representantes.<\/p>\n<p>Y es que, por todos los medios posibles, se busca clarificar que se refugiaron en esa zona del Distrito Federal por ser enclave perredista y, principalmente, sost\u00e9n del voto cautivo l\u00f3pezobradorista.<\/p>\n<p>Cada quien jala agua a su molino y los partidos y sus dirigentes pretenden crucificar al adversario.<\/p>\n<p>Hay razones para que se investigue si uno o varios de los dirigentes de los partidos o simples militantes participan o participaron en alguno de los il\u00edcitos generados alrededor de esta tragedia, pero tampoco se trata de un complot como los que se\u00f1alaba el cl\u00e1sico.<\/p>\n<p>Pero si algo hay es que de esa forma se busca mostrar a los futuros electores que los perredistas son perversos todos y que no hay que sufragar por ellos y si por las otras opciones que se presenten en la competencia del 2015.<\/p>\n<p>La raz\u00f3n de ello es que el ex alcalde de Iguala, Jos\u00e9 Luis Abarca y su esposa, Mar\u00eda de los \u00c1ngeles Pineda, son militantes del PRD y la candidatura del ex edil fue avalada por los partidos de izquierda en donde se ubican el PT y el Movimiento Ciudadano.<\/p>\n<p>Abarca result\u00f3 una buena opci\u00f3n electoral, ya que consigui\u00f3 el triunfo en esa poblaci\u00f3n que se convirti\u00f3 en reducto de la izquierda desde hace varios trienios.<\/p>\n<p>Sus presuntos nexos y los de su esposa con la delincuencia organizada, no tienen nada que ver con ninguno de los tres partidos o con MORENA, por lo que ninguno de esos organismos pol\u00edticos corre el riesgo de perder el registro, debido a una supuesta vinculaci\u00f3n con el crimen organizado.<\/p>\n<p>Existe s\u00ed la posibilidad de que alguno o algunos de los distinguidos miembros de esos partidos, especialmente del PRD, sea o sean vinculados al caso y reciban el castigo correspondiente.<\/p>\n<p>Hay mucho de juego perverso en la presentaci\u00f3n de la informaci\u00f3n y en el trasfondo de las cosas.<\/p>\n<p>Sin embargo, el manejo tendencioso que se le pretende dar a la informaci\u00f3n en algunos sitios conlleva a revisar asuntos relacionados del pasado, aunque ninguno, tal vez, con el alto impacto causado por este caso y los 43 desparecidos.<\/p>\n<p>En el pasado reciente se han producido otra serie de hechos, relacionados con la delincuencia organizada, algunos de ellos vinculados con asesinatos masivos, abatimiento de delincuentes o captura de los mismos en diferentes entidades del pa\u00eds.<\/p>\n<p>Sonora, Sinaloa, Baja California, Tamaulipas, Coahuila, Veracruz, Estado de M\u00e9xico, Nuevo Le\u00f3n y Durango, entre otros estados han vivido una serie de situaciones an\u00f3malas relacionadas con los casos se\u00f1alados en el p\u00e1rrafo anterior, sin que ello hubiese influido en resultados electorales.<\/p>\n<p>Incidi\u00f3 m\u00e1s otro tipo de asuntos que repercutieron en el \u00e1nimo electoral como son los casos de la inmensa corrupci\u00f3n en el gobierno tabasque\u00f1o que encabez\u00f3 Andr\u00e9s Rafael Granier Melo, lo que provoc\u00f3, entre otras cosas, la alternancia y el triunfo del candidato de la izquierda, Arturo N\u00fa\u00f1ez Jim\u00e9nez.<\/p>\n<p>En Sonora, el incendio de la guarder\u00eda ABC, en el que murieron cerca de 50 ni\u00f1os fue el detonante que provoc\u00f3 el cambio de siglas en el gobierno estatal y dar paso al triunfo del panista Guillermo Padr\u00e9s El\u00edas.<\/p>\n<p>La realidad de las cosas es que dos estados de los que van a la elecci\u00f3n de sus nuevos gobernantes el a\u00f1o pr\u00f3ximo se encuentran bajo una misma tendencia, aunque en situaci\u00f3n distinta, por la vinculaci\u00f3n de algunas de sus autoridades con el crimen organizado.<\/p>\n<p>Uno de ellos fue ganado en las urnas por el PRI y el otro por la izquierda, encabezada por el PRD, por lo que los electores y solamente ellos deber\u00e1n definir en las urnas si est\u00e1n o no conformes con las siglas que los gobiernan y si desean que contin\u00faen u otras por otras distintas que, al fin y al cabo, es lo que sobran, ya que contar\u00e1n con otras nueve para elegir la que mejor les plazca.<\/p>\n<p style=\"text-align: center;\"><strong>BERUMEN<\/strong><\/p>\n<p>P\u00e1nico caus\u00f3 entre egresados de la Universidad An\u00e1huac la detenci\u00f3n de Noem\u00ed Berumen, ya que la chica que, supuestamente, le otorgaba protecci\u00f3n al matrimonio Abarca-Pineda manten\u00eda estrechas relaciones con sus ex compa\u00f1eras de la carrera de Dise\u00f1o Gr\u00e1fico.<\/p>\n<p>Incluso en las fotos que manten\u00eda en la portada de Facebook, se ve a varias de ellas que se pusieron nerviosas, sin saber bien a bien el papel que su ex compa\u00f1era desempe\u00f1\u00f3 en esta dram\u00e1tica situaci\u00f3n con la pareja que gobernaba Iguala, Guerrero.<\/p>\n<p>Se sabe de Noem\u00ed que era abierta, platicadora, defensora de los animales y que le gustaban los deportes extremos, pero se le desconoc\u00eda la faceta de activista pol\u00edtica o, presuntamente, de alguna vinculaci\u00f3n con el crimen organizado.<\/p>\n<p style=\"text-align: center;\"><strong>OMBUSDMAN<\/strong><\/p>\n<p>Los senadores deber\u00e1n dar a conocer la terna que conformaron para elegir al nuevo presidente de la Comisi\u00f3n Nacional de los Derechos Humanos, donde hay una constante que establece que Ra\u00fal Plascencia Villanueva, el actual ombudsman no formar\u00e1 parte de ella.<\/p>\n<p>Se siguen manteniendo como los favoritos Luis Ra\u00fal Gonz\u00e1lez P\u00e9rez y Mauricio Farah Gebara, aunque hay quienes se\u00f1alan que solamente uno de los dos conformar\u00e1 la terna y que esta incluir\u00e1 a una de las mujeres que pasaron el primer filtro.<\/p>\n<p>Por cierto que para que Jos\u00e9 Luis Abarca y Mar\u00eda de los \u00c1ngeles Pineda no recurran a la CNDH, se filtraron las fotos de su detenci\u00f3n, para mostrar que existi\u00f3 respeto a sus derechos individuales.<\/p>\n<p><em><a href=\"mailto:ramonzurita44@hotmail.com\" target=\"_blank\">ramonzurita44@hotmail.com<\/a><\/em><br \/>\n<a href=\"mailto:%20zurita_sahagun@hotmail.com\" target=\"_blank\"><em>zurita_sahagun@hotmail.com<\/em><\/a><\/p>\n","protected":false},"excerpt":{"rendered":"<p><span style=\"color: #005497;\"><strong>Ram\u00f3n Zurita Sahag\u00fan<\/strong><\/span><\/p>\n","protected":false},"author":3,"featured_media":0,"comment_status":"open","ping_status":"open","sticky":false,"template":"","format":"standard","meta":{"_monsterinsights_skip_tracking":false,"_monsterinsights_sitenote_active":false,"_monsterinsights_sitenote_note":"","_monsterinsights_sitenote_category":0,"footnotes":""},"categories":[234],"tags":[304,43674,43687],"class_list":["post-195617","post","type-post","status-publish","format-standard","hentry","category-ramon-zurita-sahagun","tag-de-frente-y-de-perfil","tag-opinion","tag-ramon-zurita-sahagun"],"_links":{"self":[{"href":"https:\/\/www.diarioimagen.net\/index.php?rest_route=\/wp\/v2\/posts\/195617","targetHints":{"allow":["GET"]}}],"collection":[{"href":"https:\/\/www.diarioimagen.net\/index.php?rest_route=\/wp\/v2\/posts"}],"about":[{"href":"https:\/\/www.diarioimagen.net\/index.php?rest_route=\/wp\/v2\/types\/post"}],"author":[{"embeddable":true,"href":"https:\/\/www.diarioimagen.net\/index.php?rest_route=\/wp\/v2\/users\/3"}],"replies":[{"embeddable":true,"href":"https:\/\/www.diarioimagen.net\/index.php?rest_route=%2Fwp%2Fv2%2Fcomments&post=195617"}],"version-history":[{"count":0,"href":"https:\/\/www.diarioimagen.net\/index.php?rest_route=\/wp\/v2\/posts\/195617\/revisions"}],"wp:attachment":[{"href":"https:\/\/www.diarioimagen.net\/index.php?rest_route=%2Fwp%2Fv2%2Fmedia&parent=195617"}],"wp:term":[{"taxonomy":"category","embeddable":true,"href":"https:\/\/www.diarioimagen.net\/index.php?rest_route=%2Fwp%2Fv2%2Fcategories&post=195617"},{"taxonomy":"post_tag","embeddable":true,"href":"https:\/\/www.diarioimagen.net\/index.php?rest_route=%2Fwp%2Fv2%2Ftags&post=195617"}],"curies":[{"name":"wp","href":"https:\/\/api.w.org\/{rel}","templated":true}]}}