{"id":195623,"date":"2014-11-06T00:08:49","date_gmt":"2014-11-06T06:08:49","guid":{"rendered":"http:\/\/www.diarioimagen.net\/?p=195623"},"modified":"2014-11-06T04:57:13","modified_gmt":"2014-11-06T10:57:13","slug":"se-recurrira-a-cobertura-si-baja-precio-del-crudo","status":"publish","type":"post","link":"https:\/\/www.diarioimagen.net\/?p=195623","title":{"rendered":"Se recurrir\u00e1 a cobertura si baja precio del crudo"},"content":{"rendered":"<ul>\n<li><strong><em>Luis Videgaray subraya que el gobierno implementar\u00e1 este mecanismo si hay un descenso dr\u00e1stico<\/em><\/strong><\/li>\n<\/ul>\n<div id=\"attachment_195666\" style=\"width: 250px\" class=\"wp-caption alignleft\"><a href=\"http:\/\/www.diarioimagen.net\/wp-content\/uploads\/2014\/11\/videgaray-1.jpg\"><img loading=\"lazy\" decoding=\"async\" aria-describedby=\"caption-attachment-195666\" class=\"size-medium wp-image-195666\" src=\"http:\/\/www.diarioimagen.net\/wp-content\/uploads\/2014\/11\/videgaray-1-240x135.jpg\" alt=\"Luis Videgaray Caso, titular de la Secretar\u00eda de Hacienda y Cr\u00e9dito P\u00fablico, durante su participaci\u00f3n en el M\u00e9xico Summit \u201cCamino hacia la competitividad\u201d.\" width=\"240\" height=\"135\" srcset=\"https:\/\/www.diarioimagen.net\/wp-content\/uploads\/2014\/11\/videgaray-1-240x135.jpg 240w, https:\/\/www.diarioimagen.net\/wp-content\/uploads\/2014\/11\/videgaray-1-420x236.jpg 420w, https:\/\/www.diarioimagen.net\/wp-content\/uploads\/2014\/11\/videgaray-1-235x132.jpg 235w, https:\/\/www.diarioimagen.net\/wp-content\/uploads\/2014\/11\/videgaray-1-202x114.jpg 202w, https:\/\/www.diarioimagen.net\/wp-content\/uploads\/2014\/11\/videgaray-1-350x196.jpg 350w, https:\/\/www.diarioimagen.net\/wp-content\/uploads\/2014\/11\/videgaray-1-220x123.jpg 220w, https:\/\/www.diarioimagen.net\/wp-content\/uploads\/2014\/11\/videgaray-1-237x132.jpg 237w, https:\/\/www.diarioimagen.net\/wp-content\/uploads\/2014\/11\/videgaray-1.jpg 480w\" sizes=\"auto, (max-width: 240px) 100vw, 240px\" \/><\/a><p id=\"caption-attachment-195666\" class=\"wp-caption-text\">Luis Videgaray Caso, titular de la Secretar\u00eda de Hacienda y Cr\u00e9dito P\u00fablico, durante su participaci\u00f3n en el M\u00e9xico Summit \u201cCamino hacia la competitividad\u201d.<\/p><\/div>\n<p>El secretario de Hacienda, Luis Videgaray Caso, asegur\u00f3 que aunque este a\u00f1o no existe riesgo en materia de gasto p\u00fablico por la baja del precio internacional del petr\u00f3leo, si \u00e9ste cae por debajo de 70 d\u00f3lares por barril, el gobierno mexicano ejercer\u00eda la cobertura petrolera.<\/p>\n<p>En el marco de su participaci\u00f3n en el M\u00e9xico Summit \u201cCamino hacia la competitividad\u201d, subray\u00f3 que tendr\u00eda que darse un descenso \u201cmuy dr\u00e1stico\u201d en el precio del petr\u00f3leo las \u00faltimas semanas del a\u00f1o para que el gobierno mexicano pueda ejercer la cobertura petrolera.<\/p>\n<p>\u201cRealmente el petr\u00f3leo que estamos vendiendo corresponde a los ingresos de la segunda parte del mes de diciembre, entonces, el gasto p\u00fablico para 2014 est\u00e1 completamente protegido\u201d, subray\u00f3 en entrevista.<\/p>\n<p>No obstante, reconoci\u00f3 que el impacto neto de la reducci\u00f3n del precio del petr\u00f3leo sobre las finanzas p\u00fablicas federales es negativo, pero no es directo, porque si bien se reducen los ingresos por las ventas por petr\u00f3leo, tambi\u00e9n baja el costo de la importaci\u00f3n de gasolina.<\/p>\n<p>En el evento organizado por <em>The Economist<\/em>, el encargado de las finanzas p\u00fablicas del pa\u00eds asegur\u00f3 que en lo que resta del a\u00f1o no habr\u00e1 ning\u00fan riesgo para M\u00e9xico con respecto al precio del petr\u00f3leo, ya que las ventas pr\u00e1cticamente terminaron, pues se hacen con seis meses de antelaci\u00f3n.<\/p>\n<p>En ese sentido, destac\u00f3 que el gasto p\u00fablico est\u00e1 protegido hasta finales de 2014, y lo mismo ocurrir\u00e1 en 2015, toda vez que el gobierno federal contratar\u00e1 una estrategia de cobertura petrolera que dar\u00e1 a conocer en las pr\u00f3ximas semanas, lo que permitir\u00e1 proteger el gasto p\u00fablico.<\/p>\n<p>Videgaray Caso asever\u00f3 que para que el gobierno ejerciera la cobertura petrolera de este a\u00f1o, tendr\u00eda que observarse una reducci\u00f3n muy dr\u00e1stica en el precio del crudo en las \u00faltimas semanas del a\u00f1o, \u201ctendr\u00eda que caer a precios muy por debajo de los 70 d\u00f3lares\u201d.<\/p>\n","protected":false},"excerpt":{"rendered":"<p>El secretario de Hacienda, Luis Videgaray Caso, asegur\u00f3 que aunque este a\u00f1o no existe riesgo en materia de gasto p\u00fablico por la baja del precio internacional del petr\u00f3leo, si \u00e9ste cae por debajo de 70 d\u00f3lares por barril, el gobierno mexicano ejercer\u00eda la cobertura petrolera.<\/p>\n","protected":false},"author":3,"featured_media":195666,"comment_status":"open","ping_status":"open","sticky":false,"template":"","format":"standard","meta":{"_monsterinsights_skip_tracking":false,"_monsterinsights_sitenote_active":false,"_monsterinsights_sitenote_note":"","_monsterinsights_sitenote_category":0,"footnotes":""},"categories":[3],"tags":[19701,2412,7517,292,14565,1101],"class_list":["post-195623","post","type-post","status-publish","format-standard","has-post-thumbnail","hentry","category-nacional","tag-baja","tag-crudo","tag-luis-videgaray-caso","tag-pemex","tag-precio","tag-secretaria-de-hacienda-y-credito-publico"],"_links":{"self":[{"href":"https:\/\/www.diarioimagen.net\/index.php?rest_route=\/wp\/v2\/posts\/195623","targetHints":{"allow":["GET"]}}],"collection":[{"href":"https:\/\/www.diarioimagen.net\/index.php?rest_route=\/wp\/v2\/posts"}],"about":[{"href":"https:\/\/www.diarioimagen.net\/index.php?rest_route=\/wp\/v2\/types\/post"}],"author":[{"embeddable":true,"href":"https:\/\/www.diarioimagen.net\/index.php?rest_route=\/wp\/v2\/users\/3"}],"replies":[{"embeddable":true,"href":"https:\/\/www.diarioimagen.net\/index.php?rest_route=%2Fwp%2Fv2%2Fcomments&post=195623"}],"version-history":[{"count":0,"href":"https:\/\/www.diarioimagen.net\/index.php?rest_route=\/wp\/v2\/posts\/195623\/revisions"}],"wp:featuredmedia":[{"embeddable":true,"href":"https:\/\/www.diarioimagen.net\/index.php?rest_route=\/wp\/v2\/media\/195666"}],"wp:attachment":[{"href":"https:\/\/www.diarioimagen.net\/index.php?rest_route=%2Fwp%2Fv2%2Fmedia&parent=195623"}],"wp:term":[{"taxonomy":"category","embeddable":true,"href":"https:\/\/www.diarioimagen.net\/index.php?rest_route=%2Fwp%2Fv2%2Fcategories&post=195623"},{"taxonomy":"post_tag","embeddable":true,"href":"https:\/\/www.diarioimagen.net\/index.php?rest_route=%2Fwp%2Fv2%2Ftags&post=195623"}],"curies":[{"name":"wp","href":"https:\/\/api.w.org\/{rel}","templated":true}]}}