{"id":195705,"date":"2014-11-07T00:02:38","date_gmt":"2014-11-07T06:02:38","guid":{"rendered":"http:\/\/www.diarioimagen.net\/?p=195705"},"modified":"2014-11-10T03:53:21","modified_gmt":"2014-11-10T09:53:21","slug":"morena-impugna-ante-cidh-fallo-de-la-corte","status":"publish","type":"post","link":"https:\/\/www.diarioimagen.net\/?p=195705","title":{"rendered":"Morena impugna ante CIDH fallo de la Corte"},"content":{"rendered":"<ul>\n<li><strong><em>Por negar la consulta energ\u00e9tica<\/em><\/strong><\/li>\n<\/ul>\n<div id=\"attachment_195706\" style=\"width: 250px\" class=\"wp-caption alignleft\"><img loading=\"lazy\" decoding=\"async\" aria-describedby=\"caption-attachment-195706\" class=\"wp-image-195706 size-medium\" src=\"http:\/\/www.diarioimagen.net\/wp-content\/uploads\/2014\/11\/morena-portal-240x135.jpg\" alt=\"El dirigente nacional de Morena, Marti Batres, inform\u00f3 en conferencia de prensa que el recurso fue presentado v\u00eda electr\u00f3nica y tambi\u00e9n plantea la violaci\u00f3n de otros derechos como el de la obligaci\u00f3n del Estado mexicano de consultar a los pueblos originarios cuando se trate de asuntos relacionados con la propiedad de las tierras.\" width=\"240\" height=\"135\" srcset=\"https:\/\/www.diarioimagen.net\/wp-content\/uploads\/2014\/11\/morena-portal-240x135.jpg 240w, https:\/\/www.diarioimagen.net\/wp-content\/uploads\/2014\/11\/morena-portal-420x236.jpg 420w, https:\/\/www.diarioimagen.net\/wp-content\/uploads\/2014\/11\/morena-portal-235x132.jpg 235w, https:\/\/www.diarioimagen.net\/wp-content\/uploads\/2014\/11\/morena-portal-202x114.jpg 202w, https:\/\/www.diarioimagen.net\/wp-content\/uploads\/2014\/11\/morena-portal-350x196.jpg 350w, https:\/\/www.diarioimagen.net\/wp-content\/uploads\/2014\/11\/morena-portal-220x123.jpg 220w, https:\/\/www.diarioimagen.net\/wp-content\/uploads\/2014\/11\/morena-portal-237x132.jpg 237w, https:\/\/www.diarioimagen.net\/wp-content\/uploads\/2014\/11\/morena-portal.jpg 480w\" sizes=\"auto, (max-width: 240px) 100vw, 240px\" \/><p id=\"caption-attachment-195706\" class=\"wp-caption-text\">El dirigente nacional de Morena, Mart\u00ed Batres Guadarrama, inform\u00f3 la forma de recusar internacionalmente a la SCJN.<\/p><\/div>\n<p>El partido Movimiento de Regeneraci\u00f3n Nacional (Morena) formaliz\u00f3 un recurso ante la Comisi\u00f3n Interamericana de Derechos Humanos (CIDH) por la violaci\u00f3n al derecho a la participaci\u00f3n ciudadana y otras garant\u00edas individuales de los ciudadanos mexicanos. En dicho procedimiento se impugna la negativa de la Suprema Corte de Justicia de la Naci\u00f3n a avalar la consulta popular sobre la reforma energ\u00e9tica.<\/p>\n<p>El dirigente nacional de Morena, Marti Batres, inform\u00f3 en conferencia de prensa que el recurso fue presentado v\u00eda electr\u00f3nica y tambi\u00e9n plantea la violaci\u00f3n de otros derechos como el de la obligaci\u00f3n del Estado mexicano de consultar a los pueblos originarios cuando se trate de asuntos relacionados con la propiedad de las tierras.<\/p>\n<p>El ex candidato presidencial Andr\u00e9s Manuel L\u00f3pez Obrador, la escritora Elena Poniatowska, el propio Mart\u00ed Batres, Javier Jim\u00e9nez Espri\u00fa, Loreta Ortiz, Claudia Sheinbaum y un sinn\u00famero de ciudadanos, son quienes firmaron el recurso, que tambi\u00e9n fue enviado por mensajer\u00eda.<\/p>\n<p>Batres dijo que representantes del Morena acudir\u00e1n en los pr\u00f3ximos d\u00edas a la sede de la CIDH para impulsar el procedimiento promovido a nivel internacional y entrevistarse en Washington con el secretario ejecutivo, Emilio \u00c1lvarez Icaza. Agreg\u00f3 que su partido est\u00e1 dispuesto a agotar todas las instancias legales para revertir la reforma energ\u00e9tica y para reivindicar el derecho de la sociedad mexicana a ser consultada en asuntos fundamentales de la naci\u00f3n.<\/p>\n<p>El dirigente de Morena dijo que la Corte estaba impedida de hacer una interpretaci\u00f3n restrictiva a la solicitud de consulta popular porque es un derecho humano y debi\u00f3 haber dado paso al mecanismo.<\/p>\n<p>La petici\u00f3n por violaciones a los derechos humanos y el presunto incumplimiento del Estado mexicano a convenios internacionales fue detallada por la diputada Loreta Ortiz, quien tambi\u00e9n fue nombrada la representante jur\u00eddica de Morena ante la CIDH.<\/p>\n<p>En las presuntas violaciones a los derechos humanos, Ortiz mencion\u00f3 los derechos: a la participaci\u00f3n ciudadana, al desarrollo sostenible, a la propiedad, a los recursos naturales, a los pueblos ind\u00edgenas, a la consulta y consentimiento de planes y medidas, a la protecci\u00f3n del medio ambiente.<\/p>\n<p>En d\u00edas pasados, L\u00f3pez Obrador asever\u00f3 que los ministros de la Suprema Corte concluyeron con una \u201cfarsa\u201d para negar la consulta energ\u00e9tica. \u201cLos ministros -sostuvo- son c\u00f3mplices corruptos\u201d.<\/p>\n","protected":false},"excerpt":{"rendered":"<p>El partido Movimiento de Regeneraci\u00f3n Nacional (Morena) formaliz\u00f3 un recurso ante la Comisi\u00f3n Interamericana de Derechos Humanos (CIDH) por la violaci\u00f3n al derecho a la participaci\u00f3n ciudadana y otras garant\u00edas individuales de los ciudadanos mexicanos. En dicho procedimiento se impugna la negativa de la Suprema Corte de Justicia de la Naci\u00f3n a avalar la consulta popular sobre la reforma energ\u00e9tica.<\/p>\n","protected":false},"author":5,"featured_media":195706,"comment_status":"open","ping_status":"open","sticky":false,"template":"","format":"standard","meta":{"_monsterinsights_skip_tracking":false,"_monsterinsights_sitenote_active":false,"_monsterinsights_sitenote_note":"","_monsterinsights_sitenote_category":0,"footnotes":""},"categories":[3],"tags":[5696,20663,20271,2852],"class_list":["post-195705","post","type-post","status-publish","format-standard","has-post-thumbnail","hentry","category-nacional","tag-comision-interamericana-de-derechos-humanos","tag-morena","tag-movimiento-de-regeneracion-nacional","tag-scjn"],"_links":{"self":[{"href":"https:\/\/www.diarioimagen.net\/index.php?rest_route=\/wp\/v2\/posts\/195705","targetHints":{"allow":["GET"]}}],"collection":[{"href":"https:\/\/www.diarioimagen.net\/index.php?rest_route=\/wp\/v2\/posts"}],"about":[{"href":"https:\/\/www.diarioimagen.net\/index.php?rest_route=\/wp\/v2\/types\/post"}],"author":[{"embeddable":true,"href":"https:\/\/www.diarioimagen.net\/index.php?rest_route=\/wp\/v2\/users\/5"}],"replies":[{"embeddable":true,"href":"https:\/\/www.diarioimagen.net\/index.php?rest_route=%2Fwp%2Fv2%2Fcomments&post=195705"}],"version-history":[{"count":0,"href":"https:\/\/www.diarioimagen.net\/index.php?rest_route=\/wp\/v2\/posts\/195705\/revisions"}],"wp:featuredmedia":[{"embeddable":true,"href":"https:\/\/www.diarioimagen.net\/index.php?rest_route=\/wp\/v2\/media\/195706"}],"wp:attachment":[{"href":"https:\/\/www.diarioimagen.net\/index.php?rest_route=%2Fwp%2Fv2%2Fmedia&parent=195705"}],"wp:term":[{"taxonomy":"category","embeddable":true,"href":"https:\/\/www.diarioimagen.net\/index.php?rest_route=%2Fwp%2Fv2%2Fcategories&post=195705"},{"taxonomy":"post_tag","embeddable":true,"href":"https:\/\/www.diarioimagen.net\/index.php?rest_route=%2Fwp%2Fv2%2Ftags&post=195705"}],"curies":[{"name":"wp","href":"https:\/\/api.w.org\/{rel}","templated":true}]}}