{"id":195708,"date":"2014-11-07T00:04:58","date_gmt":"2014-11-07T06:04:58","guid":{"rendered":"http:\/\/www.diarioimagen.net\/?p=195708"},"modified":"2014-11-10T03:53:27","modified_gmt":"2014-11-10T09:53:27","slug":"pgr-atrae-detencion-de-gente-del-cartel-de-los-beltran-leyva","status":"publish","type":"post","link":"https:\/\/www.diarioimagen.net\/?p=195708","title":{"rendered":"PGR atrae detenci\u00f3n de gente del c\u00e1rtel de los Beltr\u00e1n Leyva"},"content":{"rendered":"<ul>\n<li><strong><em>Balacera en Ciudad Sat\u00e9lite<\/em><\/strong><\/li>\n<\/ul>\n<div id=\"attachment_195709\" style=\"width: 250px\" class=\"wp-caption alignleft\"><img loading=\"lazy\" decoding=\"async\" aria-describedby=\"caption-attachment-195709\" class=\"wp-image-195709 size-medium\" src=\"http:\/\/www.diarioimagen.net\/wp-content\/uploads\/2014\/11\/balacera-portal-240x135.jpg\" alt=\"Los presuntos delincuentes alcanzaron abordar un veh\u00edculo Mercedes Benz y continuaron disparando contra el personal naval; en el autom\u00f3vil uno de los agresores perdi\u00f3 la vida, mientras que el resto escap\u00f3.\" width=\"240\" height=\"135\" srcset=\"https:\/\/www.diarioimagen.net\/wp-content\/uploads\/2014\/11\/balacera-portal-240x135.jpg 240w, https:\/\/www.diarioimagen.net\/wp-content\/uploads\/2014\/11\/balacera-portal-420x236.jpg 420w, https:\/\/www.diarioimagen.net\/wp-content\/uploads\/2014\/11\/balacera-portal-235x132.jpg 235w, https:\/\/www.diarioimagen.net\/wp-content\/uploads\/2014\/11\/balacera-portal-202x114.jpg 202w, https:\/\/www.diarioimagen.net\/wp-content\/uploads\/2014\/11\/balacera-portal-350x196.jpg 350w, https:\/\/www.diarioimagen.net\/wp-content\/uploads\/2014\/11\/balacera-portal-220x123.jpg 220w, https:\/\/www.diarioimagen.net\/wp-content\/uploads\/2014\/11\/balacera-portal-237x132.jpg 237w, https:\/\/www.diarioimagen.net\/wp-content\/uploads\/2014\/11\/balacera-portal.jpg 480w\" sizes=\"auto, (max-width: 240px) 100vw, 240px\" \/><p id=\"caption-attachment-195709\" class=\"wp-caption-text\">En Circuito Novelistas, en Ciudad Sat\u00e9lite, la Marina detuvo a varios sujetos de la banda de Los Beltr\u00e1n Leyva.<\/p><\/div>\n<p>La Procuradur\u00eda General de la Rep\u00fablica (PGR) asumi\u00f3 la investigaci\u00f3n por un enfrentamiento ocurrido en las inmediaciones de Ciudad Sat\u00e9lite, en el Estado de M\u00e9xico, entre personal de la Secretar\u00eda de Marina y presuntos integrantes del c\u00e1rtel de los Beltr\u00e1n Leyva.<\/p>\n<p>Los hechos arrojaron un saldo de un muerto y cuatro detenidos. De acuerdo con informaci\u00f3n federal, uno de los detenidos estaba lesionado a ra\u00edz del enfrentamiento y fue ingresado a un hospital del Edomex, al que llegaron dos personas para intentar rescatarlo.<\/p>\n<p>Se dijo que los marinos pretendieron detener a los delincuentes cuando sal\u00edan de una vivienda que se localiza en Avenida Circunvalaci\u00f3n Poniente, en el fraccionamiento de Ciudad Sat\u00e9lite, pero fueron atacados y tuvieron que repeler la agresi\u00f3n.<\/p>\n<p>Los presuntos delincuentes alcanzaron abordar un veh\u00edculo Mercedes Benz y continuaron disparando contra el personal naval; en el autom\u00f3vil uno de los agresores perdi\u00f3 la vida, mientras que el resto escap\u00f3.<\/p>\n<p>Con el apoyo de autoridades del Estado de M\u00e9xico, los marinos lograron ubicar a los dem\u00e1s sospechosos, entre los que hab\u00eda un herido y m\u00e1s tarde fue hospitalizado; la detenci\u00f3n se realiz\u00f3 cerca de Lomas Verdes.<\/p>\n","protected":false},"excerpt":{"rendered":"<p>La Procuradur\u00eda General de la Rep\u00fablica (PGR) asumi\u00f3 la investigaci\u00f3n por un enfrentamiento ocurrido en las inmediaciones de Ciudad Sat\u00e9lite, en el Estado de M\u00e9xico, entre personal de la Secretar\u00eda de Marina y presuntos integrantes del c\u00e1rtel de los Beltr\u00e1n Leyva.<\/p>\n","protected":false},"author":5,"featured_media":195709,"comment_status":"open","ping_status":"open","sticky":false,"template":"","format":"standard","meta":{"_monsterinsights_skip_tracking":false,"_monsterinsights_sitenote_active":false,"_monsterinsights_sitenote_note":"","_monsterinsights_sitenote_category":0,"footnotes":""},"categories":[3],"tags":[5782,14393,170,43673,232],"class_list":["post-195708","post","type-post","status-publish","format-standard","has-post-thumbnail","hentry","category-nacional","tag-beltran-leyva","tag-ciudad-satelite","tag-lomas-verdes","tag-nacional","tag-pgr"],"_links":{"self":[{"href":"https:\/\/www.diarioimagen.net\/index.php?rest_route=\/wp\/v2\/posts\/195708","targetHints":{"allow":["GET"]}}],"collection":[{"href":"https:\/\/www.diarioimagen.net\/index.php?rest_route=\/wp\/v2\/posts"}],"about":[{"href":"https:\/\/www.diarioimagen.net\/index.php?rest_route=\/wp\/v2\/types\/post"}],"author":[{"embeddable":true,"href":"https:\/\/www.diarioimagen.net\/index.php?rest_route=\/wp\/v2\/users\/5"}],"replies":[{"embeddable":true,"href":"https:\/\/www.diarioimagen.net\/index.php?rest_route=%2Fwp%2Fv2%2Fcomments&post=195708"}],"version-history":[{"count":0,"href":"https:\/\/www.diarioimagen.net\/index.php?rest_route=\/wp\/v2\/posts\/195708\/revisions"}],"wp:featuredmedia":[{"embeddable":true,"href":"https:\/\/www.diarioimagen.net\/index.php?rest_route=\/wp\/v2\/media\/195709"}],"wp:attachment":[{"href":"https:\/\/www.diarioimagen.net\/index.php?rest_route=%2Fwp%2Fv2%2Fmedia&parent=195708"}],"wp:term":[{"taxonomy":"category","embeddable":true,"href":"https:\/\/www.diarioimagen.net\/index.php?rest_route=%2Fwp%2Fv2%2Fcategories&post=195708"},{"taxonomy":"post_tag","embeddable":true,"href":"https:\/\/www.diarioimagen.net\/index.php?rest_route=%2Fwp%2Fv2%2Ftags&post=195708"}],"curies":[{"name":"wp","href":"https:\/\/api.w.org\/{rel}","templated":true}]}}