{"id":195751,"date":"2014-11-07T00:05:00","date_gmt":"2014-11-07T06:05:00","guid":{"rendered":"http:\/\/www.diarioimagen.net\/?p=195751"},"modified":"2014-11-10T03:53:30","modified_gmt":"2014-11-10T09:53:30","slug":"narro-caso-iguala-duele-y-averguenza-a-la-nacion","status":"publish","type":"post","link":"https:\/\/www.diarioimagen.net\/?p=195751","title":{"rendered":"Narro: caso Iguala duele y averg\u00fcenza a la naci\u00f3n"},"content":{"rendered":"<ul>\n<li><strong><em>Habl\u00f3 ante el presidente Pe\u00f1a Nieto<\/em><\/strong><\/li>\n<\/ul>\n<h6>Jos\u00e9 Luis Monta\u00f1ez<\/h6>\n<p>&nbsp;<\/p>\n<div id=\"attachment_195810\" style=\"width: 250px\" class=\"wp-caption alignleft\"><a href=\"http:\/\/www.diarioimagen.net\/wp-content\/uploads\/2014\/11\/narro-2481.jpg\" target=\"_blank\"><img loading=\"lazy\" decoding=\"async\" aria-describedby=\"caption-attachment-195810\" class=\"size-medium wp-image-195810\" src=\"http:\/\/www.diarioimagen.net\/wp-content\/uploads\/2014\/11\/narro-2481-240x135.jpg\" alt=\"El rector de la UNAM, Jos\u00e9 Narro Robles, entreg\u00f3 el \u201cPremio Nacional de Investigaci\u00f3n\u201d, donde pidi\u00f3 que la inteligencia se comprometa con la verdad.\" width=\"240\" height=\"135\" srcset=\"https:\/\/www.diarioimagen.net\/wp-content\/uploads\/2014\/11\/narro-2481-240x135.jpg 240w, https:\/\/www.diarioimagen.net\/wp-content\/uploads\/2014\/11\/narro-2481-420x236.jpg 420w, https:\/\/www.diarioimagen.net\/wp-content\/uploads\/2014\/11\/narro-2481-235x132.jpg 235w, https:\/\/www.diarioimagen.net\/wp-content\/uploads\/2014\/11\/narro-2481-202x114.jpg 202w, https:\/\/www.diarioimagen.net\/wp-content\/uploads\/2014\/11\/narro-2481-350x196.jpg 350w, https:\/\/www.diarioimagen.net\/wp-content\/uploads\/2014\/11\/narro-2481-220x123.jpg 220w, https:\/\/www.diarioimagen.net\/wp-content\/uploads\/2014\/11\/narro-2481-237x132.jpg 237w, https:\/\/www.diarioimagen.net\/wp-content\/uploads\/2014\/11\/narro-2481.jpg 480w\" sizes=\"auto, (max-width: 240px) 100vw, 240px\" \/><\/a><p id=\"caption-attachment-195810\" class=\"wp-caption-text\">El rector de la UNAM, Jos\u00e9 Narro Robles, entreg\u00f3 el \u201cPremio Nacional de Investigaci\u00f3n\u201d, donde pidi\u00f3 que la inteligencia se comprometa con la verdad.<\/p><\/div>\n<p>El rector de la Universidad Nacional Aut\u00f3noma de M\u00e9xico, Jos\u00e9 Narro Robles, afirm\u00f3 que los hechos de Iguala duelen y averg\u00fcenzan a la naci\u00f3n.<\/p>\n<p>Durante la entrega de la Primera Edici\u00f3n del Premio Nacional de Investigaci\u00f3n \u201cImpuso al Desarrollo de las Finanzas Estatales\u201d que la propia UNAM copatrocina, en presencia del presidente Enrique Pe\u00f1a Nieto, el rector habl\u00f3 de los sucesos violentos ocurridos en Guerrero.<\/p>\n<p>Expres\u00f3: \u201casistimos a esta ceremonia con el luto de los hechos registrados hace casi siete semanas en Iguala, que afectan directamente a m\u00e1s de medio centenar de familias guerrerenses, pero que le duele y averg\u00fcenza a la naci\u00f3n entera\u201d.<\/p>\n<p>Narro pidi\u00f3 hacer de esta ceremonia un acto de reflexi\u00f3n. \u201cQue se muevan los sentimientos \u2013pidi\u00f3- en favor de la justicia y que se comprometa nuestra inteligencia en la b\u00fasqueda de la verdad\u201d.<\/p>\n<p>En tanto, continu\u00f3 el paro de actividades en facultades y escuelas de la UNAM con la exigencia de que se aparezcan vivos los 43 estudiantes de la normal rural de Ayotzinapa.<\/p>\n<p>Asimismo, en la ciudad de M\u00e9xico, decenas de estudiantes \u2013y algunos padres de familia\u2013 clausuraron simb\u00f3licamente durante algunas horas la sede de la Procuradur\u00eda General de la Rep\u00fablica (PGR). Desde temprano llegaron estudiantes de la Normal Superior, de facultades como Ciencias Pol\u00edticas y Filosof\u00eda, de la UNAM; de la Vocacional 7 del Polit\u00e9cnico y de escuelas preparatorias a la entrada de las oficinas del procurador Jes\u00fas Murillo Karam. Colocaron un gran letrero que dec\u00eda \u201cclausurado\u201d, y realizaron un cerco a la sede la PGR.<\/p>\n<p>Tambi\u00e9n integrantes de diversas organizaciones sociales se reunieron frente a la sede de la Comisi\u00f3n Nacional de los Derechos Humanos (CNDH) para clausurarla simb\u00f3licamente, debido a su deficiente actuaci\u00f3n en el caso la desaparici\u00f3n forzada de 43 estudiantes.<\/p>\n<p>En Guerrero, miembros de la Coordinadora Estatal de Trabajadores de la Educaci\u00f3n (CETEG) tomaron el Palacio Federal de Acapulco y la Ciudad Judicial de Chilpancingo, as\u00ed como los juzgados uno y siete de la capital, para exigir al gobierno estatal y federal la presentaci\u00f3n con vida de los 43 normalistas desaparecidos.<\/p>\n<p>A esas acciones se sumaron el Movimiento Popular Guerrerense, el Consejo de Ejidos y Comunidades Opositoras a la Presa La Parota; participan tambi\u00e9n ejidatarios de Icacos, en Guerrero, y en Chilpancingo, la Federaci\u00f3n de Estudiantes Campesinos Socialistas de M\u00e9xico .<\/p>\n<p>En Morelos, personas no identificadas arrojaron pintura roja y negra a la fachada de la sede estatal del Partido de la Revoluci\u00f3n Democr\u00e1tica, confirm\u00f3 su dirigente, Jos\u00e9 Luis Correa Villanueva.<\/p>\n","protected":false},"excerpt":{"rendered":"<p><span style=\"color: #005497;\"><strong>Jos\u00e9 Luis Monta\u00f1ez Aguilar<\/strong><\/span><br \/>\n<br \/>\nEl rector de la Universidad Nacional Aut\u00f3noma de M\u00e9xico, Jos\u00e9 Narro Robles, afirm\u00f3 que los hechos de Iguala duelen y averg\u00fcenzan a la naci\u00f3n.<\/p>\n","protected":false},"author":3,"featured_media":195810,"comment_status":"open","ping_status":"open","sticky":false,"template":"","format":"standard","meta":{"_monsterinsights_skip_tracking":false,"_monsterinsights_sitenote_active":false,"_monsterinsights_sitenote_note":"","_monsterinsights_sitenote_category":0,"footnotes":""},"categories":[3],"tags":[18,11674,571,570],"class_list":["post-195751","post","type-post","status-publish","format-standard","has-post-thumbnail","hentry","category-nacional","tag-enrique-pena-nieto","tag-iguala","tag-jose-narro-robles","tag-unam"],"_links":{"self":[{"href":"https:\/\/www.diarioimagen.net\/index.php?rest_route=\/wp\/v2\/posts\/195751","targetHints":{"allow":["GET"]}}],"collection":[{"href":"https:\/\/www.diarioimagen.net\/index.php?rest_route=\/wp\/v2\/posts"}],"about":[{"href":"https:\/\/www.diarioimagen.net\/index.php?rest_route=\/wp\/v2\/types\/post"}],"author":[{"embeddable":true,"href":"https:\/\/www.diarioimagen.net\/index.php?rest_route=\/wp\/v2\/users\/3"}],"replies":[{"embeddable":true,"href":"https:\/\/www.diarioimagen.net\/index.php?rest_route=%2Fwp%2Fv2%2Fcomments&post=195751"}],"version-history":[{"count":0,"href":"https:\/\/www.diarioimagen.net\/index.php?rest_route=\/wp\/v2\/posts\/195751\/revisions"}],"wp:featuredmedia":[{"embeddable":true,"href":"https:\/\/www.diarioimagen.net\/index.php?rest_route=\/wp\/v2\/media\/195810"}],"wp:attachment":[{"href":"https:\/\/www.diarioimagen.net\/index.php?rest_route=%2Fwp%2Fv2%2Fmedia&parent=195751"}],"wp:term":[{"taxonomy":"category","embeddable":true,"href":"https:\/\/www.diarioimagen.net\/index.php?rest_route=%2Fwp%2Fv2%2Fcategories&post=195751"},{"taxonomy":"post_tag","embeddable":true,"href":"https:\/\/www.diarioimagen.net\/index.php?rest_route=%2Fwp%2Fv2%2Ftags&post=195751"}],"curies":[{"name":"wp","href":"https:\/\/api.w.org\/{rel}","templated":true}]}}