{"id":195763,"date":"2014-11-07T00:01:10","date_gmt":"2014-11-07T06:01:10","guid":{"rendered":"http:\/\/www.diarioimagen.net\/?p=195763"},"modified":"2014-11-07T05:02:56","modified_gmt":"2014-11-07T11:02:56","slug":"exasperante-incapacidad","status":"publish","type":"post","link":"https:\/\/www.diarioimagen.net\/?p=195763","title":{"rendered":"Exasperante incapacidad"},"content":{"rendered":"<h2>Pol\u00edtica Spot<\/h2>\n<h5>Juan Manuel Maga\u00f1a<\/h5>\n<p>&nbsp;<\/p>\n<p>Presentados como unos verdaderos psic\u00f3patas por la suposici\u00f3n de fueron capaces de ordenar balear, desaparecer y posiblemente ejecutar a 43 estudiantes de la Escuela Normal Rural de Aytozinapa, Guerrero, el pasado 26 de septiembre, el caso es que la detenci\u00f3n de Abarca y su mujer no condujo, al menos en autom\u00e1tico, a dar con los desaparecidos.<\/p>\n<p>Por eso, con raz\u00f3n, los padres de los muchachos gritan en las calles y en la plaza mayor que no les importa a cu\u00e1ntos la autoridad agarre, pues lo que exigen es el hecho concreto de que sus hijos aparezcan con vida.<\/p>\n<p>Es asombroso en extremo c\u00f3mo la b\u00fasqueda de soluci\u00f3n al caso Iguala exhibe tan extraordinaria complejidad, tanta ineptitud y semejante enredo. Si as\u00ed es con un s\u00f3lo caso, qu\u00e9 no le espera a un pa\u00eds cuyos municipios, en un 75 por ciento por lo menos, est\u00e1n penetrados por las mafias del narco. \u00bfDe veras creen que as\u00ed tiene viabilidad este pa\u00eds?<\/p>\n<p>Resulta que la Procuradur\u00eda General de la Rep\u00fablica ejercit\u00f3 acci\u00f3n penal contra el ex alcalde de Iguala, pero no por los hechos de hace m\u00e1s de un mes en Ayotzinapa. No por haber sido \u00e9l y su mujer \u2014seg\u00fan la propia autoridad- los demonios que tan desproporcionadamente ordenaron semejante destrucci\u00f3n de vidas para que no les fueran a echar a perder un festejo pol\u00edtico de la se\u00f1ora.<\/p>\n<p>Jos\u00e9 Luis Abarca Vel\u00e1zquez es hasta ahora acusado \u00fanicamente por su presunta responsabilidad en el homicidio de tres integrantes de la organizaci\u00f3n Unidad Popular de Guerrero, el asesinato del s\u00edndico Justino Carbajal Salgado y por su vinculaci\u00f3n con el grupo criminal Guerreros Unidos. Hechos ocurridos en 2013.<\/p>\n<p>A su vez, a su esposa Mar\u00eda de los \u00c1ngeles Pineda Villa, se le tuvo que decretar arraigo por 40 d\u00edas mientras sigue bajo investigaci\u00f3n, porque contra ella ni siquiera se hab\u00eda librado una orden de aprehensi\u00f3n, cosa que la estaba colocando en la posibilidad de quedar libre.<\/p>\n<p>\u00bfEn qu\u00e9 momento va a ser capaz el Ministerio P\u00fablico Federal de fincarle a la pareja responsabilidades en su contra por el delito de autor\u00eda intelectual de la desaparici\u00f3n de los 43 estudiantes?<\/p>\n<p>Y vamos para largo porque no bastaron las 36 horas que Abarca permaneci\u00f3 sujeto a interrogatorios en la Subprocuradur\u00eda Especializada en Investigaci\u00f3n de Delincuencia Organizada (SEIDO) tan s\u00f3lo para negarse a proporcionar informaci\u00f3n relacionada con la desaparici\u00f3n de los normalistas y a revelar detalles de su participaci\u00f3n con el grupo de Guerreros Unidos, a los cuales se supone entregaba mensualmente entre 2 y 3 millones de pesos.<\/p>\n<p>\u00bfQu\u00e9 ense\u00f1a ese hecho? Que la autoridad tiene que buscarle, pero ya y bien, por otro lado para hallar a los estudiantes. En medio de una descomunal presi\u00f3n nacional e internacional.<\/p>\n<p>Esto nos lleva al otro problema que enfrenta el pa\u00eds entero. Me refiero a que un hecho tan dram\u00e1tico como el caso Iguala deja al pa\u00eds, a su opini\u00f3n p\u00fablica, a su gente, demasiado insensibles respecto de otros asuntos sumamente graves. Ya no conmueve el asesinato de un general (Ricardo C\u00e9sar Ni\u00f1o Villarreal) que era responsable de la seguridad en el norte de Tamaulipas. Incluso palidece en la prensa la forma en que es tratado el caso del fusilamiento de civiles \u2014presuntos delincuentes- por parte del Ej\u00e9rcito en Tlatlaya, Estado de M\u00e9xico.<\/p>\n<p>Escasamente se sabe de los cotidianos hechos de la ubicua violencia en que se ha hundido el pa\u00eds.<\/p>\n<p>Cu\u00e1ntos delincuentes, cu\u00e1ntas polic\u00edas, cu\u00e1ntas autoridades tipo Abarca no est\u00e1n bien as\u00ed, en este momento, en Morelos, en el Estado de M\u00e9xico, Michoac\u00e1n, de Quintana Roo a Tamaulipas, pasando por Veracruz, siguiendo por Coahuila y Nuevo Le\u00f3n, hasta Chihuahua, Sonora y Sinaloa, todos ellos c\u00f3modos con el hecho de que los reflectores apunten para otro lado para ellos poder seguir en lo suyo.<\/p>\n<p><em><a href=\"mailto:maganapalace@%20yahoo.com.mx\" target=\"_blank\">maganapalace@ yahoo.com.mx<\/a><\/em><\/p>\n","protected":false},"excerpt":{"rendered":"<p><span style=\"color: #005497;\"><strong>Juan Manuel Maga\u00f1a<\/strong><\/span><\/p>\n","protected":false},"author":3,"featured_media":0,"comment_status":"open","ping_status":"open","sticky":false,"template":"","format":"standard","meta":{"_monsterinsights_skip_tracking":false,"_monsterinsights_sitenote_active":false,"_monsterinsights_sitenote_note":"","_monsterinsights_sitenote_category":0,"footnotes":""},"categories":[22905],"tags":[43709,43674,22904],"class_list":["post-195763","post","type-post","status-publish","format-standard","hentry","category-juan-manuel-magana","tag-juan-manuel-magana","tag-opinion","tag-politica-spot"],"_links":{"self":[{"href":"https:\/\/www.diarioimagen.net\/index.php?rest_route=\/wp\/v2\/posts\/195763","targetHints":{"allow":["GET"]}}],"collection":[{"href":"https:\/\/www.diarioimagen.net\/index.php?rest_route=\/wp\/v2\/posts"}],"about":[{"href":"https:\/\/www.diarioimagen.net\/index.php?rest_route=\/wp\/v2\/types\/post"}],"author":[{"embeddable":true,"href":"https:\/\/www.diarioimagen.net\/index.php?rest_route=\/wp\/v2\/users\/3"}],"replies":[{"embeddable":true,"href":"https:\/\/www.diarioimagen.net\/index.php?rest_route=%2Fwp%2Fv2%2Fcomments&post=195763"}],"version-history":[{"count":0,"href":"https:\/\/www.diarioimagen.net\/index.php?rest_route=\/wp\/v2\/posts\/195763\/revisions"}],"wp:attachment":[{"href":"https:\/\/www.diarioimagen.net\/index.php?rest_route=%2Fwp%2Fv2%2Fmedia&parent=195763"}],"wp:term":[{"taxonomy":"category","embeddable":true,"href":"https:\/\/www.diarioimagen.net\/index.php?rest_route=%2Fwp%2Fv2%2Fcategories&post=195763"},{"taxonomy":"post_tag","embeddable":true,"href":"https:\/\/www.diarioimagen.net\/index.php?rest_route=%2Fwp%2Fv2%2Ftags&post=195763"}],"curies":[{"name":"wp","href":"https:\/\/api.w.org\/{rel}","templated":true}]}}