{"id":195770,"date":"2014-11-07T00:03:17","date_gmt":"2014-11-07T06:03:17","guid":{"rendered":"http:\/\/www.diarioimagen.net\/?p=195770"},"modified":"2014-11-10T03:53:24","modified_gmt":"2014-11-10T09:53:24","slug":"elias-azar-participa-en-la-consulta-ciudadana","status":"publish","type":"post","link":"https:\/\/www.diarioimagen.net\/?p=195770","title":{"rendered":"El\u00edas Azar participa en la consulta ciudadana"},"content":{"rendered":"<ul>\n<li><strong><em>Al emitir su voto, el magistrado presidente del TSJDF estuvo asesorado por la consejera electoral Dania Paola Ravel Cuevas<\/em><\/strong><\/li>\n<\/ul>\n<div id=\"attachment_195812\" style=\"width: 250px\" class=\"wp-caption alignleft\"><a href=\"http:\/\/www.diarioimagen.net\/wp-content\/uploads\/2014\/11\/elias-azar-2481.jpg\" target=\"_blank\"><img loading=\"lazy\" decoding=\"async\" aria-describedby=\"caption-attachment-195812\" class=\"size-medium wp-image-195812\" src=\"http:\/\/www.diarioimagen.net\/wp-content\/uploads\/2014\/11\/elias-azar-2481-240x135.jpg\" alt=\"Edgar El\u00edas Azar, magistrado presidente del TSJDF, al emitir su voto v\u00eda internet en la consulta ciudadana sobre presupuesto participativo.\" width=\"240\" height=\"135\" srcset=\"https:\/\/www.diarioimagen.net\/wp-content\/uploads\/2014\/11\/elias-azar-2481-240x135.jpg 240w, https:\/\/www.diarioimagen.net\/wp-content\/uploads\/2014\/11\/elias-azar-2481-420x236.jpg 420w, https:\/\/www.diarioimagen.net\/wp-content\/uploads\/2014\/11\/elias-azar-2481-235x132.jpg 235w, https:\/\/www.diarioimagen.net\/wp-content\/uploads\/2014\/11\/elias-azar-2481-202x114.jpg 202w, https:\/\/www.diarioimagen.net\/wp-content\/uploads\/2014\/11\/elias-azar-2481-350x196.jpg 350w, https:\/\/www.diarioimagen.net\/wp-content\/uploads\/2014\/11\/elias-azar-2481-220x123.jpg 220w, https:\/\/www.diarioimagen.net\/wp-content\/uploads\/2014\/11\/elias-azar-2481-237x132.jpg 237w, https:\/\/www.diarioimagen.net\/wp-content\/uploads\/2014\/11\/elias-azar-2481.jpg 480w\" sizes=\"auto, (max-width: 240px) 100vw, 240px\" \/><\/a><p id=\"caption-attachment-195812\" class=\"wp-caption-text\">Edgar El\u00edas Azar, magistrado presidente del TSJDF, al emitir su voto v\u00eda internet en la consulta ciudadana sobre presupuesto participativo.<\/p><\/div>\n<p>El presidente del Tribunal Superior de Justicia del Distrito Federal, magistrado Edgar El\u00edas Azar, emiti\u00f3 ayer su voto, v\u00eda internet, en el marco del ejercicio c\u00edvico de la consulta ciudadana sobre presupuesto participativo.<\/p>\n<p>En su oficina, y asesorado por la consejera electoral Dania Paola Ravel Cuevas, el magistrado llen\u00f3 los datos necesarios en el portal electr\u00f3nico del Instituto Electoral del Distrito Federal, contenidos en su credencial para votar -clave de elector y n\u00famero de OCR- y n\u00famero celular a 10 d\u00edgitos, y posteriormente recibi\u00f3 en su m\u00f3vil una contrase\u00f1a con la que se accede a la votaci\u00f3n.<\/p>\n<p>Al finalizar este ejercicio democr\u00e1tico, El\u00edas Azar calific\u00f3 a la aplicaci\u00f3n electr\u00f3nica de la consulta como maravillosa, e hizo un llamamiento para que la sociedad capitalina participe y vote.<\/p>\n<p>\u201cEl objetivo es que todo mundo participe en las decisiones de la ciudad. Hay un porcentaje importante del presupuesto que se va a gastar en lo que decidamos todos. Y por eso s\u00ed es muy trascendental para la vida de la ciudad, y es una exhortaci\u00f3n para todos los que me escuchen y me vean, que participen y voten\u201d.<\/p>\n<p>La consejera electoral Ravel Cuevas record\u00f3 que tres por ciento del presupuesto que se asigna a las delegaciones est\u00e1 sujeto a que los capitalinos decidan c\u00f3mo se gasta en sus colonias.<\/p>\n<p>&nbsp;<\/p>\n","protected":false},"excerpt":{"rendered":"<p>El presidente del Tribunal Superior de Justicia del Distrito Federal, magistrado Edgar El\u00edas Azar, emiti\u00f3 ayer su voto, v\u00eda internet, en el marco del ejercicio c\u00edvico de la consulta ciudadana sobre presupuesto participativo.<\/p>\n","protected":false},"author":3,"featured_media":195812,"comment_status":"open","ping_status":"open","sticky":false,"template":"","format":"standard","meta":{"_monsterinsights_skip_tracking":false,"_monsterinsights_sitenote_active":false,"_monsterinsights_sitenote_note":"","_monsterinsights_sitenote_category":0,"footnotes":""},"categories":[6],"tags":[13958,1925,2942],"class_list":["post-195770","post","type-post","status-publish","format-standard","has-post-thumbnail","hentry","category-cd-de-mexico","tag-ciduad-de-mexico","tag-edgar-elias-azar","tag-tribunal-superior-de-justicia-del-distrito-federal"],"_links":{"self":[{"href":"https:\/\/www.diarioimagen.net\/index.php?rest_route=\/wp\/v2\/posts\/195770","targetHints":{"allow":["GET"]}}],"collection":[{"href":"https:\/\/www.diarioimagen.net\/index.php?rest_route=\/wp\/v2\/posts"}],"about":[{"href":"https:\/\/www.diarioimagen.net\/index.php?rest_route=\/wp\/v2\/types\/post"}],"author":[{"embeddable":true,"href":"https:\/\/www.diarioimagen.net\/index.php?rest_route=\/wp\/v2\/users\/3"}],"replies":[{"embeddable":true,"href":"https:\/\/www.diarioimagen.net\/index.php?rest_route=%2Fwp%2Fv2%2Fcomments&post=195770"}],"version-history":[{"count":0,"href":"https:\/\/www.diarioimagen.net\/index.php?rest_route=\/wp\/v2\/posts\/195770\/revisions"}],"wp:featuredmedia":[{"embeddable":true,"href":"https:\/\/www.diarioimagen.net\/index.php?rest_route=\/wp\/v2\/media\/195812"}],"wp:attachment":[{"href":"https:\/\/www.diarioimagen.net\/index.php?rest_route=%2Fwp%2Fv2%2Fmedia&parent=195770"}],"wp:term":[{"taxonomy":"category","embeddable":true,"href":"https:\/\/www.diarioimagen.net\/index.php?rest_route=%2Fwp%2Fv2%2Fcategories&post=195770"},{"taxonomy":"post_tag","embeddable":true,"href":"https:\/\/www.diarioimagen.net\/index.php?rest_route=%2Fwp%2Fv2%2Ftags&post=195770"}],"curies":[{"name":"wp","href":"https:\/\/api.w.org\/{rel}","templated":true}]}}