{"id":195779,"date":"2014-11-07T00:08:29","date_gmt":"2014-11-07T06:08:29","guid":{"rendered":"http:\/\/www.diarioimagen.net\/?p=195779"},"modified":"2014-11-07T04:43:56","modified_gmt":"2014-11-07T10:43:56","slug":"la-informalidad-esta-a-la-baja-videgaray-caso","status":"publish","type":"post","link":"https:\/\/www.diarioimagen.net\/?p=195779","title":{"rendered":"La informalidad est\u00e1 a la baja: Videgaray Caso"},"content":{"rendered":"<ul>\n<li><strong><em>Confirma crecimiento econ\u00f3mico<\/em><\/strong><\/li>\n<\/ul>\n<div id=\"attachment_195825\" style=\"width: 250px\" class=\"wp-caption alignleft\"><a href=\"http:\/\/www.diarioimagen.net\/wp-content\/uploads\/2014\/11\/VIDEGARAY-2481.jpg\"><img loading=\"lazy\" decoding=\"async\" aria-describedby=\"caption-attachment-195825\" class=\"size-medium wp-image-195825\" src=\"http:\/\/www.diarioimagen.net\/wp-content\/uploads\/2014\/11\/VIDEGARAY-2481-240x135.jpg\" alt=\"Luis Videgaray, titular de la Secretar\u00eda de Hacienda y Cr\u00e9dito P\u00fablico, afirma que por vez primera se nota que cede la informalidad.\" width=\"240\" height=\"135\" srcset=\"https:\/\/www.diarioimagen.net\/wp-content\/uploads\/2014\/11\/VIDEGARAY-2481-240x135.jpg 240w, https:\/\/www.diarioimagen.net\/wp-content\/uploads\/2014\/11\/VIDEGARAY-2481-420x236.jpg 420w, https:\/\/www.diarioimagen.net\/wp-content\/uploads\/2014\/11\/VIDEGARAY-2481-235x132.jpg 235w, https:\/\/www.diarioimagen.net\/wp-content\/uploads\/2014\/11\/VIDEGARAY-2481-202x114.jpg 202w, https:\/\/www.diarioimagen.net\/wp-content\/uploads\/2014\/11\/VIDEGARAY-2481-350x196.jpg 350w, https:\/\/www.diarioimagen.net\/wp-content\/uploads\/2014\/11\/VIDEGARAY-2481-220x123.jpg 220w, https:\/\/www.diarioimagen.net\/wp-content\/uploads\/2014\/11\/VIDEGARAY-2481-237x132.jpg 237w, https:\/\/www.diarioimagen.net\/wp-content\/uploads\/2014\/11\/VIDEGARAY-2481.jpg 480w\" sizes=\"auto, (max-width: 240px) 100vw, 240px\" \/><\/a><p id=\"caption-attachment-195825\" class=\"wp-caption-text\">Luis Videgaray, titular de la Secretar\u00eda de Hacienda y Cr\u00e9dito P\u00fablico, afirma que por vez primera se nota que cede la informalidad.<\/p><\/div>\n<p>El secretario de Hacienda, Luis Videgaray Caso, afirm\u00f3 que por primera vez en los \u00faltimos a\u00f1os, la tasa de informalidad en M\u00e9xico est\u00e1 en un \u201cpunto de inflexi\u00f3n\u201d y ello confirma que la econom\u00eda est\u00e1 acelerando su crecimiento.<\/p>\n<p>\u201cPor primera vez en los \u00faltimos dos a\u00f1os estamos viendo una reducci\u00f3n; de hecho, estamos en el punto m\u00ednimo en los cinco a\u00f1os en la tasa de informalidad que reporta el INEGI\u201d, destac\u00f3 al participar en la Reuni\u00f3n Anual de Industriales (RAI).<\/p>\n<p>Al dictar una conferencia magistral en el foro organizado por la Confederaci\u00f3n de C\u00e1maras Industriales (Concamin), explic\u00f3 que esa circunstancia se debe a que el empleo formal crece por arriba de la econom\u00eda, con una avance anual de 4.2 por ciento, con la creaci\u00f3n de 671 mil nuevos empleos formales en los \u00faltimos 12 meses.<\/p>\n<p>\u201cEsto quiere decir que por primera vez estamos teniendo un punto de inflexi\u00f3n en el crecimiento de la tasa de informalidad\u201d, asever\u00f3.<\/p>\n<p>\u201cEstas cifras las comparto con ustedes con el objetivo de afirmar que tenemos tendencias alentadoras, que la econom\u00eda mexicana est\u00e1 creciendo, aunque hay que reconocerlo, y somos los primeros en hacerlo, que hay sectores de la econom\u00eda que todav\u00eda no muestran el dinamismo que van a mostrar en los pr\u00f3ximos meses, particularmente el consumo privado y las ventas al menudeo\u201d, se\u00f1al\u00f3.<\/p>\n<p>Ratific\u00f3 el compromiso del gobierno de la Rep\u00fablica para acelerar el crecimiento econ\u00f3mico del pa\u00eds mediante instrumentos de pol\u00edtica fiscal contra c\u00edclica, como la ampliaci\u00f3n de un d\u00e9ficit moderado y transitorio que, asegur\u00f3 regresar\u00e1 a su punto de equilibrio.<\/p>\n<p>Videgaray Caso reiter\u00f3 que \u201cla pol\u00edtica fiscal y la pol\u00edtica monetaria est\u00e1n hoy en una fase expansiva que tendr\u00e1n, conforme el crecimiento econ\u00f3mico regrese a la normalidad, que regresar tambi\u00e9n al equilibrio\u201d.<\/p>\n<p>Advirti\u00f3 que la econom\u00eda mexicana enfrentar\u00e1 retos, entre los que destac\u00f3 el menor crecimiento econ\u00f3mico global y la normalizaci\u00f3n de la pol\u00edtica monetaria de la Reserva Federal de Estados Unidos, la cual genera episodios de volatilidad contra los que M\u00e9xico, dijo, est\u00e1 bien preparado.<\/p>\n","protected":false},"excerpt":{"rendered":"<p>El secretario de Hacienda, Luis Videgaray Caso, afirm\u00f3 que por primera vez en los \u00faltimos a\u00f1os, la tasa de informalidad en M\u00e9xico est\u00e1 en un \u201cpunto de inflexi\u00f3n\u201d y ello confirma que la econom\u00eda est\u00e1 acelerando su crecimiento.<\/p>\n","protected":false},"author":3,"featured_media":195825,"comment_status":"open","ping_status":"open","sticky":false,"template":"","format":"standard","meta":{"_monsterinsights_skip_tracking":false,"_monsterinsights_sitenote_active":false,"_monsterinsights_sitenote_note":"","_monsterinsights_sitenote_category":0,"footnotes":""},"categories":[3],"tags":[7517,43673],"class_list":["post-195779","post","type-post","status-publish","format-standard","has-post-thumbnail","hentry","category-nacional","tag-luis-videgaray-caso","tag-nacional"],"_links":{"self":[{"href":"https:\/\/www.diarioimagen.net\/index.php?rest_route=\/wp\/v2\/posts\/195779","targetHints":{"allow":["GET"]}}],"collection":[{"href":"https:\/\/www.diarioimagen.net\/index.php?rest_route=\/wp\/v2\/posts"}],"about":[{"href":"https:\/\/www.diarioimagen.net\/index.php?rest_route=\/wp\/v2\/types\/post"}],"author":[{"embeddable":true,"href":"https:\/\/www.diarioimagen.net\/index.php?rest_route=\/wp\/v2\/users\/3"}],"replies":[{"embeddable":true,"href":"https:\/\/www.diarioimagen.net\/index.php?rest_route=%2Fwp%2Fv2%2Fcomments&post=195779"}],"version-history":[{"count":0,"href":"https:\/\/www.diarioimagen.net\/index.php?rest_route=\/wp\/v2\/posts\/195779\/revisions"}],"wp:featuredmedia":[{"embeddable":true,"href":"https:\/\/www.diarioimagen.net\/index.php?rest_route=\/wp\/v2\/media\/195825"}],"wp:attachment":[{"href":"https:\/\/www.diarioimagen.net\/index.php?rest_route=%2Fwp%2Fv2%2Fmedia&parent=195779"}],"wp:term":[{"taxonomy":"category","embeddable":true,"href":"https:\/\/www.diarioimagen.net\/index.php?rest_route=%2Fwp%2Fv2%2Fcategories&post=195779"},{"taxonomy":"post_tag","embeddable":true,"href":"https:\/\/www.diarioimagen.net\/index.php?rest_route=%2Fwp%2Fv2%2Ftags&post=195779"}],"curies":[{"name":"wp","href":"https:\/\/api.w.org\/{rel}","templated":true}]}}