{"id":195785,"date":"2014-11-07T00:07:43","date_gmt":"2014-11-07T06:07:43","guid":{"rendered":"http:\/\/www.diarioimagen.net\/?p=195785"},"modified":"2014-11-07T04:48:58","modified_gmt":"2014-11-07T10:48:58","slug":"permanece-sin-solucion-la-huelga-en-prepas-del-df","status":"publish","type":"post","link":"https:\/\/www.diarioimagen.net\/?p=195785","title":{"rendered":"Permanece sin soluci\u00f3n la huelga en prepas del DF"},"content":{"rendered":"<ul>\n<li><strong><em>Las negociaciones, estancadas: sindicato<\/em><\/strong><\/li>\n<\/ul>\n<p><a href=\"http:\/\/www.diarioimagen.net\/wp-content\/uploads\/2014\/11\/huelga-2481.jpg\"><img loading=\"lazy\" decoding=\"async\" class=\"alignleft size-medium wp-image-195831\" src=\"http:\/\/www.diarioimagen.net\/wp-content\/uploads\/2014\/11\/huelga-2481-240x135.jpg\" alt=\"huelga-2481\" width=\"240\" height=\"135\" srcset=\"https:\/\/www.diarioimagen.net\/wp-content\/uploads\/2014\/11\/huelga-2481-240x135.jpg 240w, https:\/\/www.diarioimagen.net\/wp-content\/uploads\/2014\/11\/huelga-2481-420x236.jpg 420w, https:\/\/www.diarioimagen.net\/wp-content\/uploads\/2014\/11\/huelga-2481-235x132.jpg 235w, https:\/\/www.diarioimagen.net\/wp-content\/uploads\/2014\/11\/huelga-2481-202x114.jpg 202w, https:\/\/www.diarioimagen.net\/wp-content\/uploads\/2014\/11\/huelga-2481-350x196.jpg 350w, https:\/\/www.diarioimagen.net\/wp-content\/uploads\/2014\/11\/huelga-2481-220x123.jpg 220w, https:\/\/www.diarioimagen.net\/wp-content\/uploads\/2014\/11\/huelga-2481-237x132.jpg 237w, https:\/\/www.diarioimagen.net\/wp-content\/uploads\/2014\/11\/huelga-2481.jpg 480w\" sizes=\"auto, (max-width: 240px) 100vw, 240px\" \/><\/a>A poco m\u00e1s de dos d\u00edas de que estall\u00f3 la huelga en 20 preparatorias del Distrito Federal, el Sindicato de la Uni\u00f3n de Trabajadores del Instituto de Educaci\u00f3n Media Superior (SUTIEMS) afirm\u00f3 que las pl\u00e1ticas con las autoridades est\u00e1n estancadas.<\/p>\n<p>Karla Santoyo, secretaria de prensa y propaganda del SUTIEMS, afirm\u00f3 que las autoridades no han convocado a la reanudaci\u00f3n del di\u00e1logo con la representaci\u00f3n de los trabajadores.<\/p>\n<p>\u201cLos trabajadores y su sindicato est\u00e1n abiertos a regresar en cualquier momento a la mesa de negociaci\u00f3n, ya sea con la directora del instituto, Freyja Dorid\u00e9 Puebla L\u00f3pez, o con funcionarios del gobierno central, para tratar de resolver el conflicto laboral\u201d, subray\u00f3.<\/p>\n<p>A los trabajadores sindicalizados les preocupa que los m\u00e1s de 20 mil estudiantes que asisten a las preparatorias sigan sin clases, pero sostuvo que la responsabilidad no es de ellos sino de la las autoridades.<\/p>\n<p>\u201cEl discurso oficial, que no aceptamos, es que no hay presupuesto para dar mayores incrementos salariales y prestaciones a los trabajadores, sobre todo a los administrativos de los niveles 13, 14 y 15 que son los que menos ganan con ingresos no superiores a los 6 mil pesos mensuales\u201d.<\/p>\n<p>Santoyo explic\u00f3 que adem\u00e1s del incremento a los salarios, tambi\u00e9n solicitan en su pliego de peticiones que a los trabajadores administrativos de los niveles antes se\u00f1alados, les otorguen el bono alimentario que reciben los dem\u00e1s trabajadores del gobierno del Distrito Federal.<\/p>\n<p>Este a\u00f1o el IEMS recibi\u00f3 30 millones de pesos m\u00e1s de presupuesto en comparaci\u00f3n con 2013, por lo que el argumento de las autoridades es insostenible, adem\u00e1s de que los trabajadores demandan una revisi\u00f3n u auditor\u00eda a las finanzas del instituto.<\/p>\n<p>&nbsp;<\/p>\n","protected":false},"excerpt":{"rendered":"<p>A poco m\u00e1s de dos d\u00edas de que estall\u00f3 la huelga en 20 preparatorias del Distrito Federal, el Sindicato de la Uni\u00f3n de Trabajadores del Instituto de Educaci\u00f3n Media Superior (SUTIEMS) afirm\u00f3 que las pl\u00e1ticas con las autoridades est\u00e1n estancadas.<\/p>\n","protected":false},"author":3,"featured_media":195831,"comment_status":"open","ping_status":"open","sticky":false,"template":"","format":"standard","meta":{"_monsterinsights_skip_tracking":false,"_monsterinsights_sitenote_active":false,"_monsterinsights_sitenote_note":"","_monsterinsights_sitenote_category":0,"footnotes":""},"categories":[6],"tags":[204,384],"class_list":["post-195785","post","type-post","status-publish","format-standard","has-post-thumbnail","hentry","category-cd-de-mexico","tag-ciudad-de-mexico","tag-df"],"_links":{"self":[{"href":"https:\/\/www.diarioimagen.net\/index.php?rest_route=\/wp\/v2\/posts\/195785","targetHints":{"allow":["GET"]}}],"collection":[{"href":"https:\/\/www.diarioimagen.net\/index.php?rest_route=\/wp\/v2\/posts"}],"about":[{"href":"https:\/\/www.diarioimagen.net\/index.php?rest_route=\/wp\/v2\/types\/post"}],"author":[{"embeddable":true,"href":"https:\/\/www.diarioimagen.net\/index.php?rest_route=\/wp\/v2\/users\/3"}],"replies":[{"embeddable":true,"href":"https:\/\/www.diarioimagen.net\/index.php?rest_route=%2Fwp%2Fv2%2Fcomments&post=195785"}],"version-history":[{"count":0,"href":"https:\/\/www.diarioimagen.net\/index.php?rest_route=\/wp\/v2\/posts\/195785\/revisions"}],"wp:featuredmedia":[{"embeddable":true,"href":"https:\/\/www.diarioimagen.net\/index.php?rest_route=\/wp\/v2\/media\/195831"}],"wp:attachment":[{"href":"https:\/\/www.diarioimagen.net\/index.php?rest_route=%2Fwp%2Fv2%2Fmedia&parent=195785"}],"wp:term":[{"taxonomy":"category","embeddable":true,"href":"https:\/\/www.diarioimagen.net\/index.php?rest_route=%2Fwp%2Fv2%2Fcategories&post=195785"},{"taxonomy":"post_tag","embeddable":true,"href":"https:\/\/www.diarioimagen.net\/index.php?rest_route=%2Fwp%2Fv2%2Ftags&post=195785"}],"curies":[{"name":"wp","href":"https:\/\/api.w.org\/{rel}","templated":true}]}}