{"id":195815,"date":"2014-11-07T00:05:44","date_gmt":"2014-11-07T06:05:44","guid":{"rendered":"http:\/\/www.diarioimagen.net\/?p=195815"},"modified":"2014-11-07T05:03:05","modified_gmt":"2014-11-07T11:03:05","slug":"de-concurso","status":"publish","type":"post","link":"https:\/\/www.diarioimagen.net\/?p=195815","title":{"rendered":"De concurso"},"content":{"rendered":"<h2>De frente y de perfil<\/h2>\n<h5>Ram\u00f3n Zurita Sahag\u00fan<\/h5>\n<p>&nbsp;<\/p>\n<p>Los pol\u00edticos son personajes sumamente at\u00edpicos que usan una serie de frases que motivan risas, aunque algunas de ellas son inmensamente preocupantes.<\/p>\n<p>Recurren a ellas en sus excesos de poder y prepotencia, para intentar clarificar lo inexplicable, en muchos de los casos o su cercan\u00eda con los hombres de mayor poder.<\/p>\n<p>Lo hacen para magnificar los temas, aunque ellos mismos no est\u00e9n convencidos de lo que sus palabras expresan.<\/p>\n<p>Ayer mismo, con su grandilocuencia, el coordinador de los senadores del PRI, Emilio Gamboa Patr\u00f3n, aseguraba con una presunta convicci\u00f3n que el presidente Enrique Pe\u00f1a Nieto est\u00e1 consternado por la desaparici\u00f3n de los 43 estudiantes de la Normal de Ayotzinapa.<\/p>\n<p>Su exceso se debi\u00f3 a la justificaci\u00f3n que hac\u00eda por el viaje del Ejecutivo fuera del pa\u00eds, en momentos en que supuestamente se requiere de su presencia en el territorio nacional. Por supuesto, la presencia del Presidente no es indispensable, ya que el gobierno realiza su labor en el tema y el Ejecutivo desde donde se encuentre se mantendr\u00e1 informado y podr\u00e1 girar instrucciones para que el asunto no se detenga, sin importar hasta d\u00f3nde se llegue en las investigaciones.<\/p>\n<p>Claro que Enrique Pe\u00f1a no puede estar m\u00e1s consternado que los familiares de los desaparecidos, los que resienten desde hace un mes la ausencia de sus familiares, sin saber que sucedi\u00f3 con ellos, si se encuentran muertos, desparecidos o hasta escondidos (se duda esto \u00faltimo).<\/p>\n<p>Sin embargo, los pol\u00edticos, en su af\u00e1n de quedar bien se extralimitan como es el caso de Gamboa Patr\u00f3n que todav\u00eda fue m\u00e1s all\u00e1 y precis\u00f3 yo conozco al Presidente y s\u00e9 de su preocupaci\u00f3n sobre el tema.<\/p>\n<p>Pero como \u00e9l, hay otros que sus exabruptos son dignos de ser condensados y formar parte de un anecdotario, aunque viniendo de un gobernante causan preocupaci\u00f3n.<\/p>\n<p>Graco Ram\u00edrez Garrido Abreu, gobernador de Morelos, fue cuestionado sobre una serie de acusaciones existente sobre varios diputados del Congreso local, entre ellos el eventual desafuero del legislador Alfonso Miranda Gallegos y su respuesta fue tajante, no soy procurador, ni investigador policial para saber lo que sucede con algunos de esos personajes.<\/p>\n<p>Los pol\u00edticos son \u00fanicos en sus respuestas o en sus di\u00e1logos privados, muchos de los cuales son exhibidos de diversas formas. Una de ellas es la cinta \u201cLa dictadura perfecta\u201d, donde el director Luis Estrada recoge una serie de esos ejemplos y se los cruza entre los personajes de la tragicomedia.<\/p>\n<p>Aquella \u00e9pica frase de Fidel Herrera Beltr\u00e1n, en sus tiempos de gobernador, cuando fue grabado en una conversaci\u00f3n telef\u00f3nica: \u201cestoy en la plenitud del pinche poder\u201d es la primera que es usada en esta pel\u00edcula \u00bfde ciencia ficci\u00f3n?<\/p>\n<p>Otra m\u00e1s que pronunciara Vicente Fox Quesada, en sus tiempos presidenciales sobre los mexicanos, los que est\u00e1n dispuestos a realizar trabajos que ni los negros quieren hacer en Estados Unidos, es otra de la joyas recordadas en la pel\u00edcula.<\/p>\n<p>Pero siempre los pol\u00edticos guardan sus propias perlas que m\u00e1s adelante los inmortalizan.<\/p>\n<p>Jos\u00e9 L\u00f3pez Portillo ser\u00e1 recordado siempre por su m\u00e1xima \u201cdefender\u00e9 el peso como perro\u201d, lo que no pudo hacer, ya que a los pocos d\u00edas la moneda se depreciaba en forma alarmante.<\/p>\n<p style=\"text-align: center;\"><strong>RACIMOS<\/strong><\/p>\n<p>Como racimos de fruta madura caen en manos de la justicia los ex servidores p\u00fablicos del pasado reciente en Michoac\u00e1n. Pareciera ser una cacer\u00eda de brujas tard\u00eda, ya que transcurrieron m\u00e1s de dos a\u00f1os desde el t\u00e9rmino del gobierno de Leonel Godoy Rangel y todos ellos formaron parte de la estructura de su gobierno.<\/p>\n<p>La ex secretaria de Finanzas, el ex secretario del Transporte y otros ex funcionarios pertenecientes al c\u00edrculo cercano de Godoy Rangel son acusados de diversos delitos, entre los que se encuentran peculado y enriquecimiento il\u00edcito. El trabajo sobre el tema se ha realizado en forma eficiente y de manera discreta, para evitar la fuga de los ex funcionarios involucrados.<\/p>\n<p>Hay quienes ven en el tema toda una estrategia tendiente a debilitar la estructura de los desplazados perredistas, para acallar los rumores de algunos c\u00edrculos que hacen sentir que el pr\u00f3ximo gobernador del estado ser\u00e1 el presidente de la mesa directiva de la C\u00e1mara de Diputados, Silvano Aureoles Conejo.<\/p>\n<p>De acuerdo con las cifras estad\u00edsticas de los muestreos electorales realizados en Michoac\u00e1n, el PRI que es el partido en el gobierno se ubica hasta la tercera posici\u00f3n en las preferencias ciudadanas actuales.<\/p>\n<p>Eso no significa que todo lo tengan perdido, ya que los n\u00fameros cambian conforme se acerca la fecha de la elecci\u00f3n.<\/p>\n<p>Los pri\u00edstas no quieren perder lo que fue en el pasado reciente el basti\u00f3n de la izquierda, aunque la manera de gobernar de Fausto Vallejo Figueroa y Jes\u00fas Reyna Garc\u00eda lo hace sentir de esa manera. Michoac\u00e1n es uno de los nueve estados que ir\u00e1n a elecciones el a\u00f1o pr\u00f3ximo y donde el PRI corre un grave riesgo de ser desplazado por el PRD o PAN; seg\u00fan la \u00f3ptica que aplican algunos observadores.<\/p>\n<p style=\"text-align: center;\"><strong>LAVADERO<\/strong><\/p>\n<p>En chisme de vecindad parece convertido el respaldo que la izquierda dio a la candidatura de Jos\u00e9 Luis Abarca para el ayuntamiento de Iguala, Guerrero.<\/p>\n<p>Unos y otros se lanzan puyas y se deslindan del aval dado.<\/p>\n<p>Nueva Izquierda, la m\u00e1s poderosa corriente al interior del partido (de la que han salido los m\u00e1s recientes dirigentes nacionales) trata de justificar el respaldo al entonces candidato y sus l\u00edderes se enfrentaron con uno de sus ex militantes, Luis Miguel Barbosa. Sin embargo, Barbosa ya les ofreci\u00f3 la salida del entuerto, cuando asegura que fue Patria Digna, otra corriente que encabeza Carlos Sotelo, la que lo postul\u00f3.<\/p>\n<p><em><a href=\"mailto:ramonzurita44@hotmail.com\" target=\"_blank\">ramonzurita44@hotmail.com<\/a><\/em><br \/>\n<a href=\"mailto:%20zurita_sahagun@hotmail.com\" target=\"_blank\"><em>zurita_sahagun@hotmail.com<\/em><\/a><\/p>\n","protected":false},"excerpt":{"rendered":"<p><span style=\"color: #005497;\"><strong>Ram\u00f3n Zurita Sahag\u00fan<\/strong><\/span><\/p>\n","protected":false},"author":3,"featured_media":0,"comment_status":"open","ping_status":"open","sticky":false,"template":"","format":"standard","meta":{"_monsterinsights_skip_tracking":false,"_monsterinsights_sitenote_active":false,"_monsterinsights_sitenote_note":"","_monsterinsights_sitenote_category":0,"footnotes":""},"categories":[234],"tags":[304,43674,43687],"class_list":["post-195815","post","type-post","status-publish","format-standard","hentry","category-ramon-zurita-sahagun","tag-de-frente-y-de-perfil","tag-opinion","tag-ramon-zurita-sahagun"],"_links":{"self":[{"href":"https:\/\/www.diarioimagen.net\/index.php?rest_route=\/wp\/v2\/posts\/195815","targetHints":{"allow":["GET"]}}],"collection":[{"href":"https:\/\/www.diarioimagen.net\/index.php?rest_route=\/wp\/v2\/posts"}],"about":[{"href":"https:\/\/www.diarioimagen.net\/index.php?rest_route=\/wp\/v2\/types\/post"}],"author":[{"embeddable":true,"href":"https:\/\/www.diarioimagen.net\/index.php?rest_route=\/wp\/v2\/users\/3"}],"replies":[{"embeddable":true,"href":"https:\/\/www.diarioimagen.net\/index.php?rest_route=%2Fwp%2Fv2%2Fcomments&post=195815"}],"version-history":[{"count":0,"href":"https:\/\/www.diarioimagen.net\/index.php?rest_route=\/wp\/v2\/posts\/195815\/revisions"}],"wp:attachment":[{"href":"https:\/\/www.diarioimagen.net\/index.php?rest_route=%2Fwp%2Fv2%2Fmedia&parent=195815"}],"wp:term":[{"taxonomy":"category","embeddable":true,"href":"https:\/\/www.diarioimagen.net\/index.php?rest_route=%2Fwp%2Fv2%2Fcategories&post=195815"},{"taxonomy":"post_tag","embeddable":true,"href":"https:\/\/www.diarioimagen.net\/index.php?rest_route=%2Fwp%2Fv2%2Ftags&post=195815"}],"curies":[{"name":"wp","href":"https:\/\/api.w.org\/{rel}","templated":true}]}}