{"id":195860,"date":"2014-11-07T18:35:22","date_gmt":"2014-11-08T00:35:22","guid":{"rendered":"http:\/\/www.diarioimagen.net\/?p=195860"},"modified":"2014-11-10T03:54:01","modified_gmt":"2014-11-10T09:54:01","slug":"no-cejaremos-hasta-que-se-haga-justicia-reitera-pena-nieto","status":"publish","type":"post","link":"https:\/\/www.diarioimagen.net\/?p=195860","title":{"rendered":"No cejaremos hasta que se haga justicia, reitera Pe\u00f1a Nieto"},"content":{"rendered":"<div id=\"attachment_195864\" style=\"width: 250px\" class=\"wp-caption alignleft\"><a href=\"http:\/\/www.diarioimagen.net\/wp-content\/uploads\/2014\/11\/epn-ayotzinapa.jpg\"><img loading=\"lazy\" decoding=\"async\" aria-describedby=\"caption-attachment-195864\" class=\"size-medium wp-image-195864\" src=\"http:\/\/www.diarioimagen.net\/wp-content\/uploads\/2014\/11\/epn-ayotzinapa-240x166.jpg\" alt=\"\u201cLas investigaciones ser\u00e1n llevadas hasta las \u00faltimas consecuencias. Todos los culpables ser\u00e1n castigados en el marco de la ley. Para hacer justicia y lograr un M\u00e9xico en paz, el Gobierno de la Rep\u00fablica seguir\u00e1 actuando con decisi\u00f3n y firmeza contra el crimen organizado\u201d, afirm\u00f3 el Presidente de la Rep\u00fablica.\" width=\"240\" height=\"166\" srcset=\"https:\/\/www.diarioimagen.net\/wp-content\/uploads\/2014\/11\/epn-ayotzinapa-240x166.jpg 240w, https:\/\/www.diarioimagen.net\/wp-content\/uploads\/2014\/11\/epn-ayotzinapa-420x291.jpg 420w, https:\/\/www.diarioimagen.net\/wp-content\/uploads\/2014\/11\/epn-ayotzinapa.jpg 1200w\" sizes=\"auto, (max-width: 240px) 100vw, 240px\" \/><\/a><p id=\"caption-attachment-195864\" class=\"wp-caption-text\">\u201cLas investigaciones ser\u00e1n llevadas hasta las \u00faltimas consecuencias. Todos los culpables ser\u00e1n castigados en el marco de la ley. Para hacer justicia y lograr un M\u00e9xico en paz, el Gobierno de la Rep\u00fablica seguir\u00e1 actuando con decisi\u00f3n y firmeza contra el crimen organizado\u201d, afirm\u00f3 el Presidente de la Rep\u00fablica.<\/p><\/div>\n<p>El Gobierno de la Rep\u00fablica no cejar\u00e1 hasta hacer justicia en el marco de la ley en la desaparici\u00f3n de los normalistas de Ayotzinapa, reiter\u00f3 el presidente Enrique Pe\u00f1a Nieto, quien adem\u00e1s comparti\u00f3 la consternaci\u00f3n e indignaci\u00f3n de la sociedad mexicana con los hechos.<\/p>\n<p>En su mensaje durante la Reuni\u00f3n Anual de Industriales 2014, reiter\u00f3 su solidaridad con los padres de los 43 estudiantes desaparecidos y asegur\u00f3 que el Estado mexicano hace uso de todos los medios y capacidades de que dispone para esclarecer los hechos y dar con todos los responsables, por lo que su administraci\u00f3n seguir\u00e1 actuando con determinaci\u00f3n.<\/p>\n<p>Admiti\u00f3 que es un momento dif\u00edcil para toda la naci\u00f3n. \u00abLos acontecimientos en Iguala nos han indignado y conmovido a todos, han despertado la solidaridad de los mexicanos con los familiares de los j\u00f3venes normalistas\u00bb.<\/p>\n<p>\u00abComo presidente, comparto absolutamente estos sentimientos. He escuchado personalmente el dolor y la angustia de los padres de familia y les he compartido los esfuerzos emprendidos para conocer la verdad de los hechos\u00bb, expuso.<\/p>\n<p>\u201cEn su momento, dada la complicidad de las autoridades municipales con la delincuencia organizada y la debilidad institucional del gobierno de Guerrero, orden\u00e9 al Gabinete de Seguridad apoyar a las autoridades estatales en la localizaci\u00f3n de los j\u00f3venes y en las investigaciones de los hechos\u201d, refiri\u00f3 el mandatario.<\/p>\n<p>El titular del poder Ejecutivo federal reconoci\u00f3 que por obligaci\u00f3n y convicci\u00f3n, el Gobierno de la Rep\u00fablica despleg\u00f3 un amplio operativo y as\u00ed lo sigue realizando, \u00abhaciendo uso de todos los medios y capacidades materiales del Estado\u00bb.<\/p>\n<p>El resultado de esos esfuerzos institucionales son los que este viernes ha informado el titular de la Procuradur\u00eda General de la Rep\u00fablica (PGR), Jes\u00fas Murillo Karam, en torno a los hechos ocurridos los d\u00edas 26 y 27 de septiembre en Iguala, Guerrero.<\/p>\n<p>El presidente Pe\u00f1a extern\u00f3 a los padres de familia de los normalistas su solidaridad y el total respaldo de su administraci\u00f3n.<\/p>\n<p>\u00abLas investigaciones ser\u00e1n llevadas hasta las \u00faltimas consecuencias. Todos los culpables ser\u00e1n castigados en el marco de la ley \u00ab, sentenci\u00f3.<\/p>\n<p>Para hacer justicia y lograr un M\u00e9xico en paz, el Gobierno de la Rep\u00fablica seguir\u00e1 actuando con decisi\u00f3n y firmeza contra el crimen organizado, advirti\u00f3 el primer mandatario.<\/p>\n<p>Sobre los hallazgos presentados, enfatiz\u00f3 que indignan y agravian a toda la sociedad mexicana.<\/p>\n<p>\u00abCon firme determinaci\u00f3n, el Gobierno de la Rep\u00fablica mantendr\u00e1 los esfuerzos para el total esclarecimiento de los hechos\u00bb. No basta con la captura de los autores intelectuales, \u00abdetendremos a todos los que participaron en estos cr\u00edmenes abominables\u00bb, sostuvo el presidente Pe\u00f1a.<\/p>\n<p>A los padres de familia de los j\u00f3venes desaparecidos y a la sociedad en su conjunto, el presidente les asegur\u00f3 \u201cque no cejaremos hasta que se haga justicia\u00bb.<\/p>\n<p>Los acontecimientos en Iguala \u00abnos han indignado y conmovido a todos, han despertado la solidaridad de los mexicanos con los familiares de los j\u00f3venes normalistas\u00bb.<\/p>\n<p>El presidente de la Rep\u00fablica se disculp\u00f3 con los empresarios por no acompa\u00f1arlos en su comida anual, por estar \u00abatendiendo a lo que, sin duda, ha sido un momento dif\u00edcil para toda la naci\u00f3n de consternaci\u00f3n y de indignaci\u00f3n\u00bb.<\/p>\n","protected":false},"excerpt":{"rendered":"<p>El Gobierno de la Rep\u00fablica no cejar\u00e1 hasta hacer justicia en el marco de la ley en la desaparici\u00f3n de los normalistas de Ayotzinapa, reiter\u00f3 el presidente Enrique Pe\u00f1a Nieto, quien adem\u00e1s comparti\u00f3 la consternaci\u00f3n e indignaci\u00f3n de la sociedad mexicana con los hechos.<\/p>\n","protected":false},"author":1,"featured_media":195864,"comment_status":"open","ping_status":"open","sticky":false,"template":"","format":"standard","meta":{"_monsterinsights_skip_tracking":false,"_monsterinsights_sitenote_active":false,"_monsterinsights_sitenote_note":"","_monsterinsights_sitenote_category":0,"footnotes":""},"categories":[3],"tags":[21346,18,43673],"class_list":["post-195860","post","type-post","status-publish","format-standard","has-post-thumbnail","hentry","category-nacional","tag-ayotzinapa","tag-enrique-pena-nieto","tag-nacional"],"_links":{"self":[{"href":"https:\/\/www.diarioimagen.net\/index.php?rest_route=\/wp\/v2\/posts\/195860","targetHints":{"allow":["GET"]}}],"collection":[{"href":"https:\/\/www.diarioimagen.net\/index.php?rest_route=\/wp\/v2\/posts"}],"about":[{"href":"https:\/\/www.diarioimagen.net\/index.php?rest_route=\/wp\/v2\/types\/post"}],"author":[{"embeddable":true,"href":"https:\/\/www.diarioimagen.net\/index.php?rest_route=\/wp\/v2\/users\/1"}],"replies":[{"embeddable":true,"href":"https:\/\/www.diarioimagen.net\/index.php?rest_route=%2Fwp%2Fv2%2Fcomments&post=195860"}],"version-history":[{"count":0,"href":"https:\/\/www.diarioimagen.net\/index.php?rest_route=\/wp\/v2\/posts\/195860\/revisions"}],"wp:featuredmedia":[{"embeddable":true,"href":"https:\/\/www.diarioimagen.net\/index.php?rest_route=\/wp\/v2\/media\/195864"}],"wp:attachment":[{"href":"https:\/\/www.diarioimagen.net\/index.php?rest_route=%2Fwp%2Fv2%2Fmedia&parent=195860"}],"wp:term":[{"taxonomy":"category","embeddable":true,"href":"https:\/\/www.diarioimagen.net\/index.php?rest_route=%2Fwp%2Fv2%2Fcategories&post=195860"},{"taxonomy":"post_tag","embeddable":true,"href":"https:\/\/www.diarioimagen.net\/index.php?rest_route=%2Fwp%2Fv2%2Ftags&post=195860"}],"curies":[{"name":"wp","href":"https:\/\/api.w.org\/{rel}","templated":true}]}}