{"id":195940,"date":"2014-11-10T00:02:45","date_gmt":"2014-11-10T06:02:45","guid":{"rendered":"http:\/\/www.diarioimagen.net\/?p=195940"},"modified":"2014-11-11T03:25:08","modified_gmt":"2014-11-11T09:25:08","slug":"anuncian-normalistas-que-intensificaran-sus-protestas","status":"publish","type":"post","link":"https:\/\/www.diarioimagen.net\/?p=195940","title":{"rendered":"Anuncian normalistas que intensificar\u00e1n sus protestas"},"content":{"rendered":"<ul>\n<li><strong><em>En Guerrero<\/em><\/strong><\/li>\n<\/ul>\n<div id=\"attachment_196021\" style=\"width: 250px\" class=\"wp-caption alignleft\"><a href=\"http:\/\/www.diarioimagen.net\/wp-content\/uploads\/2014\/11\/normalistas-2482.jpg\"><img loading=\"lazy\" decoding=\"async\" aria-describedby=\"caption-attachment-196021\" class=\"size-medium wp-image-196021\" src=\"http:\/\/www.diarioimagen.net\/wp-content\/uploads\/2014\/11\/normalistas-2482-240x135.jpg\" alt=\"Lo que queda del estudiantado de la Normal Rural de Ayotzinapa, anunciaron que endurecer\u00e1n su lucha por el esclarecimiento total del crimen de sus compa\u00f1eros.\" width=\"240\" height=\"135\" srcset=\"https:\/\/www.diarioimagen.net\/wp-content\/uploads\/2014\/11\/normalistas-2482-240x135.jpg 240w, https:\/\/www.diarioimagen.net\/wp-content\/uploads\/2014\/11\/normalistas-2482-420x236.jpg 420w, https:\/\/www.diarioimagen.net\/wp-content\/uploads\/2014\/11\/normalistas-2482-235x132.jpg 235w, https:\/\/www.diarioimagen.net\/wp-content\/uploads\/2014\/11\/normalistas-2482-202x114.jpg 202w, https:\/\/www.diarioimagen.net\/wp-content\/uploads\/2014\/11\/normalistas-2482-350x196.jpg 350w, https:\/\/www.diarioimagen.net\/wp-content\/uploads\/2014\/11\/normalistas-2482-220x123.jpg 220w, https:\/\/www.diarioimagen.net\/wp-content\/uploads\/2014\/11\/normalistas-2482-237x132.jpg 237w, https:\/\/www.diarioimagen.net\/wp-content\/uploads\/2014\/11\/normalistas-2482.jpg 480w\" sizes=\"auto, (max-width: 240px) 100vw, 240px\" \/><\/a><p id=\"caption-attachment-196021\" class=\"wp-caption-text\">Lo que queda del estudiantado de la Normal Rural de Ayotzinapa, anunciaron que endurecer\u00e1n su lucha por el esclarecimiento total del crimen de sus compa\u00f1eros.<\/p><\/div>\n<p>Estudiantes de la Normal Rural de Ayotzinapa anunciaron que intensificar\u00e1n su jornada de protestas en Chilpancingo, Guerrero. De hecho, bloquearon la Autopista del Sol justo en la entrada de la ciudad.<\/p>\n<p>Tienen el rostro cubierto. Los normalistas detienen autobuses en la autopista y les extraen combustible para llenar unos tambos y despu\u00e9s dejan ir a las unidades.<\/p>\n<p>El s\u00e1bado quemaron m\u00e1s de una docena de veh\u00edculos frente al Palacio de Gobierno de Chilpancingo, en protesta por la desaparici\u00f3n de sus 43 compa\u00f1eros desde el 26 de septiembre.<\/p>\n<p>En tanto, la \u201cCaravana 43&#215;43 Ni un muerto m\u00e1s\u201d que sali\u00f3 de Iguala, Guerrero, el 3 de noviembre y recorri\u00f3 195 kil\u00f3metros, lleg\u00f3 al Z\u00f3calo de la ciudad de M\u00e9xico.<\/p>\n<p>Uno de sus voceros Jos\u00e9 Alcaraz pidi\u00f3 al gobierno que cumpla con su responsabilidad para que no se les orille a hacer uso de la violencia. \u201cNo nos obliguen a usar la violencia, nos deben de garantizar la seguridad y cumplir con su responsabilidad constitucional mandatada por el pa\u00eds\u201d, dijo.<\/p>\n<p>El movimiento anunci\u00f3 que formar\u00e1 un registro nacional de desaparecidos ya que al menos existen 28 mil personas que no han sido localizadas por sus familiares. Anticip\u00f3 que sus siguientes protestas ser\u00e1n pac\u00edficas, pero contundentes, para exigir la aparici\u00f3n de los normalistas de Ayotzinapa y pidieron a la sociedad participar de manera m\u00e1s activa y no s\u00f3lo con muestras de apoyo por a trav\u00e9s de redes sociales.<\/p>\n","protected":false},"excerpt":{"rendered":"<p>Estudiantes de la Normal Rural de Ayotzinapa anunciaron que intensificar\u00e1n su jornada de protestas en Chilpancingo, Guerrero. De hecho, bloquearon la Autopista del Sol justo en la entrada de la ciudad.<\/p>\n","protected":false},"author":3,"featured_media":196021,"comment_status":"open","ping_status":"open","sticky":false,"template":"","format":"standard","meta":{"_monsterinsights_skip_tracking":false,"_monsterinsights_sitenote_active":false,"_monsterinsights_sitenote_note":"","_monsterinsights_sitenote_category":0,"footnotes":""},"categories":[3],"tags":[3244,24270,21373,28472],"class_list":["post-195940","post","type-post","status-publish","format-standard","has-post-thumbnail","hentry","category-nacional","tag-guerrero","tag-nacioonal","tag-normalistas","tag-protestas"],"_links":{"self":[{"href":"https:\/\/www.diarioimagen.net\/index.php?rest_route=\/wp\/v2\/posts\/195940","targetHints":{"allow":["GET"]}}],"collection":[{"href":"https:\/\/www.diarioimagen.net\/index.php?rest_route=\/wp\/v2\/posts"}],"about":[{"href":"https:\/\/www.diarioimagen.net\/index.php?rest_route=\/wp\/v2\/types\/post"}],"author":[{"embeddable":true,"href":"https:\/\/www.diarioimagen.net\/index.php?rest_route=\/wp\/v2\/users\/3"}],"replies":[{"embeddable":true,"href":"https:\/\/www.diarioimagen.net\/index.php?rest_route=%2Fwp%2Fv2%2Fcomments&post=195940"}],"version-history":[{"count":0,"href":"https:\/\/www.diarioimagen.net\/index.php?rest_route=\/wp\/v2\/posts\/195940\/revisions"}],"wp:featuredmedia":[{"embeddable":true,"href":"https:\/\/www.diarioimagen.net\/index.php?rest_route=\/wp\/v2\/media\/196021"}],"wp:attachment":[{"href":"https:\/\/www.diarioimagen.net\/index.php?rest_route=%2Fwp%2Fv2%2Fmedia&parent=195940"}],"wp:term":[{"taxonomy":"category","embeddable":true,"href":"https:\/\/www.diarioimagen.net\/index.php?rest_route=%2Fwp%2Fv2%2Fcategories&post=195940"},{"taxonomy":"post_tag","embeddable":true,"href":"https:\/\/www.diarioimagen.net\/index.php?rest_route=%2Fwp%2Fv2%2Ftags&post=195940"}],"curies":[{"name":"wp","href":"https:\/\/api.w.org\/{rel}","templated":true}]}}