{"id":195951,"date":"2014-11-10T00:04:20","date_gmt":"2014-11-10T06:04:20","guid":{"rendered":"http:\/\/www.diarioimagen.net\/?p=195951"},"modified":"2014-11-10T03:13:18","modified_gmt":"2014-11-10T09:13:18","slug":"34-anos-por-una-vivienda-digna","status":"publish","type":"post","link":"https:\/\/www.diarioimagen.net\/?p=195951","title":{"rendered":"34 a\u00f1os por una vivienda digna"},"content":{"rendered":"<h2>Detr\u00e1s del Poder<\/h2>\n<h5>Jos\u00e9 Antonio L\u00f3pez Sosa<\/h5>\n<p>&nbsp;<\/p>\n<p>Ma\u00f1ana 11 de noviembre, se cumplen 34 a\u00f1os que iniciara una de las luchas sociales por vivienda digna m\u00e1s complejas de la ciudad de M\u00e9xico, as\u00ed naci\u00f3 La Angostura. A.C.<\/p>\n<p>Las acciones emprendidas desde que el liderazgo de Rosa Mar\u00eda Ayala dirige los rumbos de m\u00e1s de 11 mil familias, han demostrado que la lucha en las calles tiene un sentido claro y que a trav\u00e9s de la concientizaci\u00f3n de la gente, se pueden cumplir los objetivos sociales sin necesidad de saquear o invadir.<\/p>\n<p>El predio La Angostura se ubica en la parte sur de la delegaci\u00f3n \u00c1lvaro Obreg\u00f3n, una larga historia de abusos de autoridad y empresarios trataron de despojar a los leg\u00edtimos due\u00f1os de estos terrenos durante d\u00e9cadas, la lucha de Rosa Mar\u00eda Ayala y sus colonos lograron que en a\u00f1o 2010 el gobierno de la ciudad expidiera el decreto de expropiaci\u00f3n en favor de estas familias.<\/p>\n<p>Actualmente, su programa de vivienda digna est\u00e1 en expansi\u00f3n y hay 2 mil nuevos asociados que a trav\u00e9s del ahorro y de voluntad tendr\u00e1n en breve su vivienda digna.<\/p>\n<p>Ayer se conmemor\u00f3 el aniversario, acudieron acompa\u00f1ando a Rosa Mar\u00eda Ayala el jefe delegacional en \u00c1lvaro Obreg\u00f3n, Leonel Luna, tambi\u00e9n el diputado federal Carlos Reyes G\u00e1miz, as\u00ed como otros funcionarios y legisladores tanto federales como locales, mismos que reconocieron el liderazgo de Rosa Mar\u00eda Ayala y la labor de todos los vecinos por conformar esta asociaci\u00f3n y por ir creando espacios urbanos para todos.<\/p>\n<p>En La Angostura lo propios colonos financian sus programas sociales, no esperan con la mano estirada para que el gobierno les cumpla, as\u00ed han pagado su electrificaci\u00f3n, su red de agua y drenaje, la pavimentaci\u00f3n de sus calles e incluso los espacios p\u00fablicos como jardines, una granja interactiva, una escuela y diversas infraestructuras urbanas que el gobierno hubiese tenido que hacer.<\/p>\n<p>Dentro de los programas sociales en La Angostura est\u00e1 la Casa del Ni\u00f1o Maltratado, la atenci\u00f3n psicol\u00f3gica, m\u00e9dica y dental, la asesor\u00eda jur\u00eddica, la regularizaci\u00f3n de ni\u00f1os, todo de forma gratuita no s\u00f3lo para los propios vecinos, sino para la gente de los alrededores.<\/p>\n<p>M\u00e1s de una decena de escuelas han sido beneficiadas por La Angostura, les han pintado, cambiado bebederos, equipado, en fin, los mismos vecinos han financiado estas acciones porque de acuerdo a la visi\u00f3n de Rosa Mar\u00eda Ayala, una vivienda digna no s\u00f3lo es dentro sino fuera de la casa, en la colonia y en las calles.<\/p>\n<p>Rosa Mar\u00eda Ayala representa uno de los m\u00e1s fuertes liderazgos sociales, no nos debe extra\u00f1ar que en poco tiempo se convierta en uno de los genuinos liderazgos pol\u00edticos no s\u00f3lo de la regi\u00f3n de \u00c1lvaro Obreg\u00f3n, sino de la ciudad entera.<\/p>\n<p><em><a href=\"mailto:lopez.sosa@mexico.com\" target=\"_blank\">lopez.sosa@mexico.com<\/a><\/em><br \/>\n<em><a href=\"http:\/\/twitter.com\/#%21\/joseantonio1977\" target=\"_blank\">@joseantonio1977<br \/>\n<\/a><a href=\"http:\/\/www.formulaconfidencial.com.mx\/\" target=\"_blank\">www.formulaconfidencial.com.mx<\/a><\/em><\/p>\n","protected":false},"excerpt":{"rendered":"<p><span style=\"color: #005497;\"><strong>Jos\u00e9 Antonio L\u00f3pez Sosa<\/strong><\/span><\/p>\n","protected":false},"author":3,"featured_media":0,"comment_status":"open","ping_status":"open","sticky":false,"template":"","format":"standard","meta":{"_monsterinsights_skip_tracking":false,"_monsterinsights_sitenote_active":false,"_monsterinsights_sitenote_note":"","_monsterinsights_sitenote_category":0,"footnotes":""},"categories":[637],"tags":[638,43690,43674],"class_list":["post-195951","post","type-post","status-publish","format-standard","hentry","category-jose-antonio-lopez-sosa","tag-detras-del-poder","tag-jose-antonio-lopez-sosa","tag-opinion"],"_links":{"self":[{"href":"https:\/\/www.diarioimagen.net\/index.php?rest_route=\/wp\/v2\/posts\/195951","targetHints":{"allow":["GET"]}}],"collection":[{"href":"https:\/\/www.diarioimagen.net\/index.php?rest_route=\/wp\/v2\/posts"}],"about":[{"href":"https:\/\/www.diarioimagen.net\/index.php?rest_route=\/wp\/v2\/types\/post"}],"author":[{"embeddable":true,"href":"https:\/\/www.diarioimagen.net\/index.php?rest_route=\/wp\/v2\/users\/3"}],"replies":[{"embeddable":true,"href":"https:\/\/www.diarioimagen.net\/index.php?rest_route=%2Fwp%2Fv2%2Fcomments&post=195951"}],"version-history":[{"count":0,"href":"https:\/\/www.diarioimagen.net\/index.php?rest_route=\/wp\/v2\/posts\/195951\/revisions"}],"wp:attachment":[{"href":"https:\/\/www.diarioimagen.net\/index.php?rest_route=%2Fwp%2Fv2%2Fmedia&parent=195951"}],"wp:term":[{"taxonomy":"category","embeddable":true,"href":"https:\/\/www.diarioimagen.net\/index.php?rest_route=%2Fwp%2Fv2%2Fcategories&post=195951"},{"taxonomy":"post_tag","embeddable":true,"href":"https:\/\/www.diarioimagen.net\/index.php?rest_route=%2Fwp%2Fv2%2Ftags&post=195951"}],"curies":[{"name":"wp","href":"https:\/\/api.w.org\/{rel}","templated":true}]}}