{"id":196206,"date":"2014-11-11T12:36:50","date_gmt":"2014-11-11T18:36:50","guid":{"rendered":"http:\/\/www.diarioimagen.net\/?p=196206"},"modified":"2014-11-12T02:56:17","modified_gmt":"2014-11-12T08:56:17","slug":"ciudadanos-toman-la-sede-alterna-del-cabildo-de-iguala","status":"publish","type":"post","link":"https:\/\/www.diarioimagen.net\/?p=196206","title":{"rendered":"Ciudadanos toman la sede alterna del cabildo de Iguala"},"content":{"rendered":"<ul>\n<li><em><strong>Pretenden evitar que se designe un nuevo presidente municipal. Proponen que sea un concejo ciudadano el que gobierne<\/strong><\/em><\/li>\n<\/ul>\n<div id=\"attachment_196207\" style=\"width: 250px\" class=\"wp-caption alignleft\"><img loading=\"lazy\" decoding=\"async\" aria-describedby=\"caption-attachment-196207\" class=\"size-medium wp-image-196207\" src=\"http:\/\/www.diarioimagen.net\/wp-content\/uploads\/2014\/11\/SEDE-PORTAL-240x135.jpg\" alt=\"Los ciudadanos advirtieron que no aceptar\u00e1n ninguna propuesta del Ejecutivo estatal para nombrar a un alcalde interino. \" width=\"240\" height=\"135\" srcset=\"https:\/\/www.diarioimagen.net\/wp-content\/uploads\/2014\/11\/SEDE-PORTAL-240x135.jpg 240w, https:\/\/www.diarioimagen.net\/wp-content\/uploads\/2014\/11\/SEDE-PORTAL-420x236.jpg 420w, https:\/\/www.diarioimagen.net\/wp-content\/uploads\/2014\/11\/SEDE-PORTAL-235x132.jpg 235w, https:\/\/www.diarioimagen.net\/wp-content\/uploads\/2014\/11\/SEDE-PORTAL-202x114.jpg 202w, https:\/\/www.diarioimagen.net\/wp-content\/uploads\/2014\/11\/SEDE-PORTAL-350x196.jpg 350w, https:\/\/www.diarioimagen.net\/wp-content\/uploads\/2014\/11\/SEDE-PORTAL-220x123.jpg 220w, https:\/\/www.diarioimagen.net\/wp-content\/uploads\/2014\/11\/SEDE-PORTAL-237x132.jpg 237w, https:\/\/www.diarioimagen.net\/wp-content\/uploads\/2014\/11\/SEDE-PORTAL.jpg 480w\" sizes=\"auto, (max-width: 240px) 100vw, 240px\" \/><p id=\"caption-attachment-196207\" class=\"wp-caption-text\">Los ciudadanos advirtieron que no aceptar\u00e1n ninguna propuesta del Ejecutivo estatal para nombrar a un alcalde interino.<\/p><\/div>\n<p>IGUALA, Guerrero.- Integrantes del Consejo Ciudadano Iguala por la Justicia y la Paz clausuraron simb\u00f3licamente el Centro Cultural \u201cLa P\u00e9rgola\u201d, que es utilizado por el cabildo municipal para sesionar como sede alterna, luego de que el Palacio Municipal fue destruido.<\/p>\n<p>Cabe recordar que el pasado lunes los ciudadanos agrupados en esta organizaci\u00f3n ofrecieron una conferencia de prensa para desconocer al cabildo y exigir la instalaci\u00f3n inmediata de un concejo ciudadano, que culmine el periodo de gobierno 2012-2015 iniciado por Jos\u00e9 Luis Abarca Vel\u00e1zquez.<\/p>\n<p>Tras fijar su postura, los ciudadanos advirtieron que no aceptar\u00e1n ninguna propuesta del Ejecutivo estatal para nombrar a un alcalde interino, pero en la noche del lunes se confirm\u00f3 que ya hab\u00eda una terna que el Poder Legislativo analizar\u00e1 y discutir\u00e1 este martes.<\/p>\n<p>Por este motivo, decidieron tomar la sede que ha sido utilizada por el cabildo como sala de sesiones. Fue cerca de las 11:00 de la noche del lunes cuando arrib\u00f3 un grupo de ciudadanos y coloc\u00f3 calcoman\u00edas de clausura en las puertas a este inmueble.<\/p>\n<p>Desde las 7:30 de la ma\u00f1ana de este martes, los integrantes del Consejo Ciudadano forman una valla humana alrededor de este lugar, con el fin de evitar que sesione el cabildo y contin\u00fae el tr\u00e1mite para la selecci\u00f3n de un nuevo presidente municipal.<\/p>\n","protected":false},"excerpt":{"rendered":"<p>Integrantes del Consejo Ciudadano Iguala por la Justicia y la Paz clausuraron simb\u00f3licamente el Centro Cultural \u201cLa P\u00e9rgola\u201d, que es utilizado por el cabildo municipal para sesionar como sede alterna, luego de que el Palacio Municipal fue destruido.<\/p>\n","protected":false},"author":5,"featured_media":196207,"comment_status":"open","ping_status":"open","sticky":false,"template":"","format":"standard","meta":{"_monsterinsights_skip_tracking":false,"_monsterinsights_sitenote_active":false,"_monsterinsights_sitenote_note":"","_monsterinsights_sitenote_category":0,"footnotes":""},"categories":[17,3],"tags":[],"class_list":["post-196206","post","type-post","status-publish","format-standard","has-post-thumbnail","hentry","category-especiales","category-nacional"],"_links":{"self":[{"href":"https:\/\/www.diarioimagen.net\/index.php?rest_route=\/wp\/v2\/posts\/196206","targetHints":{"allow":["GET"]}}],"collection":[{"href":"https:\/\/www.diarioimagen.net\/index.php?rest_route=\/wp\/v2\/posts"}],"about":[{"href":"https:\/\/www.diarioimagen.net\/index.php?rest_route=\/wp\/v2\/types\/post"}],"author":[{"embeddable":true,"href":"https:\/\/www.diarioimagen.net\/index.php?rest_route=\/wp\/v2\/users\/5"}],"replies":[{"embeddable":true,"href":"https:\/\/www.diarioimagen.net\/index.php?rest_route=%2Fwp%2Fv2%2Fcomments&post=196206"}],"version-history":[{"count":0,"href":"https:\/\/www.diarioimagen.net\/index.php?rest_route=\/wp\/v2\/posts\/196206\/revisions"}],"wp:featuredmedia":[{"embeddable":true,"href":"https:\/\/www.diarioimagen.net\/index.php?rest_route=\/wp\/v2\/media\/196207"}],"wp:attachment":[{"href":"https:\/\/www.diarioimagen.net\/index.php?rest_route=%2Fwp%2Fv2%2Fmedia&parent=196206"}],"wp:term":[{"taxonomy":"category","embeddable":true,"href":"https:\/\/www.diarioimagen.net\/index.php?rest_route=%2Fwp%2Fv2%2Fcategories&post=196206"},{"taxonomy":"post_tag","embeddable":true,"href":"https:\/\/www.diarioimagen.net\/index.php?rest_route=%2Fwp%2Fv2%2Ftags&post=196206"}],"curies":[{"name":"wp","href":"https:\/\/api.w.org\/{rel}","templated":true}]}}